{"id":28076,"date":"2021-08-27T17:21:08","date_gmt":"2021-08-27T15:21:08","guid":{"rendered":"http:\/\/centralmedia.rs\/?p=28076"},"modified":"2022-01-04T18:09:15","modified_gmt":"2022-01-04T17:09:15","slug":"palma-istina-je-konacno-videla-svetlost-dana-politickim-smecem-siledzijama-kriminalcima-lazovima-prevarantima-na-cijem-je-celu-dragan-dilas-cu-se-baviti-kada-se-sa-poljoprivrednicima-vratim-iz","status":"publish","type":"post","link":"https:\/\/centralmedia.rs\/index.php\/2021\/08\/27\/palma-istina-je-konacno-videla-svetlost-dana-politickim-smecem-siledzijama-kriminalcima-lazovima-prevarantima-na-cijem-je-celu-dragan-dilas-cu-se-baviti-kada-se-sa-poljoprivrednicima-vratim-iz\/","title":{"rendered":"PALMA: ISTINA JE KONA\u010cNO VIDELA SVETLOST DANA. POLITI\u010cKIM SME\u0106EM, SILED\u017eIJAMA, KRIMINALCIMA , LA\u017dOVIMA , PREVARANTIMA NA \u010cIJEM JE \u010cELU DRAGAN \u0110ILAS \u0106U SE BAVITI KADA SE SA POLjOPRIVREDNICIMA VRATIM IZ PARALIJE U KOJU IH VODIM"},"content":{"rendered":"<p>JAGODINA-Danas je Vi\u0161e tu\u017eila\u0161tvo u Kraljevu dalo saop\u0161tenje u kome se navodi da nema elemenata za pokretanje istra\u017enog postupka protiv Dragana Markovi\u0107a Palme. Dragan Markovi\u0107 Palma koji je sve vreme govorio da je ovo kampanja la\u017ei orkestrirana od strane Dragana \u0110ilasa, koju su sprovodili zaposlenici u njegovoj kompaniji predvo\u0111eni Marinikom Tepi\u0107. Reaguju\u0107i na saop\u0161tenje Vi\u0161eg javnog tu\u017eila\u0161tva u Kraljevu Dragan Markovi\u0107 Palma je rekao<\/p>\n<p>&#8221; Politi\u010dko sme\u0107e, siled\u017eije la\u017eovi, prevaranti, kriminalci poku\u0161ali su da svojim la\u017eima da lin\u010duju ne samo mene, ve\u0107 i Jedinstvenu Srbiju, Jagodinu, moje koalicione partnere, i izblate \u010ditavu Srbiju.<\/p>\n<p>Od po\u010detka je bilo jasno da bezo\u010dno la\u017eu. Samo slep i gluv je mogao da ne vidi \u010dinjenice i istinu, jer naravno da ni\u0161ta od onoga \u0161to su lagali nije se desilo. Sada se vidi za\u0161to su izbegavali moj poziv na poligraf i i da biraju televiziju za TV duel.<\/p>\n<p>Ja moram da postavim pitanje Branislavu Radosavljevi\u0107u, la\u017enom svedoku, kriminalcu i funkcioneru \u0110ilasove stranke.<\/p>\n<p>\u0160ta \u0107emo sada Branislave, ovo \u0161to si uradio nije bila obi\u010dna kra\u0111a automobila. Poku\u0161ao si da ukrade\u0161 \u017eivot svojim la\u017eima ne samo meni, poku\u0161ao si da ukrade\u0161 \u017eivot svim \u010dlanovima Jedinstvene Srbije, mojim jagodincima, poku\u0161ao si svojim la\u017eima da ukrade\u0161 \u017eivot gra\u0111anima Srbije. \u0160ta ka\u017ee\u0161 Branislave kolika zakonska kazna je dovoljna za ovo \u0161to si uradio.<\/p>\n<p>Moram da postavim pitanje i Mariniki Tepi\u0107 radnici zaposlenoj u kompaniji Dragana \u0110ilasa i glavnom izvr\u0161iocu ove najprljavije politi\u010dke kampanje.<\/p>\n<p>Kolika je plata koju dobija\u0161 od Dragana \u0110ilasa, siled\u017eije koji je tukao pred decom tasta i \u017eenu a da za to nije krivi\u010dno odgovarao, koja dovoljna da te ne grize savest \u0161to si pod pla\u0161tom borbe za prava \u017eena oblatila i obrukala sve \u017eene zaposlene u Javnom sektoru u Jagodini, \u0161to si poku\u0161ala la\u017eima da stavi\u0161 ve\u010diti \u017eig meni, saradnicima, prijateljima. Kolika je plata dovoljna da te ne grize savest \u0161to si \u010ditav narod proglasila genocidnim, \u0161to izmi\u0161lja\u0161, blati\u0161 zemlju koja ti je dala sve a kojoj vra\u0107a\u0161 na najgori mogu\u0107i na\u010din. I da li misli\u0161 da svojim la\u017eima, izmi\u0161ljanjem afera, bla\u0107enjem svih ljudi koji ne misle kao tvoj gazda Dragan \u0110ilas, mo\u017ee\u0161 biti iznad zakona, iznad naroda koji te je prezreo, i iznad dr\u017eave koju tako zdu\u0161no blati\u0161 gde stigne\u0161. Odmah da ti ka\u017eem da nisi i da \u0107u te goniti na sudu do kraja i da nema toliko velike plate koju ti \u0110ilas daje koja \u0107e pokriti sve la\u017ei, zlobu i bruku koju si nanela ne meni nego i Srbiji i njenim gra\u0111anima.<\/p>\n<p>Postavljam pitanje i Sandi Ra\u0161kovi\u0107 Ivi\u0107 da li Hipokratova zakletva koju je dala joj daje za pravo da se kao psihijatar bavi psihi\u010dkim in\u017eenjeringom nacije, igraju\u0107i se sa najtananijim emocijama gra\u0111ana tako \u0161to la\u017ee \u010dim otvori usta. Jer to \u0161to je lagala o meni jeste upravo poigravanje sa najtananijim emocijama gra\u0111ana Srbije. Jer svi smo mi roditelji i svi smo osetljivi na pitanje dece, slabijeg pola. Nisi pogazila samo Hipokratovu zakletvu ve\u0107 i zakletvu datu dr\u017eavi Srbiji da \u0107e\u0161 kao diplomata \u0161tititi interese svoje zemlje. A napravila si diplomatski skandal uvukav\u0161i u svoje la\u017ei i ambasadu Italije i biv\u0161eg po\u010dasnog konzula Srbije u Italiji, gospodina Veraldija koji su morali da demantuju tvoje opake la\u017ei. E pa gospo\u0111o Ivi\u0107 narod sve vidi i sve zna a siguran sam da se i tvoj pokojni otac u grobu prevr\u0107e zbog tvojih nedela.<\/p>\n<p>I na kraju pitam Dragana \u0110ilasa, da li su ti lako ste\u010dene pare toliko svete da ti ni\u0161ta drugo u \u017eivotu nije sveto. Nije ti sveta ni porodica koju si ostavio i kasnije tukao, nije ti sveta dr\u017eava u kojoj si sve zaradio pa je sada pljuje\u0161 kada vi\u0161e ne mo\u017ee\u0161 da je muze\u0161, nisu ti sveti ni gra\u0111ani, koje prezire\u0161 zato \u0161to te ne\u0107e, pa si spreman da pogazi\u0161 svaku njihovu volju. Svete su ti samo pare. Kako mo\u017ee\u0161 mirno da spava\u0161 nakon svih ovih la\u017ei kojima si ti direktno dirigovao.<\/p>\n<p>I ne\u0107u se danas vi\u0161e baviti ovim lopovima, kriminalcima, la\u017eovima, prevarantima i nasilnicima jer radim ne\u0161to lepo za gra\u0111ane Srbije, dovodim 1000 poljoprivrednih proizvo\u0111a\u010da iz 35 gradova iz cele Srbije u Paraliju na 5 dana. A kada se vratim u Srbiju dr\u017ea\u0107u u Beogradu konferenciju za novinare na kojoj \u0107u izneti celu istinu o la\u017eima i namerama ovog politi\u010dkog sme\u0107a &#8221; izjavio je Markovi\u0107.<\/p>\n","protected":false},"excerpt":{"rendered":"<p>JAGODINA-Danas je Vi\u0161e tu\u017eila\u0161tvo u Kraljevu dalo saop\u0161tenje u kome se navodi da nema elemenata za pokretanje istra\u017enog postupka protiv Dragana Markovi\u0107a Palme. Dragan Markovi\u0107 &hellip; <\/p>\n","protected":false},"author":2,"featured_media":28053,"comment_status":"open","ping_status":"open","sticky":false,"template":"","format":"standard","meta":{"footnotes":""},"categories":[1524,2,1514,5643,13,887,12],"tags":[5076,5385,5383,120,5112,5384],"_links":{"self":[{"href":"https:\/\/centralmedia.rs\/index.php\/wp-json\/wp\/v2\/posts\/28076"}],"collection":[{"href":"https:\/\/centralmedia.rs\/index.php\/wp-json\/wp\/v2\/posts"}],"about":[{"href":"https:\/\/centralmedia.rs\/index.php\/wp-json\/wp\/v2\/types\/post"}],"author":[{"embeddable":true,"href":"https:\/\/centralmedia.rs\/index.php\/wp-json\/wp\/v2\/users\/2"}],"replies":[{"embeddable":true,"href":"https:\/\/centralmedia.rs\/index.php\/wp-json\/wp\/v2\/comments?post=28076"}],"version-history":[{"count":1,"href":"https:\/\/centralmedia.rs\/index.php\/wp-json\/wp\/v2\/posts\/28076\/revisions"}],"predecessor-version":[{"id":28077,"href":"https:\/\/centralmedia.rs\/index.php\/wp-json\/wp\/v2\/posts\/28076\/revisions\/28077"}],"wp:featuredmedia":[{"embeddable":true,"href":"https:\/\/centralmedia.rs\/index.php\/wp-json\/wp\/v2\/media\/28053"}],"wp:attachment":[{"href":"https:\/\/centralmedia.rs\/index.php\/wp-json\/wp\/v2\/media?parent=28076"}],"wp:term":[{"taxonomy":"category","embeddable":true,"href":"https:\/\/centralmedia.rs\/index.php\/wp-json\/wp\/v2\/categories?post=28076"},{"taxonomy":"post_tag","embeddable":true,"href":"https:\/\/centralmedia.rs\/index.php\/wp-json\/wp\/v2\/tags?post=28076"}],"curies":[{"name":"wp","href":"https:\/\/api.w.org\/{rel}","templated":true}]}}