{"id":28078,"date":"2021-08-27T17:46:22","date_gmt":"2021-08-27T15:46:22","guid":{"rendered":"http:\/\/centralmedia.rs\/?p=28078"},"modified":"2022-01-04T18:09:07","modified_gmt":"2022-01-04T17:09:07","slug":"tuzilastvo-o-slucaju-palma-nema-dokaza-da-je-bilo-podvodenja-zena-u-jagodini","status":"publish","type":"post","link":"https:\/\/centralmedia.rs\/index.php\/2021\/08\/27\/tuzilastvo-o-slucaju-palma-nema-dokaza-da-je-bilo-podvodenja-zena-u-jagodini\/","title":{"rendered":"TU\u017dILA\u0160TVO O SLU\u010cAJU ,,PALMA&#8221;: Nema dokaza da je bilo podvo\u0111enja \u017eena u Jagodini"},"content":{"rendered":"<p>JAGODINA- Vi\u0161e javno tu\u017eila\u0161tvo u Kraljevu utvrdilo je da za sada nema osnova sumnje i dokaza za pokretanje krivi\u010dnog postupka, zbog navodnog podvo\u0111enja \u017eena u Jagodini, za koje je u aprilu \u010delnike tog grada javno optu\u017eila predsednica Stranke slobode i pravde Marinika Tepi\u0107.<\/p>\n<p>U saop\u0161tenju ovog tu\u017eila\u0161tva, koje je dostavljeno Tanjugu, precizira se da u predmetu formiranom povodom navoda Tepi\u0107eve na konferenciji za novinare od 19. aprila &#8211; da su u prethodnom periodu vi\u0161e \u017eenskih osoba bile \u017ertve podvo\u0111enja od strane slu\u017ebenih lica Gradske uprave Jagodina i da su pojedini politi\u010dari iz Jagodine i Beograda koristili seksualne usluge tih \u017eena, nakon izvr\u0161enih provera preko MUP-a, za sada nema mesta pokretanju krivi\u010dnog postupka povodom tih doga\u0111aja, odnosno da za sada nema dokaza na osnovu kojih bi se pokrenuo postupak.<\/p>\n<p>U tom smislu sa\u010dinjena je odgovaraju\u0107a javnotu\u017eila\u010dka odluka, napominje se u saop\u0161tenju.<\/p>\n<p>Tu\u017eila\u0161tvo podse\u0107a da su u toku provera, prikupljena obave\u0161tenja od 30 gra\u0111ana na koje je Tepi\u0107 ukazala u svojim izjavama datim u tu\u017eila\u0161tvu i pred organima gonjenja, a za koje se smatralo da imaju neposredna saznanja o krivi\u010dnom delu i u\u010diniocima ili da su koristili seksualne usluge navedenih \u017eenskih osoba, odnosno da su u\u010destvovala u njihovom podvo\u0111enju.<\/p>\n<p>Ti gra\u0111ani su negirali da imaju bilo kakva saznanja i bilo kakvu vezu sa tim doga\u0111ajem, napominje tu\u017eila\u0161tvo.<\/p>\n<p>&#8211; S ozbirom na navedeno ovo tu\u017eila\u0161tvo prilikom prikupljanja potrebnih obave\u0161tenja nije utvrdilo postojanje osnova sumnje i dokaze za pokretanje krivi\u010dnog postupka protiv bilo kog lica, za bilo koje krivi\u010dno, za koje se gonjenje preduzima po slu\u017ebenoj du\u017enosti ili na osnovu \u010dega bi preduzelo druge dokazne radnje &#8211; napominje se u saop\u0161tenju.<\/p>\n<p>Tako\u0111e se ukazuje da ova odluka nema svojstvo presu\u0111enne stvari i da svaki gra\u0111anin, uklju\u010duju\u0107i lica koja su eventualno \u017ertve podvo\u0111enja u Jagodini, mogu podneti javnom tu\u017eila\u0161tvu krivi\u010dnu prijavu protiv odre\u0111enih lica, za odre\u0111eno krivi\u010dno, delo uz navo\u0111enje dokaza koji su im poznati, a vezani za konkretni krivi\u010dno pravni doga\u0111aj.<\/p>\n<p>Vi\u0161e javno tu\u017eila\u0161tvo u Kraljevu preuzelo je slu\u010daj Tepi\u0107 &#8211; Markovi\u0107 od Vi\u0161eg javnog tu\u017eila\u0161tva u Jagodini, po odluci Apelacionog javnog tu\u017eila\u0161tva u Kragujevcu.<\/p>\n<p>Ovu odluku Apelaciono tu\u017eila\u0161tvo je donelo, odlu\u010duju\u0107i po predlogu za supstituciju Vi\u0161eg javnog tu\u017eila\u0161tva u Jagodini, koje je formiralo ovaj predmet na osnovu medijskih izve\u0161taja a potom nalo\u017eilo policiji da prikupi sva potrebna obave\u0161tenja radi dono\u0161enja javno-tu\u017eila\u010dke odluke.<\/p>\n<p>&nbsp;<\/p>\n","protected":false},"excerpt":{"rendered":"<p>JAGODINA- Vi\u0161e javno tu\u017eila\u0161tvo u Kraljevu utvrdilo je da za sada nema osnova sumnje i dokaza za pokretanje krivi\u010dnog postupka, zbog navodnog podvo\u0111enja \u017eena u &hellip; <\/p>\n","protected":false},"author":2,"featured_media":28079,"comment_status":"open","ping_status":"open","sticky":false,"template":"","format":"standard","meta":{"footnotes":""},"categories":[1524,20,2,1514,5643,887,12],"tags":[1509,5386,120,1046],"_links":{"self":[{"href":"https:\/\/centralmedia.rs\/index.php\/wp-json\/wp\/v2\/posts\/28078"}],"collection":[{"href":"https:\/\/centralmedia.rs\/index.php\/wp-json\/wp\/v2\/posts"}],"about":[{"href":"https:\/\/centralmedia.rs\/index.php\/wp-json\/wp\/v2\/types\/post"}],"author":[{"embeddable":true,"href":"https:\/\/centralmedia.rs\/index.php\/wp-json\/wp\/v2\/users\/2"}],"replies":[{"embeddable":true,"href":"https:\/\/centralmedia.rs\/index.php\/wp-json\/wp\/v2\/comments?post=28078"}],"version-history":[{"count":1,"href":"https:\/\/centralmedia.rs\/index.php\/wp-json\/wp\/v2\/posts\/28078\/revisions"}],"predecessor-version":[{"id":28080,"href":"https:\/\/centralmedia.rs\/index.php\/wp-json\/wp\/v2\/posts\/28078\/revisions\/28080"}],"wp:featuredmedia":[{"embeddable":true,"href":"https:\/\/centralmedia.rs\/index.php\/wp-json\/wp\/v2\/media\/28079"}],"wp:attachment":[{"href":"https:\/\/centralmedia.rs\/index.php\/wp-json\/wp\/v2\/media?parent=28078"}],"wp:term":[{"taxonomy":"category","embeddable":true,"href":"https:\/\/centralmedia.rs\/index.php\/wp-json\/wp\/v2\/categories?post=28078"},{"taxonomy":"post_tag","embeddable":true,"href":"https:\/\/centralmedia.rs\/index.php\/wp-json\/wp\/v2\/tags?post=28078"}],"curies":[{"name":"wp","href":"https:\/\/api.w.org\/{rel}","templated":true}]}}