{"id":28082,"date":"2021-08-27T18:58:55","date_gmt":"2021-08-27T16:58:55","guid":{"rendered":"http:\/\/centralmedia.rs\/?p=28082"},"modified":"2022-01-04T18:08:57","modified_gmt":"2022-01-04T17:08:57","slug":"letnja-skola-upotreba-grafickih-romana-u-nastavi-engleskog-jezika-na-fakultetu-pedagoskih-nauka-u-jagodini","status":"publish","type":"post","link":"https:\/\/centralmedia.rs\/index.php\/2021\/08\/27\/letnja-skola-upotreba-grafickih-romana-u-nastavi-engleskog-jezika-na-fakultetu-pedagoskih-nauka-u-jagodini\/","title":{"rendered":"LETNjA \u0160KOLA &#8221;UPOTREBA GRAFI\u010cKIH ROMANA U NASTAVI ENGLESKOG JEZIKA&#8221; NA FAKULTETU PEDAGO\u0160KIH NAUKA U JAGODINI"},"content":{"rendered":"<p>JAGODINA-Na Fakultetu pedago\u0161kih nauka u Jagodini u periodu od 28. do 30. avgusta 2021, bi\u0107e odr\u017eana letnja \u0161kola pod nazivom Teaching English as a Foreign Language through Graphic Novels (Upotreba grafi\u010dkih romana u nastavi engleskog jezika), namenjena nastavnicima engleskog jezika u Srbiji. Skup se odr\u017eava u saradnji sa Ambasadom Sjedinjenih Dr\u017eava u Srbiji, koja je pokrovitelj. Cilj ovog trodnevnog okupljanja jeste stru\u010dno usavr\u0161avanje nastavnika engleskog jezika koji rade sa u\u010denicima uzrasta od 11 do 15 godina za primenu grafi\u010dkih romana na engleskom jeziku u nastavi.<\/p>\n<p>Pored fokusa na upotrebi grafi\u010dkih romana za razvoj jezi\u010dkih znanja i ve\u0161tina u\u010denika, obuka ima za cilj da unapredi nastavni\u010dke kompetencije za obrazovanje za odgovorno u\u010de\u0161\u0107e u demokratskom dru\u0161tvu razvijanjem interkulturalne osetljivosti u\u010denika i njihove tolerancije na razli\u010ditosti, \u010demu \u0107e doprineti tematika grafi\u010dkih romana koji \u0107e se koristiti u obuci, kao i materijali i aktivnosti koji \u0107e biti kreirani u toku obuke.<\/p>\n<p>Predava\u010di \u0107e biti dr D\u017eoan Keng \u0160in (Joan Kang Shin), profesor na Univerzitetu D\u017eord\u017e Mejson u Sjedinjeni Dr\u017eavama, Ivona Ran\u0111elovi\u0107, nastavnik engleskog jezika u Srbiji, i dr Vera Savi\u0107, docent na Fakulteta pedago\u0161kih nauka Univerziteta u Kragujevcu.<\/p>\n<p>Letnja \u0161kola je akreditovana kod Zavoda za unapre\u0111ivanje obrazovanja i vaspitanja, a poha\u0111a\u0107e je 50 nastavnika engleskog jezika iz cele Srbije. Skup \u0107e otvoriti Kevin Mekoj (Kevin McCaughey), regionalni predstavnik Vlade Sjedinjenih Dr\u017eava za unapre\u0111ivanje nastave engleskog jezika, i prof. dr Violeta Jovanovi\u0107, dekan Fakulteta pedago\u0161kih nauka u Jagodini.<\/p>\n","protected":false},"excerpt":{"rendered":"<p>JAGODINA-Na Fakultetu pedago\u0161kih nauka u Jagodini u periodu od 28. do 30. avgusta 2021, bi\u0107e odr\u017eana letnja \u0161kola pod nazivom Teaching English as a Foreign &hellip; <\/p>\n","protected":false},"author":2,"featured_media":28083,"comment_status":"open","ping_status":"open","sticky":false,"template":"","format":"standard","meta":{"footnotes":""},"categories":[14,1524,2,5643,1514,887,12],"tags":[5389,2531,5387,5388],"_links":{"self":[{"href":"https:\/\/centralmedia.rs\/index.php\/wp-json\/wp\/v2\/posts\/28082"}],"collection":[{"href":"https:\/\/centralmedia.rs\/index.php\/wp-json\/wp\/v2\/posts"}],"about":[{"href":"https:\/\/centralmedia.rs\/index.php\/wp-json\/wp\/v2\/types\/post"}],"author":[{"embeddable":true,"href":"https:\/\/centralmedia.rs\/index.php\/wp-json\/wp\/v2\/users\/2"}],"replies":[{"embeddable":true,"href":"https:\/\/centralmedia.rs\/index.php\/wp-json\/wp\/v2\/comments?post=28082"}],"version-history":[{"count":1,"href":"https:\/\/centralmedia.rs\/index.php\/wp-json\/wp\/v2\/posts\/28082\/revisions"}],"predecessor-version":[{"id":28084,"href":"https:\/\/centralmedia.rs\/index.php\/wp-json\/wp\/v2\/posts\/28082\/revisions\/28084"}],"wp:featuredmedia":[{"embeddable":true,"href":"https:\/\/centralmedia.rs\/index.php\/wp-json\/wp\/v2\/media\/28083"}],"wp:attachment":[{"href":"https:\/\/centralmedia.rs\/index.php\/wp-json\/wp\/v2\/media?parent=28082"}],"wp:term":[{"taxonomy":"category","embeddable":true,"href":"https:\/\/centralmedia.rs\/index.php\/wp-json\/wp\/v2\/categories?post=28082"},{"taxonomy":"post_tag","embeddable":true,"href":"https:\/\/centralmedia.rs\/index.php\/wp-json\/wp\/v2\/tags?post=28082"}],"curies":[{"name":"wp","href":"https:\/\/api.w.org\/{rel}","templated":true}]}}