{"id":2810,"date":"2016-04-19T18:20:38","date_gmt":"2016-04-19T18:20:38","guid":{"rendered":"http:\/\/centralmedia.rs\/?p=2810"},"modified":"2016-04-19T18:20:38","modified_gmt":"2016-04-19T18:20:38","slug":"os-rada-miljkovic-prijatelj-roda","status":"publish","type":"post","link":"https:\/\/centralmedia.rs\/index.php\/2016\/04\/19\/os-rada-miljkovic-prijatelj-roda\/","title":{"rendered":"O\u0160 RADA MILJKOVI\u0106 PRIJATELJ RODA"},"content":{"rendered":"<p>JAGODINA-Desetu godinu zaredom gnezdo na dimnjaku toplane O\u0160 Rada Miljkovi\u0107 u centru Jagodine predstavlja dom porodici roda,  koja se i ove sezone vratila da odnegu novo potomstvo. Rode se,ina\u010de, ne nastanjuju u drugim delovima tog grada.<br \/>\n\t-Na\u0161e rode su potpuno pripitomljene.Ne reaguju na \u0161kolsko zvono ili graju u\u010denika u dvori\u0161tu. Nisu zahtevne kom\u0161ije. Prolaznici zastaju na ulici i gledaju ih dugo, \u010dak ima i klupa na trotoaru sa kojih prolaznici posmatraju rode. Rode ta zanti\u017eelja ne remeti u svakodnevnim aktivnostima. One su izabrale Jagodinu i \u0161kolski dimnjak za svoj dom, na nama je da se osete dobrodo\u0161lim i da se ponovo vrate. Pored zoovrta Tigar, ovo je nova oaza divljih \u017eivotinja, ka\u017ee direktor \u0161kole Boban Marovi\u0107.      <figure id=\"attachment_2812\" aria-describedby=\"caption-attachment-2812\" style=\"width: 300px\" class=\"wp-caption alignnone\"><a href=\"https:\/\/centralmedia.rs\/wp-content\/uploads\/2016\/04\/rode-2-jagodina-g.j..jpg\"><img loading=\"lazy\" decoding=\"async\" src=\"https:\/\/centralmedia.rs\/wp-content\/uploads\/2016\/04\/rode-2-jagodina-g.j.-300x216.jpg\" alt=\"OLYMPUS DIGITAL CAMERA\" width=\"300\" height=\"216\" class=\"size-medium wp-image-2812\" srcset=\"https:\/\/centralmedia.rs\/wp-content\/uploads\/2016\/04\/rode-2-jagodina-g.j.-300x216.jpg 300w, https:\/\/centralmedia.rs\/wp-content\/uploads\/2016\/04\/rode-2-jagodina-g.j.-768x552.jpg 768w, https:\/\/centralmedia.rs\/wp-content\/uploads\/2016\/04\/rode-2-jagodina-g.j..jpg 900w\" sizes=\"(max-width: 300px) 100vw, 300px\" \/><\/a><figcaption id=\"caption-attachment-2812\" class=\"wp-caption-text\">OLYMPUS DIGITAL CAMERA<\/figcaption><\/figure><br \/>\n\tRode ranije nisu dolazile u Jagodinu. I zbog toga je jagodinski par prava atrakcija. Me\u0111utim, potomci prvog para \u017eele ponovo da se vrate u sigurnost  \u0161kolskog dimnjaka, ali on je dovoljan samo za jedan par.<br \/>\n\t-Ve\u0107 deset godina rode dolaze na dimnjak na\u0161e \u0161kole da sviju gnezdo i odneguju mlade. Ranije ih nije bilo u Jagodini, ali pretpostavljam da se tu ose\u0107aju bezbedno i da imaju dovljno hrane, pa su zato i opstale. Poku\u0161a\u0107emo za narednu sezonu da na banderama postavimo gnezda kako bi privukli jo\u0161 nekoliko parova roda, ka\u017ee direktor \u0161kole Boban Marovi\u0107.<figure id=\"attachment_2813\" aria-describedby=\"caption-attachment-2813\" style=\"width: 300px\" class=\"wp-caption alignnone\"><a href=\"https:\/\/centralmedia.rs\/wp-content\/uploads\/2016\/04\/rode-7-jagodina-g.j..jpg\"><img loading=\"lazy\" decoding=\"async\" src=\"https:\/\/centralmedia.rs\/wp-content\/uploads\/2016\/04\/rode-7-jagodina-g.j.-300x223.jpg\" alt=\"OLYMPUS DIGITAL CAMERA\" width=\"300\" height=\"223\" class=\"size-medium wp-image-2813\" srcset=\"https:\/\/centralmedia.rs\/wp-content\/uploads\/2016\/04\/rode-7-jagodina-g.j.-300x223.jpg 300w, https:\/\/centralmedia.rs\/wp-content\/uploads\/2016\/04\/rode-7-jagodina-g.j.-768x570.jpg 768w, https:\/\/centralmedia.rs\/wp-content\/uploads\/2016\/04\/rode-7-jagodina-g.j.-80x60.jpg 80w, https:\/\/centralmedia.rs\/wp-content\/uploads\/2016\/04\/rode-7-jagodina-g.j.-265x198.jpg 265w, https:\/\/centralmedia.rs\/wp-content\/uploads\/2016\/04\/rode-7-jagodina-g.j..jpg 900w\" sizes=\"(max-width: 300px) 100vw, 300px\" \/><\/a><figcaption id=\"caption-attachment-2813\" class=\"wp-caption-text\">OLYMPUS DIGITAL CAMERA<\/figcaption><\/figure><br \/>\n\u0160kola \u010dini sve da se rode bezbedno i lepo ose\u0107aju na dimnjaku. Onemogu\u0107en je prilaz sa zemlje na dimnjak, jer on ve\u0107 dvadeset godina nije u upotrebi.<br \/>\n-Rode nas ve\u0107 u septembru napu\u0161taju i pauzu do novog dru\u017eenja iskoristi\u0107emo da podignemo stani\u0161te roda u \u0161koli. To bi bila prava atrakcija, jer je re\u010d o strogom centru grada. \u0160kolskom dvori\u0161tu, koje su deca iz\u0161arala sa grafitima  roda, a rode su i redovna tema \u0161kolskog biltena. Ako bi na\u0161 plan uspeo, to bi bila jo\u0161 jedna turisti\u010dka atrakcija grada, jer nigde na jednom mestu ne bi bilo vi\u0161e parova roda, obja\u0161njava Marovi\u0107.<br \/>\n \u0160kola planira da izgradi vi\u0161e ve\u0161ta\u010dkih gnezda do slede\u0107eg aprila, kada se rode ponovo vra\u0107aju.<\/p>\n","protected":false},"excerpt":{"rendered":"<p>JAGODINA-Desetu godinu zaredom gnezdo na dimnjaku toplane O\u0160 Rada Miljkovi\u0107 u centru Jagodine predstavlja dom porodici roda, koja se i ove sezone vratila da odnegu &hellip; <\/p>\n","protected":false},"author":4,"featured_media":2811,"comment_status":"open","ping_status":"open","sticky":false,"template":"","format":"standard","meta":{"footnotes":""},"categories":[14,2,12],"tags":[],"_links":{"self":[{"href":"https:\/\/centralmedia.rs\/index.php\/wp-json\/wp\/v2\/posts\/2810"}],"collection":[{"href":"https:\/\/centralmedia.rs\/index.php\/wp-json\/wp\/v2\/posts"}],"about":[{"href":"https:\/\/centralmedia.rs\/index.php\/wp-json\/wp\/v2\/types\/post"}],"author":[{"embeddable":true,"href":"https:\/\/centralmedia.rs\/index.php\/wp-json\/wp\/v2\/users\/4"}],"replies":[{"embeddable":true,"href":"https:\/\/centralmedia.rs\/index.php\/wp-json\/wp\/v2\/comments?post=2810"}],"version-history":[{"count":0,"href":"https:\/\/centralmedia.rs\/index.php\/wp-json\/wp\/v2\/posts\/2810\/revisions"}],"wp:featuredmedia":[{"embeddable":true,"href":"https:\/\/centralmedia.rs\/index.php\/wp-json\/wp\/v2\/media\/2811"}],"wp:attachment":[{"href":"https:\/\/centralmedia.rs\/index.php\/wp-json\/wp\/v2\/media?parent=2810"}],"wp:term":[{"taxonomy":"category","embeddable":true,"href":"https:\/\/centralmedia.rs\/index.php\/wp-json\/wp\/v2\/categories?post=2810"},{"taxonomy":"post_tag","embeddable":true,"href":"https:\/\/centralmedia.rs\/index.php\/wp-json\/wp\/v2\/tags?post=2810"}],"curies":[{"name":"wp","href":"https:\/\/api.w.org\/{rel}","templated":true}]}}