{"id":28101,"date":"2021-08-29T14:18:30","date_gmt":"2021-08-29T12:18:30","guid":{"rendered":"http:\/\/centralmedia.rs\/?p=28101"},"modified":"2022-01-04T18:08:27","modified_gmt":"2022-01-04T17:08:27","slug":"palma-vucic-zaev-i-rama-kao-tito-naser-i-nehru-otvoreni-balkan-kao-nekada-pokret-nesvrstanih","status":"publish","type":"post","link":"https:\/\/centralmedia.rs\/index.php\/2021\/08\/29\/palma-vucic-zaev-i-rama-kao-tito-naser-i-nehru-otvoreni-balkan-kao-nekada-pokret-nesvrstanih\/","title":{"rendered":"PALMA : VU\u010cI\u0106, ZAEV I RAMA KAO TITO, NASER I NEHRU &#8211; OTVORENI BALKAN KAO NEKADA POKRET NESVRSTANIH"},"content":{"rendered":"<p>JAGODINA-&#8220;Srbija se danas u svakom smislu razlikuje u odnosu na period pre 10 i vi\u0161e godina i u svakom smislu na bolje, a posebno u me\u0111unarodnim odnosima. Sporazum &#8220;Otvoreni Balkan&#8221;, koji su potpisali predsednik Srbije Aleksandar Vu\u010di\u0107 i premijeri Severne Makedonije i Albanije Zoran Zaev i Edi Rama je kao Pokret nesvrstanih koji su sredinom pro\u0161log veka pokrenuli tada\u0161nji \u010delnici Jugoslavije, Egipta i Indije, Josip Broz Tito, Gamal Abdel Naser i D\u017eavahrlal Nehru. Sporazum Vu\u010di\u0107 &#8211; Zaev &#8211; Rama je kao tada Tito &#8211; Naser &#8211; Nehru. Sporazum &#8220;Otvoreni Balkan&#8221; \u0107e mnogo zna\u010diti ne samo za Srbiju, Severnu Makedoniju i Albaniju i va\u017ean je za mir i stabilnost. Edi Rama vi\u0161e ne zagovara militantnu politku kao nekada, ne zato \u0161to voli Srbiju, nego zato \u0161to je video da Albanci sa Kosova i Metohije nisu ispo\u0161tovali sporazume, ono \u0161to su potpisivali kao \u0161to su Briselski i Va\u0161ingtonski sporazum, koje su oni pravili zajedni\u010dki sa evropskim predstavnicima i sa Sjedinjenim Ameri\u010dkim Dr\u017eavama. Jedini ko je sve ispo\u0161tovao je Srbija&#8221;, rekao je predsednik Jedinstvene Srbije Dragan Markovi\u0107 Palma u Paraliji u Gr\u010dkoj gde na zatvaranju Kancelarije Jedinstvene Srbije za ovu sezonu. &#8220;Ja ne mogu, a da ne ka\u017eem, da dve republike biv\u0161e Jugoslavije, Hrvatska i Crna Gora sve vreme rade protiv Srbije. U slu\u010daju Hrvatske to mnogo ne \u010dudi, ali \u010dudi Crna Gora koju su izgradili gra\u0111ani Srbije na razne na\u010dine, od turizma od davanja pomo\u0107i nakon zemljotresa. Danas su Milo \u0110iukanovi\u0107 i pojedinci iz Vlade Crne Gore udarli na pravoslavlje, \u0161to se nikada i nigde nije deseilo da predsatvnici iste vere napadaju one koji tako\u0111e pripadaju toj veri i da ne dozvoljavaju ustoli\u010denje Mitropolita crnogorsko primorskog Joanikija. Pozivam gra\u0111ane Crne Gore da ne slu\u0161aju polit\u010dare u Crnoj Gori, nego da slu\u0161aju sebe i svoju porodicu, jer takvi politi\u010dari su razbili i biv\u0161u Jugoslaviju i da ne slu\u0161aju neke iz svetskih centara kojima je cilj destabilizacija Balkana. Hrvatska i Crna Gora to \u010dine jer su \u010dlanice NATO pakta. Srbija nikada ne\u0107e biti \u010dlan NATO pakta. Jedinstvena Srbija ne mo\u017ee biti \u010dlan nekog udru\u017eenja koje je bombardovalo Srbiju..&#8221;, kazao je Markovi\u0107.<\/p>\n<p><img loading=\"lazy\" decoding=\"async\" class=\"alignnone wp-image-28106 size-large\" src=\"http:\/\/centralmedia.rs\/wp-content\/uploads\/2021\/08\/kancelarija-js-2-1024x493.jpg\" alt=\"\" width=\"640\" height=\"308\" srcset=\"https:\/\/centralmedia.rs\/wp-content\/uploads\/2021\/08\/kancelarija-js-2-1024x493.jpg 1024w, https:\/\/centralmedia.rs\/wp-content\/uploads\/2021\/08\/kancelarija-js-2-300x144.jpg 300w, https:\/\/centralmedia.rs\/wp-content\/uploads\/2021\/08\/kancelarija-js-2-768x370.jpg 768w, https:\/\/centralmedia.rs\/wp-content\/uploads\/2021\/08\/kancelarija-js-2-873x420.jpg 873w, https:\/\/centralmedia.rs\/wp-content\/uploads\/2021\/08\/kancelarija-js-2-640x308.jpg 640w, https:\/\/centralmedia.rs\/wp-content\/uploads\/2021\/08\/kancelarija-js-2-681x328.jpg 681w, https:\/\/centralmedia.rs\/wp-content\/uploads\/2021\/08\/kancelarija-js-2.jpg 1600w\" sizes=\"(max-width: 640px) 100vw, 640px\" \/><\/p>\n<p>SRPSKE MEDIJE \u0106E URE\u0110IVATI SRPSKI UREDNICI I SRPSKI NOVINARI<\/p>\n<p>&#8220;Srpski novinari i mediji u na\u0161oj dr\u017eavi se razlikuju od nekih drugih u svetu, koji su na\u0161im medijima oka\u010dili \u017eute trake. Ja sam stra\u0161no uvre\u0111en \u0161to i televizija Palma plus nije na spisku Tvitera i \u0161to i TV Palma plus nije stavljena \u017euta traka. Srpske medije \u0107e ure\u0111ivati srpski urednici i srpski novinari, a ne oni preko okeana ili neki drugi spolja. I CNN sara\u0111uje sa ameri\u010dkom vladom i BBC sa britanskom. \u0160ta mi sada treba da sakrijemo ono \u0161to se gradi u Srbiji, da se ne vide autoputevi, klinike fabrike samo zato \u0161to neki iz opozicije u Srbiji \u0161alju informacije kako je u Srbiji sve lo\u0161e, jer oni nisu na vlasti, a to su Dragan \u0110ilas i Vuk Jeremi\u0107. Te \u017eute trake, koje je Tviter oka\u010dio srpskim medijima neka oka\u010de oko vrata \u0110ilas i Jeremi\u0107, oni koji stalno \u0161alju dopise u svet kako u Srbiji ni\u0161ta ne valja. I kada gledaju ili \u010ditaju neke novinare oni ka\u017eu &#8220;ovaj je Vu\u010di\u0107ev&#8221;. Svi smo mi Vu\u010di\u0107evi, on je predsednik Srbije&#8221;, poru\u010dio je Markovi\u0107.<\/p>\n<p><img loading=\"lazy\" decoding=\"async\" class=\"alignnone wp-image-28104 size-large\" src=\"http:\/\/centralmedia.rs\/wp-content\/uploads\/2021\/08\/kancelarija-js-3-1024x549.jpg\" alt=\"\" width=\"640\" height=\"343\" srcset=\"https:\/\/centralmedia.rs\/wp-content\/uploads\/2021\/08\/kancelarija-js-3-1024x549.jpg 1024w, https:\/\/centralmedia.rs\/wp-content\/uploads\/2021\/08\/kancelarija-js-3-300x160.jpg 300w, https:\/\/centralmedia.rs\/wp-content\/uploads\/2021\/08\/kancelarija-js-3-768x412.jpg 768w, https:\/\/centralmedia.rs\/wp-content\/uploads\/2021\/08\/kancelarija-js-3-783x420.jpg 783w, https:\/\/centralmedia.rs\/wp-content\/uploads\/2021\/08\/kancelarija-js-3-640x343.jpg 640w, https:\/\/centralmedia.rs\/wp-content\/uploads\/2021\/08\/kancelarija-js-3-681x365.jpg 681w, https:\/\/centralmedia.rs\/wp-content\/uploads\/2021\/08\/kancelarija-js-3.jpg 1600w\" sizes=\"(max-width: 640px) 100vw, 640px\" \/><\/p>\n<p>NE MO\u017dE SE ZGRADA GRADITI ONLAJN<\/p>\n<p>&#8220;Molim sve gra\u0111ane Srbije da se vakcini\u0161u. Nisam za to da se vakcini\u0161u deca do 15 godina. Ja sam za to da se vakcini\u0161u njihovi u\u010ditelji, profesori, vaspita\u010di u vrti\u0107ima zdravstveni radnici, kao i poljoprivrednici. Mi sada doveli u Gr\u010dku 992 poljoprivrednika iz 35 gradova i op\u0161tina Srbije i od njih ima 40 posto nevakcinisanih. Moja poruka je da se na\u0161i poljoprivrednici, srpski doma\u0107ini vakcini\u0161u ne zbog kom\u0161ije, nego zbog sebe i svoje porodice, zbog dece, unuka, a kada \u0161titite sebe, \u0161titite i druge. \u0160ta \u0107emo ako se ponovo uvedu mere, pa ne rade fabrike, ne rade \u0161kole ve\u0107 se pre\u0111e na onlajn nastavu. To je kao kada bi rekli nekome koji po\u010dinje da gradi zgradu, da zgradu gradi od ku\u0107e onlajn. Mora fizi\u010dki na lokaciji gde se gradi&#8221;, ka\u017ee Dragan Markovi\u0107 Palma.<\/p>\n<p><img loading=\"lazy\" decoding=\"async\" class=\"alignnone wp-image-28103 size-large\" src=\"http:\/\/centralmedia.rs\/wp-content\/uploads\/2021\/08\/kancelarija-js-4-1024x509.jpg\" alt=\"\" width=\"640\" height=\"318\" srcset=\"https:\/\/centralmedia.rs\/wp-content\/uploads\/2021\/08\/kancelarija-js-4-1024x509.jpg 1024w, https:\/\/centralmedia.rs\/wp-content\/uploads\/2021\/08\/kancelarija-js-4-300x149.jpg 300w, https:\/\/centralmedia.rs\/wp-content\/uploads\/2021\/08\/kancelarija-js-4-768x382.jpg 768w, https:\/\/centralmedia.rs\/wp-content\/uploads\/2021\/08\/kancelarija-js-4-844x420.jpg 844w, https:\/\/centralmedia.rs\/wp-content\/uploads\/2021\/08\/kancelarija-js-4-640x318.jpg 640w, https:\/\/centralmedia.rs\/wp-content\/uploads\/2021\/08\/kancelarija-js-4-681x339.jpg 681w, https:\/\/centralmedia.rs\/wp-content\/uploads\/2021\/08\/kancelarija-js-4.jpg 1600w\" sizes=\"(max-width: 640px) 100vw, 640px\" \/><\/p>\n<p>ZA SEDAM GODINA U KANCELARIJU JEDINSTVENE SRBIJE U PARALIJI SVRATILO UKUPNO 200.000 LJUDI<\/p>\n<p>&#8220;Zavr\u0161ava se sedma godina rada Kancelarije Jedinstvene Srbije u Paraliji, kroz koju je do sada pro\u0161lo 200 000 gra\u0111ana, uglavnom gra\u0111ana Srbije koji letuju u ovom delu Gr\u010dke, ali i gra\u0111ana iz Rumunije, Bugarske i Sevene Makedonije, koji tako\u0111e letuju u Gr\u010dkoj. Kancelarija Jedinstvene Srbije se ne bavi politikom, na\u0161a kancelarija ima drugi opis posla, a to je da pomogne svim gra\u0111anima iz Srbije koji letuju u Gr\u010dkoj, u slu\u010daju da neko mora da se vrati ku\u0107i pre nego \u0161to je planirao, u slu\u010daju nekog zdravstvenog problema, problema sa autom, a svra\u0107ali su i oni koji nisu imali problema na srpsku dunju i da gledaju sportske prenose na\u0161ih reprezentacija i klubova. Mi gra\u0111ani Srbije, kada pre\u0111emo granicu, svi smo na istom zadatku, a to je da sla\u017eemo i da po\u0161tujemo druge&#8221;, rekao je predsednik Jedinstvene Srbije Dragan Markovi\u0107 Palma u Paraliji na zatvaranju Kancelarije JS u Paraliji.<\/p>\n","protected":false},"excerpt":{"rendered":"<p>JAGODINA-&#8220;Srbija se danas u svakom smislu razlikuje u odnosu na period pre 10 i vi\u0161e godina i u svakom smislu na bolje, a posebno u &hellip; <\/p>\n","protected":false},"author":2,"featured_media":28102,"comment_status":"open","ping_status":"open","sticky":false,"template":"","format":"standard","meta":{"footnotes":""},"categories":[1524,2,5643,1514,13,887,12],"tags":[846,120,845],"_links":{"self":[{"href":"https:\/\/centralmedia.rs\/index.php\/wp-json\/wp\/v2\/posts\/28101"}],"collection":[{"href":"https:\/\/centralmedia.rs\/index.php\/wp-json\/wp\/v2\/posts"}],"about":[{"href":"https:\/\/centralmedia.rs\/index.php\/wp-json\/wp\/v2\/types\/post"}],"author":[{"embeddable":true,"href":"https:\/\/centralmedia.rs\/index.php\/wp-json\/wp\/v2\/users\/2"}],"replies":[{"embeddable":true,"href":"https:\/\/centralmedia.rs\/index.php\/wp-json\/wp\/v2\/comments?post=28101"}],"version-history":[{"count":1,"href":"https:\/\/centralmedia.rs\/index.php\/wp-json\/wp\/v2\/posts\/28101\/revisions"}],"predecessor-version":[{"id":28107,"href":"https:\/\/centralmedia.rs\/index.php\/wp-json\/wp\/v2\/posts\/28101\/revisions\/28107"}],"wp:featuredmedia":[{"embeddable":true,"href":"https:\/\/centralmedia.rs\/index.php\/wp-json\/wp\/v2\/media\/28102"}],"wp:attachment":[{"href":"https:\/\/centralmedia.rs\/index.php\/wp-json\/wp\/v2\/media?parent=28101"}],"wp:term":[{"taxonomy":"category","embeddable":true,"href":"https:\/\/centralmedia.rs\/index.php\/wp-json\/wp\/v2\/categories?post=28101"},{"taxonomy":"post_tag","embeddable":true,"href":"https:\/\/centralmedia.rs\/index.php\/wp-json\/wp\/v2\/tags?post=28101"}],"curies":[{"name":"wp","href":"https:\/\/api.w.org\/{rel}","templated":true}]}}