{"id":28114,"date":"2021-08-30T14:18:25","date_gmt":"2021-08-30T12:18:25","guid":{"rendered":"http:\/\/centralmedia.rs\/?p=28114"},"modified":"2022-01-04T18:08:11","modified_gmt":"2022-01-04T17:08:11","slug":"jedna-ulica-u-paraliji-dobija-ime-dragana-markovica-palme","status":"publish","type":"post","link":"https:\/\/centralmedia.rs\/index.php\/2021\/08\/30\/jedna-ulica-u-paraliji-dobija-ime-dragana-markovica-palme\/","title":{"rendered":"JEDNA ULICA U PARALIJI DOBIJA IME DRAGANA MARKOVI\u0106A PALME"},"content":{"rendered":"<p>Gradona\u010delnik grada Katerini Konstantinos Koukodimos danas je na zvani\u010dnom prijemu u Katerini saopstio da \u0107e jedna ulica u Paraliji, koja pripada Katerini dobiti ime Dragana Markovi\u0107a Palme.<\/p>\n<p><img loading=\"lazy\" decoding=\"async\" class=\"alignnone wp-image-28116 size-full\" src=\"http:\/\/centralmedia.rs\/wp-content\/uploads\/2021\/08\/delagacija-katerini.jpg\" alt=\"\" width=\"896\" height=\"524\" srcset=\"https:\/\/centralmedia.rs\/wp-content\/uploads\/2021\/08\/delagacija-katerini.jpg 896w, https:\/\/centralmedia.rs\/wp-content\/uploads\/2021\/08\/delagacija-katerini-300x175.jpg 300w, https:\/\/centralmedia.rs\/wp-content\/uploads\/2021\/08\/delagacija-katerini-768x449.jpg 768w, https:\/\/centralmedia.rs\/wp-content\/uploads\/2021\/08\/delagacija-katerini-718x420.jpg 718w, https:\/\/centralmedia.rs\/wp-content\/uploads\/2021\/08\/delagacija-katerini-640x374.jpg 640w, https:\/\/centralmedia.rs\/wp-content\/uploads\/2021\/08\/delagacija-katerini-681x398.jpg 681w\" sizes=\"(max-width: 896px) 100vw, 896px\" \/><\/p>\n<p>Kuokodimos je to saop\u0161tio na prijemu za srpsku delegaciju na \u010dijem \u010delu jeste Markovi\u0107, a prisutni su bili funkcioneri Jedinstvene Srbije, medju kojima i dva narodna poslaika \u017divota Star\u010devi\u0107 i Slavenko Unkovi\u0107, kao i vi\u0161e poljoprivrednika iz Srbije, jer zbog epidemiolo\u0161kih mera nije bila mogu\u0107a brojnija poseta gradona\u010delniku Katerine. &#8220;Gospodine Markovi\u0107u, osim \u0161to ste po\u010dasni gra\u0111anin grada Katerini, ja \u017eelim da Vam se jo\u0161 vi\u0161e zahvalim na svemu \u0161to radite, kako na unapredjenju odnosa Jagodine i Katerine i Paralije, tako i na unapre\u0111enju odnosa Srbije i Gr\u010dke. Vi ste tu saradnju podigli na jo\u0161 vi\u0161i nivo i zbog svega toga ja \u0107u na sednici Skup\u0161tine grada Katerini predlo\u017eiti da jedna ulica ponese Va\u0161e ime &#8211; Ulica Dragana Markovi\u0107a Palme i siguran sam da \u0107e ovaj moj predlog biti jednoglasno usvojen od strane odbornika grada Katerini&#8221;, rekao je Kuokodimsi. Markovi\u0107 je prihvatio ovaj predlog. &#8220;Naravno da prihvatam Va\u0161 predlog i po\u010dastvovan sam, sve \u0161to radim u odnosima izme\u0111u Srbije i Gr\u010dke, kao i ovde u regiji Pierija, u Paraliji, ne radim da bi dobio neku titulu ili ulicu, ve\u0107 su to moja ljudska ose\u0107anja. Moja porodica i ja ve\u0107 37 godina letujemo u Paraliji i bez obzira na moju funkciju i rejting u Srbiji, ja se nisam promenio&#8221;, rekao je Markovi\u0107 zahvaljuju\u0107i se gradona\u010delniku Katerine na ovoj velikoj \u010dasti. U Gr\u010dkoj, ta\u010dnije u Atini postoji Kara\u0111or\u0111eva ulica, a u Parizu Kralja Petra Prvog Kara\u0111or\u0111evi\u0107a, ima i nekolko Teslinih ulica, kao i beogradskih i srpskih, tako da je Dragan Markovi\u0107 Palma u\u0161ao u red malobrojnih Srba \u010dije ime nose ulice u svetu. Markovi\u0107 je rekao da je prilikom prethodne posete maja meseca, kada je doveo delegaciju od 600 lekara u Paraliji od gospodina Kukodimosa, koji je bio i narodni poslanik dobio informaciju da Gr\u010dka nikada ne\u0107e priznati nezavisnost Kosova i Metohije. Tih dana je provejavala pri\u010da da postoji takva mogu\u0107nost jer je Kancelariji Kosova u Atini podignut status od trgova\u010dke kancelarije u Kancelariju za zastupanje kosovskih interesa do nivoa direktorata ministarstva. Kukodimos je proverio kod nekih \u010dlanova Vlade Gr\u010dke i prvi nam dao tu radosnu informaciju koju je nedavno potvrdio i premijer Gr\u010dke Micotakis. Na tom prethodnom putovanju Dragan Markovi\u0107 Palma je javno zatra\u017eio da se ukine PCR test za gra\u0111ane Srbije i da granica radi 24 sata, \u0161to je nakon nekoliko dana i ura\u0111eno. Ina\u010de Dragan Markovi\u0107 Palma je i po\u010dasni gra\u0111anin Katerinija i po\u010dasni konzul Gr\u010dke u Srbiji. Delegacija od 992 poljoprivrednika iz 35 gradova u Srbiji nastavlja svoju posetu. Sutra \u0107e obi\u0107i nekoliko farmi i videti na koji na\u010din se njihove kolege u Gr\u010dkoj bave sto\u010darstvom. Sino\u0107 je organizovana sve\u010dena ve\u010dera za polovinu \u010dlanova delegacije i u toku ve\u010dere se predsednik Vu\u010di\u0107 telefonom direktno uklju\u010dio i pozdravio prisutne poljoprivrednike i rekao im da ne brinu i da \u0107e dr\u017eava pomagati poljoprivredne proizvo\u0111a\u010de. Ve\u010deras \u0107e biti organizovana sve\u010dana ve\u010dera za drugu polovinu delegacije. Na sve\u010danim ve\u010derama poljoprivrednike zabavlja \u010duvena estradna zvezda Gordana Lazarevi\u0107, koja je svoj program zapo\u010dela i podigla atmosferu \u010duvenom pesmom Vidovdan. Novac za organizaciju ovog putovanja najve\u0107im delom obezbe\u0111en je od novca koji Jedinstvena Srbija prima iz bud\u017eeta kao parlamentarna stranka na osnovu broja poslanika a manjim delom od drugih donatora.<\/p>\n<div id='gallery-1' class='gallery galleryid-28114 gallery-columns-4 gallery-size-thumbnail'><figure class='gallery-item'>\n\t\t\t<div class='gallery-icon landscape'>\n\t\t\t\t<a href='https:\/\/centralmedia.rs\/index.php\/2021\/08\/30\/jedna-ulica-u-paraliji-dobija-ime-dragana-markovica-palme\/palma-29\/'><img loading=\"lazy\" decoding=\"async\" width=\"150\" height=\"150\" src=\"https:\/\/centralmedia.rs\/wp-content\/uploads\/2021\/08\/palma-150x150.jpg\" class=\"attachment-thumbnail size-thumbnail\" alt=\"\" \/><\/a>\n\t\t\t<\/div><\/figure><figure class='gallery-item'>\n\t\t\t<div class='gallery-icon landscape'>\n\t\t\t\t<a href='https:\/\/centralmedia.rs\/index.php\/2021\/08\/30\/jedna-ulica-u-paraliji-dobija-ime-dragana-markovica-palme\/delagacija-katerini1\/'><img loading=\"lazy\" decoding=\"async\" width=\"150\" height=\"150\" src=\"https:\/\/centralmedia.rs\/wp-content\/uploads\/2021\/08\/delagacija-katerini1-150x150.jpg\" class=\"attachment-thumbnail size-thumbnail\" alt=\"\" \/><\/a>\n\t\t\t<\/div><\/figure><figure class='gallery-item'>\n\t\t\t<div class='gallery-icon landscape'>\n\t\t\t\t<a href='https:\/\/centralmedia.rs\/index.php\/2021\/08\/30\/jedna-ulica-u-paraliji-dobija-ime-dragana-markovica-palme\/delagacija-katerini\/'><img loading=\"lazy\" decoding=\"async\" width=\"150\" height=\"150\" src=\"https:\/\/centralmedia.rs\/wp-content\/uploads\/2021\/08\/delagacija-katerini-150x150.jpg\" class=\"attachment-thumbnail size-thumbnail\" alt=\"\" \/><\/a>\n\t\t\t<\/div><\/figure><figure class='gallery-item'>\n\t\t\t<div class='gallery-icon landscape'>\n\t\t\t\t<a href='https:\/\/centralmedia.rs\/index.php\/2021\/08\/30\/jedna-ulica-u-paraliji-dobija-ime-dragana-markovica-palme\/palma1-6\/'><img loading=\"lazy\" decoding=\"async\" width=\"150\" height=\"150\" src=\"https:\/\/centralmedia.rs\/wp-content\/uploads\/2021\/08\/palma1-150x150.jpg\" class=\"attachment-thumbnail size-thumbnail\" alt=\"\" \/><\/a>\n\t\t\t<\/div><\/figure>\n\t\t<\/div>\n\n<p>PALMA POKLONIO SRPSKU \u0160APKU, OPANKE, KANICE I SRPSKU DUNJU GRADONA\u010cELNIKU KATERINIJA<\/p>\n<p>Nakon sastanka Markovi\u0107 i njegov doma\u0107in Kukidimos razmenili su poklone, a Palma je doneo specifi\u010dan poklon gradona\u010delniku Katerine. &#8221; Poklanjam vam jednu srpsku \u0161apku koju su srpski vojnici nosili u 1. i 2. svetskom ratu. Nekada su na \u010delu imali kokardu i petokraku, a ja sam stavio zastave Srbije i Gr\u010dke. Pored kape poklanjam vam srpski opanak, kanice za pojas i doma\u0107u srpsku dunju rakiju&#8221;, kazao je Markovi\u0107. Kuoko<\/p>\n","protected":false},"excerpt":{"rendered":"<p>Gradona\u010delnik grada Katerini Konstantinos Koukodimos danas je na zvani\u010dnom prijemu u Katerini saopstio da \u0107e jedna ulica u Paraliji, koja pripada Katerini dobiti ime Dragana &hellip; <\/p>\n","protected":false},"author":2,"featured_media":28115,"comment_status":"open","ping_status":"open","sticky":false,"template":"","format":"standard","meta":{"footnotes":""},"categories":[1524,2,5643,1514,13,887,12],"tags":[842,4246,5392,120,845],"_links":{"self":[{"href":"https:\/\/centralmedia.rs\/index.php\/wp-json\/wp\/v2\/posts\/28114"}],"collection":[{"href":"https:\/\/centralmedia.rs\/index.php\/wp-json\/wp\/v2\/posts"}],"about":[{"href":"https:\/\/centralmedia.rs\/index.php\/wp-json\/wp\/v2\/types\/post"}],"author":[{"embeddable":true,"href":"https:\/\/centralmedia.rs\/index.php\/wp-json\/wp\/v2\/users\/2"}],"replies":[{"embeddable":true,"href":"https:\/\/centralmedia.rs\/index.php\/wp-json\/wp\/v2\/comments?post=28114"}],"version-history":[{"count":1,"href":"https:\/\/centralmedia.rs\/index.php\/wp-json\/wp\/v2\/posts\/28114\/revisions"}],"predecessor-version":[{"id":28119,"href":"https:\/\/centralmedia.rs\/index.php\/wp-json\/wp\/v2\/posts\/28114\/revisions\/28119"}],"wp:featuredmedia":[{"embeddable":true,"href":"https:\/\/centralmedia.rs\/index.php\/wp-json\/wp\/v2\/media\/28115"}],"wp:attachment":[{"href":"https:\/\/centralmedia.rs\/index.php\/wp-json\/wp\/v2\/media?parent=28114"}],"wp:term":[{"taxonomy":"category","embeddable":true,"href":"https:\/\/centralmedia.rs\/index.php\/wp-json\/wp\/v2\/categories?post=28114"},{"taxonomy":"post_tag","embeddable":true,"href":"https:\/\/centralmedia.rs\/index.php\/wp-json\/wp\/v2\/tags?post=28114"}],"curies":[{"name":"wp","href":"https:\/\/api.w.org\/{rel}","templated":true}]}}