{"id":28142,"date":"2021-09-01T14:21:01","date_gmt":"2021-09-01T12:21:01","guid":{"rendered":"http:\/\/centralmedia.rs\/?p=28142"},"modified":"2021-09-04T02:05:03","modified_gmt":"2021-09-04T00:05:03","slug":"obezbedena-dezinfekciona-sredstva-za-sve-obrazovno-vaspitne-ustanove","status":"publish","type":"post","link":"https:\/\/centralmedia.rs\/index.php\/2021\/09\/01\/obezbedena-dezinfekciona-sredstva-za-sve-obrazovno-vaspitne-ustanove\/","title":{"rendered":"OBEZBE\u0110ENA DEZINFEKCIONA SREDSTVA ZA SVE OBRAZOVNO-VASPITNE USTANOVE"},"content":{"rendered":"<p>SVILAJNAC-Svim obrazovno-vaspitnim ustanovama sa teritorije op\u0161tine Svilajnac ju\u010de su podeljena dezinfekciona sredstva za ruke, dezinficijensi za povr\u0161ine i prostorije, za\u0161titne pamu\u010dne maske i maske za jednokratnu upotrebu. Zamenica predsednika op\u0161tine Svilajnac, Dragana Radevi\u0107, poru\u010dila je svim zaposlenima u prosvetnim ustanovama da se strogo pridr\u017eavaju preporu\u010denih mera, kako bi se u najosetljivijoj kategoriji javnih ustanova spre\u010dilo \u0161irenje epidemije korona virusa. Lokalna samouprava obezbedila je dovoljnu koli\u010dinu svih dezinfekcionih sredstava za naredni period za pred\u0161kolske ustanove i sve osnovne i srednje \u0161kole na teritoriji op\u0161tine Svilajnac.<\/p>\n<div id='gallery-1' class='gallery galleryid-28142 gallery-columns-2 gallery-size-full'><figure class='gallery-item'>\n\t\t\t<div class='gallery-icon landscape'>\n\t\t\t\t<a href='https:\/\/centralmedia.rs\/index.php\/2021\/09\/01\/obezbedena-dezinfekciona-sredstva-za-sve-obrazovno-vaspitne-ustanove\/dezinfekcija1-5\/'><img loading=\"lazy\" decoding=\"async\" width=\"2048\" height=\"1365\" src=\"https:\/\/centralmedia.rs\/wp-content\/uploads\/2021\/09\/dezinfekcija1-1.jpg\" class=\"attachment-full size-full\" alt=\"\" srcset=\"https:\/\/centralmedia.rs\/wp-content\/uploads\/2021\/09\/dezinfekcija1-1.jpg 2048w, https:\/\/centralmedia.rs\/wp-content\/uploads\/2021\/09\/dezinfekcija1-1-300x200.jpg 300w, https:\/\/centralmedia.rs\/wp-content\/uploads\/2021\/09\/dezinfekcija1-1-768x512.jpg 768w, https:\/\/centralmedia.rs\/wp-content\/uploads\/2021\/09\/dezinfekcija1-1-1024x683.jpg 1024w, https:\/\/centralmedia.rs\/wp-content\/uploads\/2021\/09\/dezinfekcija1-1-630x420.jpg 630w, https:\/\/centralmedia.rs\/wp-content\/uploads\/2021\/09\/dezinfekcija1-1-640x427.jpg 640w, https:\/\/centralmedia.rs\/wp-content\/uploads\/2021\/09\/dezinfekcija1-1-681x454.jpg 681w\" sizes=\"(max-width: 2048px) 100vw, 2048px\" \/><\/a>\n\t\t\t<\/div><\/figure><figure class='gallery-item'>\n\t\t\t<div class='gallery-icon landscape'>\n\t\t\t\t<a href='https:\/\/centralmedia.rs\/index.php\/2021\/09\/01\/obezbedena-dezinfekciona-sredstva-za-sve-obrazovno-vaspitne-ustanove\/dezinfekcija2-5\/'><img loading=\"lazy\" decoding=\"async\" width=\"2048\" height=\"1365\" src=\"https:\/\/centralmedia.rs\/wp-content\/uploads\/2021\/09\/dezinfekcija2-1.jpg\" class=\"attachment-full size-full\" alt=\"\" srcset=\"https:\/\/centralmedia.rs\/wp-content\/uploads\/2021\/09\/dezinfekcija2-1.jpg 2048w, https:\/\/centralmedia.rs\/wp-content\/uploads\/2021\/09\/dezinfekcija2-1-300x200.jpg 300w, https:\/\/centralmedia.rs\/wp-content\/uploads\/2021\/09\/dezinfekcija2-1-768x512.jpg 768w, https:\/\/centralmedia.rs\/wp-content\/uploads\/2021\/09\/dezinfekcija2-1-1024x683.jpg 1024w, https:\/\/centralmedia.rs\/wp-content\/uploads\/2021\/09\/dezinfekcija2-1-630x420.jpg 630w, https:\/\/centralmedia.rs\/wp-content\/uploads\/2021\/09\/dezinfekcija2-1-640x427.jpg 640w, https:\/\/centralmedia.rs\/wp-content\/uploads\/2021\/09\/dezinfekcija2-1-681x454.jpg 681w\" sizes=\"(max-width: 2048px) 100vw, 2048px\" \/><\/a>\n\t\t\t<\/div><\/figure>\n\t\t<\/div>\n\n","protected":false},"excerpt":{"rendered":"<p>SVILAJNAC-Svim obrazovno-vaspitnim ustanovama sa teritorije op\u0161tine Svilajnac ju\u010de su podeljena dezinfekciona sredstva za ruke, dezinficijensi za povr\u0161ine i prostorije, za\u0161titne pamu\u010dne maske i maske za &hellip; <\/p>\n","protected":false},"author":2,"featured_media":28143,"comment_status":"open","ping_status":"open","sticky":false,"template":"","format":"standard","meta":{"footnotes":""},"categories":[14,1524,2,887,12,1517],"tags":[5395,46,4837,38],"_links":{"self":[{"href":"https:\/\/centralmedia.rs\/index.php\/wp-json\/wp\/v2\/posts\/28142"}],"collection":[{"href":"https:\/\/centralmedia.rs\/index.php\/wp-json\/wp\/v2\/posts"}],"about":[{"href":"https:\/\/centralmedia.rs\/index.php\/wp-json\/wp\/v2\/types\/post"}],"author":[{"embeddable":true,"href":"https:\/\/centralmedia.rs\/index.php\/wp-json\/wp\/v2\/users\/2"}],"replies":[{"embeddable":true,"href":"https:\/\/centralmedia.rs\/index.php\/wp-json\/wp\/v2\/comments?post=28142"}],"version-history":[{"count":1,"href":"https:\/\/centralmedia.rs\/index.php\/wp-json\/wp\/v2\/posts\/28142\/revisions"}],"predecessor-version":[{"id":28148,"href":"https:\/\/centralmedia.rs\/index.php\/wp-json\/wp\/v2\/posts\/28142\/revisions\/28148"}],"wp:featuredmedia":[{"embeddable":true,"href":"https:\/\/centralmedia.rs\/index.php\/wp-json\/wp\/v2\/media\/28143"}],"wp:attachment":[{"href":"https:\/\/centralmedia.rs\/index.php\/wp-json\/wp\/v2\/media?parent=28142"}],"wp:term":[{"taxonomy":"category","embeddable":true,"href":"https:\/\/centralmedia.rs\/index.php\/wp-json\/wp\/v2\/categories?post=28142"},{"taxonomy":"post_tag","embeddable":true,"href":"https:\/\/centralmedia.rs\/index.php\/wp-json\/wp\/v2\/tags?post=28142"}],"curies":[{"name":"wp","href":"https:\/\/api.w.org\/{rel}","templated":true}]}}