{"id":28162,"date":"2021-09-02T13:10:04","date_gmt":"2021-09-02T11:10:04","guid":{"rendered":"http:\/\/centralmedia.rs\/?p=28162"},"modified":"2022-01-04T18:07:25","modified_gmt":"2022-01-04T17:07:25","slug":"palma-prvi-put-se-desilo-da-dve-drzave-eu-otvoreno-stanu-na-stranu-srbije-trebamo-da-africko-azijske-drzave-informisemo-o-pravom-stanju-stvari-o-kosovu-i-metohiji","status":"publish","type":"post","link":"https:\/\/centralmedia.rs\/index.php\/2021\/09\/02\/palma-prvi-put-se-desilo-da-dve-drzave-eu-otvoreno-stanu-na-stranu-srbije-trebamo-da-africko-azijske-drzave-informisemo-o-pravom-stanju-stvari-o-kosovu-i-metohiji\/","title":{"rendered":"PALMA : PRVI PUT SE DESILO DA DVE DR\u017dAVE EU OTVORENO STANU NA STRANU SRBIJE. TREBAMO DA AFRI\u010cKO-AZIJSKE DR\u017dAVE INFORMI\u0160EMO O PRAVOM STANJU STVARI O KOSOVU I METOHIJI"},"content":{"rendered":"<p>\u201c\u010culi smo od predsednika Srbije da se nekima u Evropskoj uniji nije dopala ideja \u201cOtvoreni Balkan\u201d, ali prvi put se desilo da dve dr\u017eave, \u010dlanice Evropske unije, otvoreno podr\u017eavaju Srbiju i to ne samo deklarativno, nego svim sredstvima, a to su Ma\u0111arska i \u010ce\u0161ka. Nikada se nije desilo da iza\u0111e premijer jedne dr\u017eave \u010dlanice Evropske unije, u ovom slu\u010daju Viktor Orban kao premijer Ma\u0111arske, i da ka\u017ee da je Srbija klju\u010dna dr\u017eava za ulazak u Evropsku uniju i da ka\u017ee da vi\u0161e treba Srbija Evropskoj uniji, nego \u0161to Evropska unija treba Srbiji. I to Orban ka\u017ee bez obzira na posledice koje \u0107e imati zbog te izgovorene re\u010denice\u201d, izjavio je gostuju\u0107i na televizji Pink predsednik Jedinstvene Srbije Dragan Markovi\u0107 Palma.<\/p>\n<p>\u201cAlbanci su najavili da \u0107e prekr\u0161iti i Va\u0161ingtonski sporazum, kao \u0161to su nisu ispo\u0161tovali ni Briselski sporazum i najavili su da \u0107e krenuti u novo lobiranje za nezavisnost Kosova i da \u0107e podneti zahtev za \u010dlanstvo u INTERPOL i UNESKO. Va\u0161ingtonskim sporazumom je potpisano da Srbija ne\u0107e nastaviti sa informisanjem dr\u017eava u svetu o stanju vezanom za Kosovo i Metohiju, kada je Ivica Da\u010di\u0107 bio \u0161ef diplomatije i kada je 18 dr\u017eava povuklo priznanje o nezavisnosti Kosova. To nije bilo lobiranje, to je bilo informisanje o pravom stanju stvari. Albanci su se obavezali Va\u0161ingtonskim sporazumom da ne\u0107e da tra\u017ee nova priznanja, a sada su najavili i to i nove zahteve za ulazak u INTERPOL i UNESKO. Ja mislim da oni nemaju ve\u0107inu u tim svetskim organizacijama i oni \u0107e izgubiti i toga su svesni. Ono \u0161to je za nas va\u017eno je da treba da afri\u010dko &#8211; azijske dr\u017eave, ne da lobiramo, nego da ih informi\u0161emo o pravom stanju vezanom za Kosovo i Metohiju, jer se pozicija dr\u017eava \u010dlanica Evropske unije koje su priznale nezavisnost Kosova ne\u0107e menjati, od toga nema ni\u0161ta, ali isto tako se ne\u0107e menjati pozicija onih \u010dlanica Evropske unije koje nisu priznale nezavisnost Kosova, a to su Gr\u010dka, Rumunija, \u0160panija, Slova\u010dka i Kipar\u201d, kazao je Markovi\u0107.<\/p>\n<p>NA\u0160I POLJOPRIVREDNICI SU U GR\u010cKOJ VIDELI DA JE U SRBIJI POLJOPRIVREDA U MNOGO BOLJEM STANJU NEGO PRE 10 GODINA<\/p>\n<p>\u201cPoseta na\u0161e delegacije Gr\u010dkoj, u kojoj su bila 992 poljoprivrednika iz 35 gradova i op\u0161tina Srbije bila je veoma uspe\u0161na. Na\u0161i poljoprivrednici su obi\u0161li veliku farmu crnih svinja sli\u010dnih na\u0161im mangulicama i jednu veliku prozvodnju sto\u010dne hrane. U odnosu na ono \u0161to su videli i \u010duli u jednoj dr\u017eavi \u010dlanici Evropske unije i kada sebe uporede i srpsku poljoprivredu, zaklju\u010dak je da je poljoprivreda u Srbiji u mnogo boljem stanju nego pre 10 godina, zahvaljuju\u0107i brizi dr\u017eave Srbije, predsednika Srbije i Vlade Srbije, da su mnogo ve\u0107e subvencije i za poljoprivredne ma\u0161ine i za sadnice. Nije to dovoljno, ali je mnogo bolje. Najbolje je kada se uporedite sa kom\u0161ijom ili nekim koji se bavi istim poslom kao i vi. Ja sam razgovarao sa na\u0161im poljoprivrednicima i oni svi ka\u017eu \u201cnije problem da ja idem na more, imam ja pare, ali nemad kad\u201d. Na sastanku sa gradona\u010delnikom grada Katerini Konstantinosom Kuokodimosom dogovoren je dolazak 50 privrednika i poljoprivrednika iz regije Pierija, \u010diji je glavni grad Katerini, a u kojoj se nalazi 6 op\u0161tina, u Srbiju. Oni \u0107e ovde imati sastanke sa privrednicima i poljoprivrednicima iz cele Srbije i sa nadle\u017enima u Vladi Srbije. Njihov dolazak u Srbiju se o\u010dekuje oktobra ove godine\u201d, rekao je Markovi\u0107.<\/p>\n","protected":false},"excerpt":{"rendered":"<p>\u201c\u010culi smo od predsednika Srbije da se nekima u Evropskoj uniji nije dopala ideja \u201cOtvoreni Balkan\u201d, ali prvi put se desilo da dve dr\u017eave, \u010dlanice &hellip; <\/p>\n","protected":false},"author":2,"featured_media":26850,"comment_status":"open","ping_status":"open","sticky":false,"template":"","format":"standard","meta":{"footnotes":""},"categories":[1524,2,1514,5643,13,887,12],"tags":[225,120,2461],"_links":{"self":[{"href":"https:\/\/centralmedia.rs\/index.php\/wp-json\/wp\/v2\/posts\/28162"}],"collection":[{"href":"https:\/\/centralmedia.rs\/index.php\/wp-json\/wp\/v2\/posts"}],"about":[{"href":"https:\/\/centralmedia.rs\/index.php\/wp-json\/wp\/v2\/types\/post"}],"author":[{"embeddable":true,"href":"https:\/\/centralmedia.rs\/index.php\/wp-json\/wp\/v2\/users\/2"}],"replies":[{"embeddable":true,"href":"https:\/\/centralmedia.rs\/index.php\/wp-json\/wp\/v2\/comments?post=28162"}],"version-history":[{"count":1,"href":"https:\/\/centralmedia.rs\/index.php\/wp-json\/wp\/v2\/posts\/28162\/revisions"}],"predecessor-version":[{"id":28163,"href":"https:\/\/centralmedia.rs\/index.php\/wp-json\/wp\/v2\/posts\/28162\/revisions\/28163"}],"wp:featuredmedia":[{"embeddable":true,"href":"https:\/\/centralmedia.rs\/index.php\/wp-json\/wp\/v2\/media\/26850"}],"wp:attachment":[{"href":"https:\/\/centralmedia.rs\/index.php\/wp-json\/wp\/v2\/media?parent=28162"}],"wp:term":[{"taxonomy":"category","embeddable":true,"href":"https:\/\/centralmedia.rs\/index.php\/wp-json\/wp\/v2\/categories?post=28162"},{"taxonomy":"post_tag","embeddable":true,"href":"https:\/\/centralmedia.rs\/index.php\/wp-json\/wp\/v2\/tags?post=28162"}],"curies":[{"name":"wp","href":"https:\/\/api.w.org\/{rel}","templated":true}]}}