{"id":28164,"date":"2021-09-02T13:23:35","date_gmt":"2021-09-02T11:23:35","guid":{"rendered":"http:\/\/centralmedia.rs\/?p=28164"},"modified":"2021-09-08T13:47:33","modified_gmt":"2021-09-08T11:47:33","slug":"novi-vrtic-u-kusiljevu","status":"publish","type":"post","link":"https:\/\/centralmedia.rs\/index.php\/2021\/09\/02\/novi-vrtic-u-kusiljevu\/","title":{"rendered":"NOVI VRTI\u0106 U KU\u0160ILJEVU"},"content":{"rendered":"<p>SVILAJNAC-Sve\u010dano je otvoren novi objekat Pred\u0161kolske ustanove \u201cDe\u010dija radost\u201d u Ku\u0161iljevu koji je jedan od najlep\u0161ih seoskih vrti\u0107a i ima mogu\u0107nost da primi i do 80 mali\u0161ana. Ovaj projekat, vredan preko 43 miliona dinara, finansirala je Op\u0161tina Svilajnac u saradnji sa Ministarstvom pravde i Kabinetom Ministra bez portfelja zadu\u017eenog za demografiju i populacionu politiku dok je Fondacija Novak \u0110okovi\u0107, \u010diji su predstavnici prisustvovali otvaranju, izvr\u0161ila je opremanje vrti\u0107a. U ime lokalne samouprave prisutnima se obratio predsednik op\u0161tine Svilajnac, Predrag Milanovi\u0107 koji je po\u017eeleo me\u0161tanima Ku\u0161iljeva da dugi niz godina koriste objekat sa popunjenim kapacitetima.<\/p>\n<p>&nbsp;<\/p>\n<div id='gallery-1' class='gallery galleryid-28164 gallery-columns-9 gallery-size-thumbnail'><figure class='gallery-item'>\n\t\t\t<div class='gallery-icon landscape'>\n\t\t\t\t<a href='https:\/\/centralmedia.rs\/index.php\/2021\/09\/02\/novi-vrtic-u-kusiljevu\/kusiljevo8\/'><img loading=\"lazy\" decoding=\"async\" width=\"150\" height=\"150\" src=\"https:\/\/centralmedia.rs\/wp-content\/uploads\/2021\/09\/kusiljevo8-150x150.jpg\" class=\"attachment-thumbnail size-thumbnail\" alt=\"\" \/><\/a>\n\t\t\t<\/div><\/figure><figure class='gallery-item'>\n\t\t\t<div class='gallery-icon landscape'>\n\t\t\t\t<a href='https:\/\/centralmedia.rs\/index.php\/2021\/09\/02\/novi-vrtic-u-kusiljevu\/kusiljevo7-2\/'><img loading=\"lazy\" decoding=\"async\" width=\"150\" height=\"150\" src=\"https:\/\/centralmedia.rs\/wp-content\/uploads\/2021\/09\/kusiljevo7-150x150.jpg\" class=\"attachment-thumbnail size-thumbnail\" alt=\"\" \/><\/a>\n\t\t\t<\/div><\/figure><figure class='gallery-item'>\n\t\t\t<div class='gallery-icon portrait'>\n\t\t\t\t<a href='https:\/\/centralmedia.rs\/index.php\/2021\/09\/02\/novi-vrtic-u-kusiljevu\/kusiljevo6-2\/'><img loading=\"lazy\" decoding=\"async\" width=\"150\" height=\"150\" src=\"https:\/\/centralmedia.rs\/wp-content\/uploads\/2021\/09\/kusiljevo6-150x150.jpg\" class=\"attachment-thumbnail size-thumbnail\" alt=\"\" \/><\/a>\n\t\t\t<\/div><\/figure><figure class='gallery-item'>\n\t\t\t<div class='gallery-icon landscape'>\n\t\t\t\t<a href='https:\/\/centralmedia.rs\/index.php\/2021\/09\/02\/novi-vrtic-u-kusiljevu\/kusiljevo5-2\/'><img loading=\"lazy\" decoding=\"async\" width=\"150\" height=\"150\" src=\"https:\/\/centralmedia.rs\/wp-content\/uploads\/2021\/09\/kusiljevo5-150x150.jpg\" class=\"attachment-thumbnail size-thumbnail\" alt=\"\" \/><\/a>\n\t\t\t<\/div><\/figure><figure class='gallery-item'>\n\t\t\t<div class='gallery-icon landscape'>\n\t\t\t\t<a href='https:\/\/centralmedia.rs\/index.php\/2021\/09\/02\/novi-vrtic-u-kusiljevu\/kusiljevo4-2\/'><img loading=\"lazy\" decoding=\"async\" width=\"150\" height=\"150\" src=\"https:\/\/centralmedia.rs\/wp-content\/uploads\/2021\/09\/kusiljevo4-150x150.jpg\" class=\"attachment-thumbnail size-thumbnail\" alt=\"\" \/><\/a>\n\t\t\t<\/div><\/figure><figure class='gallery-item'>\n\t\t\t<div class='gallery-icon landscape'>\n\t\t\t\t<a href='https:\/\/centralmedia.rs\/index.php\/2021\/09\/02\/novi-vrtic-u-kusiljevu\/kusiljevo3-2\/'><img loading=\"lazy\" decoding=\"async\" width=\"150\" height=\"150\" src=\"https:\/\/centralmedia.rs\/wp-content\/uploads\/2021\/09\/kusiljevo3-150x150.jpg\" class=\"attachment-thumbnail size-thumbnail\" alt=\"\" \/><\/a>\n\t\t\t<\/div><\/figure><figure class='gallery-item'>\n\t\t\t<div class='gallery-icon portrait'>\n\t\t\t\t<a href='https:\/\/centralmedia.rs\/index.php\/2021\/09\/02\/novi-vrtic-u-kusiljevu\/kusiljevo2-4\/'><img loading=\"lazy\" decoding=\"async\" width=\"150\" height=\"150\" src=\"https:\/\/centralmedia.rs\/wp-content\/uploads\/2021\/09\/kusiljevo2-150x150.jpg\" class=\"attachment-thumbnail size-thumbnail\" alt=\"\" \/><\/a>\n\t\t\t<\/div><\/figure><figure class='gallery-item'>\n\t\t\t<div class='gallery-icon landscape'>\n\t\t\t\t<a href='https:\/\/centralmedia.rs\/index.php\/2021\/09\/02\/novi-vrtic-u-kusiljevu\/kusiljevo1-4\/'><img loading=\"lazy\" decoding=\"async\" width=\"150\" height=\"150\" src=\"https:\/\/centralmedia.rs\/wp-content\/uploads\/2021\/09\/kusiljevo1-150x150.jpg\" class=\"attachment-thumbnail size-thumbnail\" alt=\"\" \/><\/a>\n\t\t\t<\/div><\/figure><figure class='gallery-item'>\n\t\t\t<div class='gallery-icon landscape'>\n\t\t\t\t<a href='https:\/\/centralmedia.rs\/index.php\/2021\/09\/02\/novi-vrtic-u-kusiljevu\/kusiljevo-4\/'><img loading=\"lazy\" decoding=\"async\" width=\"150\" height=\"150\" src=\"https:\/\/centralmedia.rs\/wp-content\/uploads\/2021\/09\/kusiljevo-150x150.jpg\" class=\"attachment-thumbnail size-thumbnail\" alt=\"\" \/><\/a>\n\t\t\t<\/div><\/figure>\n\t\t<\/div>\n\n","protected":false},"excerpt":{"rendered":"<p>SVILAJNAC-Sve\u010dano je otvoren novi objekat Pred\u0161kolske ustanove \u201cDe\u010dija radost\u201d u Ku\u0161iljevu koji je jedan od najlep\u0161ih seoskih vrti\u0107a i ima mogu\u0107nost da primi i do &hellip; <\/p>\n","protected":false},"author":2,"featured_media":28165,"comment_status":"open","ping_status":"open","sticky":false,"template":"","format":"standard","meta":{"footnotes":""},"categories":[14,1524,2,887,12,1517],"tags":[740,38,1013],"_links":{"self":[{"href":"https:\/\/centralmedia.rs\/index.php\/wp-json\/wp\/v2\/posts\/28164"}],"collection":[{"href":"https:\/\/centralmedia.rs\/index.php\/wp-json\/wp\/v2\/posts"}],"about":[{"href":"https:\/\/centralmedia.rs\/index.php\/wp-json\/wp\/v2\/types\/post"}],"author":[{"embeddable":true,"href":"https:\/\/centralmedia.rs\/index.php\/wp-json\/wp\/v2\/users\/2"}],"replies":[{"embeddable":true,"href":"https:\/\/centralmedia.rs\/index.php\/wp-json\/wp\/v2\/comments?post=28164"}],"version-history":[{"count":1,"href":"https:\/\/centralmedia.rs\/index.php\/wp-json\/wp\/v2\/posts\/28164\/revisions"}],"predecessor-version":[{"id":28174,"href":"https:\/\/centralmedia.rs\/index.php\/wp-json\/wp\/v2\/posts\/28164\/revisions\/28174"}],"wp:featuredmedia":[{"embeddable":true,"href":"https:\/\/centralmedia.rs\/index.php\/wp-json\/wp\/v2\/media\/28165"}],"wp:attachment":[{"href":"https:\/\/centralmedia.rs\/index.php\/wp-json\/wp\/v2\/media?parent=28164"}],"wp:term":[{"taxonomy":"category","embeddable":true,"href":"https:\/\/centralmedia.rs\/index.php\/wp-json\/wp\/v2\/categories?post=28164"},{"taxonomy":"post_tag","embeddable":true,"href":"https:\/\/centralmedia.rs\/index.php\/wp-json\/wp\/v2\/tags?post=28164"}],"curies":[{"name":"wp","href":"https:\/\/api.w.org\/{rel}","templated":true}]}}