{"id":2818,"date":"2016-04-20T18:53:42","date_gmt":"2016-04-20T18:53:42","guid":{"rendered":"http:\/\/centralmedia.rs\/?p=2818"},"modified":"2016-04-20T18:53:42","modified_gmt":"2016-04-20T18:53:42","slug":"zavrsna-konvencija-sase-paunovica","status":"publish","type":"post","link":"https:\/\/centralmedia.rs\/index.php\/2016\/04\/20\/zavrsna-konvencija-sase-paunovica\/","title":{"rendered":"ZAVR\u0160NA KONVENCIJA DS I SA\u0160E PAUNOVI\u0106A"},"content":{"rendered":"<p>PARA\u0106IN-Imamo rezultate, imamo ljude, imamo plan, imamo podr\u0161ku gra\u0111ana i zato nema dileme, 24.aprila, iza\u0111ite na izbore i glasajte za listu broj 1 &#8220;Sigurno napred za Para\u0107in&#8221; na lokalnim izborima i budite deo pobedni\u010dkog tima, poru\u010dio je na zavr\u0161noj konvenciji liste &#8220;Sa\u0161a Paunovi\u0107 &#8211; Sigurno napred za Para\u0107in!&#8221;, kandidat za predsednika op\u0161tine, Sa\u0161a Paunovi\u0107. On je izlo\u017eio po oblastima Program za Para\u0107in 2016-2020 godine<br \/>\nNa\u0161 plan: Nastavi\u0107emo, tamo gde ima interesovanja, da objekte domova kulture pretvaramo u vi\u0161enamenske sportsko rekreacione sale. Bi\u0107e izgra\u0111ena (do leta 2016.god.) poslednja planirana fiskulturna sala za osmorazrende \u0161kole na selu, u Tre\u0161njevici. Nastavi\u0107e se sa re\u0161avanjem imovinskih problema na fudbalskim terenima, legalizacijom sportskih objekata i postepenom izgradnjom svla\u010dionica kako bi se takmi\u010denja odvijala u skladu sa propisima. Postoje\u0107i objekti terena za male sportove bi\u0107e redovno odr\u017eavani, a o\u010dekuje se i izgradnja novog terena u Izvoru zbog spora sa crkvom oko lokacije postoje\u0107eg terena.<a href=\"https:\/\/centralmedia.rs\/wp-content\/uploads\/2016\/04\/zavrsna-konvenija-ds-1.jpg\"><img loading=\"lazy\" decoding=\"async\" src=\"https:\/\/centralmedia.rs\/wp-content\/uploads\/2016\/04\/zavrsna-konvenija-ds-1-300x200.jpg\" alt=\"zavrsna konvenija ds 1\" width=\"300\" height=\"200\" class=\"alignnone size-medium wp-image-2820\" srcset=\"https:\/\/centralmedia.rs\/wp-content\/uploads\/2016\/04\/zavrsna-konvenija-ds-1-300x200.jpg 300w, https:\/\/centralmedia.rs\/wp-content\/uploads\/2016\/04\/zavrsna-konvenija-ds-1-768x512.jpg 768w, https:\/\/centralmedia.rs\/wp-content\/uploads\/2016\/04\/zavrsna-konvenija-ds-1.jpg 960w\" sizes=\"(max-width: 300px) 100vw, 300px\" \/><\/a><br \/>\nNa\u0161 plan: Po\u0161to je izgradnja kanalizacione mre\u017ee u samom gradu zavr\u0161ena, te\u017ei\u0161te izgradnje ovog vida infrastrukture pomera se na prigradska naselja. Na\u0161 cilj je da do 2020.god. bude izgra\u0111ena kanalizacija u svim prigradskim ulicama sa iole ve\u0107om gustinom naseljenosti. U samom gradu gradi\u0107e se uz rekonstrukciju ulica i novi vodovi atmosferske kanalizacije i \u0161irite mre\u017ea na lokacijama gde se javljaju problemi nakon velikih padavina. Glavni problem koji spre\u010dava br\u017eu izgradnju kanalizacije u prigradskim naseljima su nere\u0161eni imovinski odnosi, ali \u0107e se usvajanjem izmena Plana generalne regulacija Para\u0107ina tokom 2016.god. omogu\u0107iti br\u017ee re\u0161avanje i imovinskih odnosa u prigradskim ulicama.<br \/>\nNa\u0161 plan: Nastavi\u0107emo da obezbe\u0111ujemo svu pomo\u0107 poljoprivrednicima koja je mogu\u0107a po sada va\u017ee\u0107em Zakonu o ruralnom razvoju (na snazi od 2013.god.), a koji je drasti\u010dno suzio mogu\u0107nosti lokalnih samouprava u oblasti poljoprivrede. Nastavi\u0107e se ure\u0111ivanje i ome\u0111avanje poljskih puteva u svim mesnim zajednicama u kojima postoje zna\u010dajne povr\u0161ine poljoprivrednog zemlji\u0161ta. Komasacija \u0107e posle Donjeg Vidova biti organizovana i u drugim selima gde za to ima interesovanja. Pru\u017ea\u0107e se pomo\u0107 udru\u017eenjima poljoprivrednih proizvo\u0111a\u010da, a i dalje \u0107e biti dostupna mogu\u0107nost subvencionisanja kredita za poljoprivrednike. Novi zadatak bi\u0107e za\u0161tita poljoprivrednog zemlji\u0161ta od plavljenja, ure\u0111enjem manjih vodotokova nakon usvajanja urbanisti\u010dkih planova, izrade projektne dokumentacije, re\u0161avana imovinskih odnosa i radova na regulaciji.<a href=\"https:\/\/centralmedia.rs\/wp-content\/uploads\/2016\/04\/zavrsna-konvenija-ds.jpg\"><img loading=\"lazy\" decoding=\"async\" src=\"https:\/\/centralmedia.rs\/wp-content\/uploads\/2016\/04\/zavrsna-konvenija-ds-300x200.jpg\" alt=\"zavrsna konvenija ds\" width=\"300\" height=\"200\" class=\"alignnone size-medium wp-image-2821\" srcset=\"https:\/\/centralmedia.rs\/wp-content\/uploads\/2016\/04\/zavrsna-konvenija-ds-300x200.jpg 300w, https:\/\/centralmedia.rs\/wp-content\/uploads\/2016\/04\/zavrsna-konvenija-ds-768x512.jpg 768w, https:\/\/centralmedia.rs\/wp-content\/uploads\/2016\/04\/zavrsna-konvenija-ds.jpg 960w\" sizes=\"(max-width: 300px) 100vw, 300px\" \/><\/a><br \/>\nNa\u0161 plan: Uz postepeno privo\u0111enje kraju re\u0161avanja osnovnih infrastrukturnih problema u selima (vodovod, kanalizacija, asfaltiranje ulica) nastavi\u0107emo i ure\u0111enje javnih povr\u0161ina u selima, uz izgradnju trotoara du\u017e prometnih saobra\u0107ajnica (pre svega lokalnih puteva) u samoj blizini \u0161kola, ure\u0111enje i izgradnju de\u010dijih igrali\u0161ta i ure\u0111enje postoje\u0107ih parkovskih povr\u0161ina. Obnavljanje i sve ve\u0107e kori\u0161\u0107enje domova kulture prate i zahtevi sa sre\u0111ivanje centralnih seoskih zona, izgradnju parkirali\u0161ta i unapre\u0111enje komunalnog reda. Na\u0161 osnovni cilj je da stanovnici seoskih mesnih zajednica najpre dobiju iste infrastrukturne mogu\u0107nosti kakve imaju stanovnici gradskih mesnih zajednica, ali i da ure\u0111enje javnih povr\u0161ina u selima postepeno prati unapre\u0111enje ve\u0107 na\u010dinjeno u gradskim mesnim zajednicama i centru grada. Gradimo moderan grad, gradi\u0107emo i moderna sela.<br \/>\nNa\u0161 plan: Gradimo moderan grad. Na\u0161 cilj je da Para\u0107in bude najure\u0111eniji grad u centralnoj Srbiji. Obezbedi\u0107emo nova parking mesta kroz izgradnju novih i ure\u0111enje postoje\u0107ih parkirali\u0161ta. U centru grada bi\u0107e izgra\u0111ena nova fontana. U centru grada obezbedi\u0107emo mogu\u0107nost za izgradnju novog gradskog bloka od &#8220;Kule&#8221; do &#8220;Sto\u0161i\u0107a&#8221;, kao i za re\u0161avanje problema &#8220;\u0161tofarskih kolonija&#8221; u saradnji sa stanarima. Planiramo da u naredne \u010detiri godine privedemo kraju izgradnju prilaza stambenim objektima. Nastavi\u0107emo ure\u0111enje de\u010dijih igrali\u0161ta u razli\u010ditim mesnim zajednicama, izgradnju trotoara u blizini \u0161kola i pored prometnih saobra\u0107ajnica, ure\u0111enje novih parkovskih povr\u0161ina.<\/p>\n","protected":false},"excerpt":{"rendered":"<p>PARA\u0106IN-Imamo rezultate, imamo ljude, imamo plan, imamo podr\u0161ku gra\u0111ana i zato nema dileme, 24.aprila, iza\u0111ite na izbore i glasajte za listu broj 1 &#8220;Sigurno napred &hellip; <\/p>\n","protected":false},"author":4,"featured_media":2819,"comment_status":"open","ping_status":"open","sticky":false,"template":"","format":"standard","meta":{"footnotes":""},"categories":[2,13,12],"tags":[156,552,724],"_links":{"self":[{"href":"https:\/\/centralmedia.rs\/index.php\/wp-json\/wp\/v2\/posts\/2818"}],"collection":[{"href":"https:\/\/centralmedia.rs\/index.php\/wp-json\/wp\/v2\/posts"}],"about":[{"href":"https:\/\/centralmedia.rs\/index.php\/wp-json\/wp\/v2\/types\/post"}],"author":[{"embeddable":true,"href":"https:\/\/centralmedia.rs\/index.php\/wp-json\/wp\/v2\/users\/4"}],"replies":[{"embeddable":true,"href":"https:\/\/centralmedia.rs\/index.php\/wp-json\/wp\/v2\/comments?post=2818"}],"version-history":[{"count":0,"href":"https:\/\/centralmedia.rs\/index.php\/wp-json\/wp\/v2\/posts\/2818\/revisions"}],"wp:featuredmedia":[{"embeddable":true,"href":"https:\/\/centralmedia.rs\/index.php\/wp-json\/wp\/v2\/media\/2819"}],"wp:attachment":[{"href":"https:\/\/centralmedia.rs\/index.php\/wp-json\/wp\/v2\/media?parent=2818"}],"wp:term":[{"taxonomy":"category","embeddable":true,"href":"https:\/\/centralmedia.rs\/index.php\/wp-json\/wp\/v2\/categories?post=2818"},{"taxonomy":"post_tag","embeddable":true,"href":"https:\/\/centralmedia.rs\/index.php\/wp-json\/wp\/v2\/tags?post=2818"}],"curies":[{"name":"wp","href":"https:\/\/api.w.org\/{rel}","templated":true}]}}