{"id":28182,"date":"2021-09-04T01:38:15","date_gmt":"2021-09-03T23:38:15","guid":{"rendered":"http:\/\/centralmedia.rs\/?p=28182"},"modified":"2021-09-08T13:47:55","modified_gmt":"2021-09-08T11:47:55","slug":"dekan-sumarskog-fakulteta-prica-o-litujumu-u-srbiji-je-pokusaj-pljacke-i-prevare","status":"publish","type":"post","link":"https:\/\/centralmedia.rs\/index.php\/2021\/09\/04\/dekan-sumarskog-fakulteta-prica-o-litujumu-u-srbiji-je-pokusaj-pljacke-i-prevare\/","title":{"rendered":"DEKAN \u0160UMARSKOG FAKULTETA: Pri\u010da o litujumu u Srbiji je poku\u0161aj plja\u010dke i prevare"},"content":{"rendered":"<p>REKOVAC- Dekan \u0161umarskog fakulteta u Beogradu prof. dr \u00a0Ratko Risti\u0107 na dana\u0161njem prostestnom skupu u Rekovcu zaklju\u010dio je da je pri\u010da o litijumu u Srbiji poku\u0161aj plja\u010dke i prevara. On je pozvao gra\u0111ane Srbije da 11. septembra do\u0111u na protest u Beogradu protiv eksploatacije litijuma.<\/p>\n<p>-Bave\u0107i se ovim problemom uo\u010dio sam veliki broj pohlepnih i korumpiranih kreatura koje sede u na\u0161im ministarstvima, javnim preduze\u0107ima i na\u017ealost na\u0161im univerzitetima. Vrhunski politi\u010dki \u010dinioci izgubli su ose\u0107aj za to \u0161ta je sudbina obi\u010dnog \u010doveka, \u0161ta su njegove potrebe i od \u010dega zavisi njegov \u017eivot. U svojoj bahatosti otu\u0111ili su se od realnog \u017eivota, ne vide potrebe ljudi u manjim sredinama u unutra\u0161njosti, gde na\u0161e Ministarstvo rudarstva i energetike izdaje dozvole za istra\u017eivanje litijuma bahato, ne pitaju\u0107i nikoga. Svako ko ula\u017ee u istra\u017eivanja o\u010dekuje da mu se to vrati tako \u0161to \u0107e dobiti koncesiju za eksploataciju. Va\u017eno je to da bi do\u0161lo do neverovatnih zaga\u0111enja zemlji\u0161ta, vode, vazduha, \u017eivi svet bi bio zbrisan, odnosno biodiverzitet, matrica \u017eivota. Ljudi bi disali veoma zaga\u0111en vazduh, morali bi da piju zaga\u0111enu vodu, vrlo brzo bi se osetile strahovite zdravstvene posledice, rekao je prof. dr Risti\u0107 i dodao da na problemu litijuma vlast u Srbiji podcenjuje gra\u0111ane i nau\u010dnike \u00a0i pozvao gra\u0111ane Srbije da 11. septembra do\u0111u na protest u Beogradu protiv eksploatacije litijuma.<\/p>\n<div id='gallery-1' class='gallery galleryid-28182 gallery-columns-5 gallery-size-thumbnail'><figure class='gallery-item'>\n\t\t\t<div class='gallery-icon landscape'>\n\t\t\t\t<a href='https:\/\/centralmedia.rs\/index.php\/2021\/09\/04\/dekan-sumarskog-fakulteta-prica-o-litujumu-u-srbiji-je-pokusaj-pljacke-i-prevare\/protest2-3\/'><img loading=\"lazy\" decoding=\"async\" width=\"150\" height=\"150\" src=\"https:\/\/centralmedia.rs\/wp-content\/uploads\/2021\/09\/protest2-150x150.jpg\" class=\"attachment-thumbnail size-thumbnail\" alt=\"\" \/><\/a>\n\t\t\t<\/div><\/figure><figure class='gallery-item'>\n\t\t\t<div class='gallery-icon landscape'>\n\t\t\t\t<a href='https:\/\/centralmedia.rs\/index.php\/2021\/09\/04\/dekan-sumarskog-fakulteta-prica-o-litujumu-u-srbiji-je-pokusaj-pljacke-i-prevare\/cuta\/'><img loading=\"lazy\" decoding=\"async\" width=\"150\" height=\"150\" src=\"https:\/\/centralmedia.rs\/wp-content\/uploads\/2021\/09\/cuta-150x150.jpg\" class=\"attachment-thumbnail size-thumbnail\" alt=\"\" \/><\/a>\n\t\t\t<\/div><\/figure><figure class='gallery-item'>\n\t\t\t<div class='gallery-icon landscape'>\n\t\t\t\t<a href='https:\/\/centralmedia.rs\/index.php\/2021\/09\/04\/dekan-sumarskog-fakulteta-prica-o-litujumu-u-srbiji-je-pokusaj-pljacke-i-prevare\/dekan-ratko-ristic\/'><img loading=\"lazy\" decoding=\"async\" width=\"150\" height=\"150\" src=\"https:\/\/centralmedia.rs\/wp-content\/uploads\/2021\/09\/dekan-ratko-ristic-150x150.jpg\" class=\"attachment-thumbnail size-thumbnail\" alt=\"\" \/><\/a>\n\t\t\t<\/div><\/figure><figure class='gallery-item'>\n\t\t\t<div class='gallery-icon landscape'>\n\t\t\t\t<a href='https:\/\/centralmedia.rs\/index.php\/2021\/09\/04\/dekan-sumarskog-fakulteta-prica-o-litujumu-u-srbiji-je-pokusaj-pljacke-i-prevare\/protest-14\/'><img loading=\"lazy\" decoding=\"async\" width=\"150\" height=\"150\" src=\"https:\/\/centralmedia.rs\/wp-content\/uploads\/2021\/09\/protest-150x150.jpg\" class=\"attachment-thumbnail size-thumbnail\" alt=\"\" \/><\/a>\n\t\t\t<\/div><\/figure><figure class='gallery-item'>\n\t\t\t<div class='gallery-icon landscape'>\n\t\t\t\t<a href='https:\/\/centralmedia.rs\/index.php\/2021\/09\/04\/dekan-sumarskog-fakulteta-prica-o-litujumu-u-srbiji-je-pokusaj-pljacke-i-prevare\/protest1-4\/'><img loading=\"lazy\" decoding=\"async\" width=\"150\" height=\"150\" src=\"https:\/\/centralmedia.rs\/wp-content\/uploads\/2021\/09\/protest1-150x150.jpg\" class=\"attachment-thumbnail size-thumbnail\" alt=\"\" \/><\/a>\n\t\t\t<\/div><\/figure>\n\t\t<\/div>\n\n<p>-Treba da nas bude \u0161to vi\u0161e u Beogradu 11. septrembra. Blokira\u0107emo Brankov most i vide\u0107emo jo\u0161 koje saobra\u0107ajnice. Zahtevamo sve ugovore i sporazume sa Rio Tintom i sli\u010dnim zlotvorima, narodu na sto, na uvid. Svi ugovori su tajni. Drugi zahtev brisanje svih obaveza prema Rio Tinutu i sli\u010dnim koji su do\u0161li ovde da nam truju zemlju. Poruka jedna, jedina \u2013 isto \u0161to je uradilo pola sveta to \u0107emo uraditi i mi, odnosno Rio Tinto mora da ide iz Srbije, istakao je Aleksandar Jovanovi\u0107 \u0106uta iz Pokreta Odbranimo reke Stare planine.<\/p>\n<div id='gallery-2' class='gallery galleryid-28182 gallery-columns-3 gallery-size-full'><figure class='gallery-item'>\n\t\t\t<div class='gallery-icon landscape'>\n\t\t\t\t<a href='https:\/\/centralmedia.rs\/index.php\/2021\/09\/04\/dekan-sumarskog-fakulteta-prica-o-litujumu-u-srbiji-je-pokusaj-pljacke-i-prevare\/protest4-3\/'><img loading=\"lazy\" decoding=\"async\" width=\"1992\" height=\"1328\" src=\"https:\/\/centralmedia.rs\/wp-content\/uploads\/2021\/09\/protest4.jpg\" class=\"attachment-full size-full\" alt=\"\" srcset=\"https:\/\/centralmedia.rs\/wp-content\/uploads\/2021\/09\/protest4.jpg 1992w, https:\/\/centralmedia.rs\/wp-content\/uploads\/2021\/09\/protest4-300x200.jpg 300w, https:\/\/centralmedia.rs\/wp-content\/uploads\/2021\/09\/protest4-768x512.jpg 768w, https:\/\/centralmedia.rs\/wp-content\/uploads\/2021\/09\/protest4-1024x683.jpg 1024w, https:\/\/centralmedia.rs\/wp-content\/uploads\/2021\/09\/protest4-630x420.jpg 630w, https:\/\/centralmedia.rs\/wp-content\/uploads\/2021\/09\/protest4-640x427.jpg 640w, https:\/\/centralmedia.rs\/wp-content\/uploads\/2021\/09\/protest4-681x454.jpg 681w\" sizes=\"(max-width: 1992px) 100vw, 1992px\" \/><\/a>\n\t\t\t<\/div><\/figure><figure class='gallery-item'>\n\t\t\t<div class='gallery-icon landscape'>\n\t\t\t\t<a href='https:\/\/centralmedia.rs\/index.php\/2021\/09\/04\/dekan-sumarskog-fakulteta-prica-o-litujumu-u-srbiji-je-pokusaj-pljacke-i-prevare\/protest5-3\/'><img loading=\"lazy\" decoding=\"async\" width=\"1992\" height=\"1328\" src=\"https:\/\/centralmedia.rs\/wp-content\/uploads\/2021\/09\/protest5.jpg\" class=\"attachment-full size-full\" alt=\"\" srcset=\"https:\/\/centralmedia.rs\/wp-content\/uploads\/2021\/09\/protest5.jpg 1992w, https:\/\/centralmedia.rs\/wp-content\/uploads\/2021\/09\/protest5-300x200.jpg 300w, https:\/\/centralmedia.rs\/wp-content\/uploads\/2021\/09\/protest5-768x512.jpg 768w, https:\/\/centralmedia.rs\/wp-content\/uploads\/2021\/09\/protest5-1024x683.jpg 1024w, https:\/\/centralmedia.rs\/wp-content\/uploads\/2021\/09\/protest5-630x420.jpg 630w, https:\/\/centralmedia.rs\/wp-content\/uploads\/2021\/09\/protest5-640x427.jpg 640w, https:\/\/centralmedia.rs\/wp-content\/uploads\/2021\/09\/protest5-681x454.jpg 681w\" sizes=\"(max-width: 1992px) 100vw, 1992px\" \/><\/a>\n\t\t\t<\/div><\/figure><figure class='gallery-item'>\n\t\t\t<div class='gallery-icon landscape'>\n\t\t\t\t<a href='https:\/\/centralmedia.rs\/index.php\/2021\/09\/04\/dekan-sumarskog-fakulteta-prica-o-litujumu-u-srbiji-je-pokusaj-pljacke-i-prevare\/protest3-3\/'><img loading=\"lazy\" decoding=\"async\" width=\"1992\" height=\"1328\" src=\"https:\/\/centralmedia.rs\/wp-content\/uploads\/2021\/09\/protest3.jpg\" class=\"attachment-full size-full\" alt=\"\" srcset=\"https:\/\/centralmedia.rs\/wp-content\/uploads\/2021\/09\/protest3.jpg 1992w, https:\/\/centralmedia.rs\/wp-content\/uploads\/2021\/09\/protest3-300x200.jpg 300w, https:\/\/centralmedia.rs\/wp-content\/uploads\/2021\/09\/protest3-768x512.jpg 768w, https:\/\/centralmedia.rs\/wp-content\/uploads\/2021\/09\/protest3-1024x683.jpg 1024w, https:\/\/centralmedia.rs\/wp-content\/uploads\/2021\/09\/protest3-630x420.jpg 630w, https:\/\/centralmedia.rs\/wp-content\/uploads\/2021\/09\/protest3-640x427.jpg 640w, https:\/\/centralmedia.rs\/wp-content\/uploads\/2021\/09\/protest3-681x454.jpg 681w\" sizes=\"(max-width: 1992px) 100vw, 1992px\" \/><\/a>\n\t\t\t<\/div><\/figure>\n\t\t<\/div>\n\n<p>On je najavio da \u0107e na protestu 11. septembrau Beogradu govoriti ljudi koji hrane Srbiju, kao i poznati glumci Petar Bo\u017eovi\u0107, Ceca Bojkovi\u0107, Seka Sabli\u0107, knji\u017eevnik Ljubivoje R\u0161umovi\u0107.<\/p>\n<p>-Va\u017eno je da ako ja prodam svoju dedovinu i o\u010devinu bilo kojoj stranoj kompaniji, to vi\u0161e nikad nije moje, niti moje dece i unuka&#8230; Nikad vi\u0161e ne\u0107emo imati ni jednu njivu, nikada vi\u0161e gra\u0111ani Srbije ne\u0107e biti vlasnici. Zauvek \u0107e biti tu\u0111e, ne\u0107emo da imamo \u0161ta ostavimo svojoj deci, ako prodamo zemlju. Mi koji smo danas ovde ne damo zemlju na\u0161e dece i unuka, kazala je prof. dr Ilijana \u010cutura, koja se predstavila kao poljoprivrednik iz Siokovca kod Jagodine.<\/p>\n<p>Na protestvnom skupu govorili su profesor dr Miladin \u0160evarli\u0107 poljoprivrednik iz Po\u017eege Dragan Simovi\u0107 i Dr Miodrag Komatina<\/p>\n<p>foto Eko brigada Jagodina<\/p>\n","protected":false},"excerpt":{"rendered":"<p>REKOVAC- Dekan \u0161umarskog fakulteta u Beogradu prof. dr \u00a0Ratko Risti\u0107 na dana\u0161njem prostestnom skupu u Rekovcu zaklju\u010dio je da je pri\u010da o litijumu u Srbiji &hellip; <\/p>\n","protected":false},"author":2,"featured_media":28184,"comment_status":"open","ping_status":"open","sticky":false,"template":"","format":"standard","meta":{"footnotes":""},"categories":[1524,20,2,1519,12],"tags":[5400,5218,5399,523,441],"_links":{"self":[{"href":"https:\/\/centralmedia.rs\/index.php\/wp-json\/wp\/v2\/posts\/28182"}],"collection":[{"href":"https:\/\/centralmedia.rs\/index.php\/wp-json\/wp\/v2\/posts"}],"about":[{"href":"https:\/\/centralmedia.rs\/index.php\/wp-json\/wp\/v2\/types\/post"}],"author":[{"embeddable":true,"href":"https:\/\/centralmedia.rs\/index.php\/wp-json\/wp\/v2\/users\/2"}],"replies":[{"embeddable":true,"href":"https:\/\/centralmedia.rs\/index.php\/wp-json\/wp\/v2\/comments?post=28182"}],"version-history":[{"count":5,"href":"https:\/\/centralmedia.rs\/index.php\/wp-json\/wp\/v2\/posts\/28182\/revisions"}],"predecessor-version":[{"id":28198,"href":"https:\/\/centralmedia.rs\/index.php\/wp-json\/wp\/v2\/posts\/28182\/revisions\/28198"}],"wp:featuredmedia":[{"embeddable":true,"href":"https:\/\/centralmedia.rs\/index.php\/wp-json\/wp\/v2\/media\/28184"}],"wp:attachment":[{"href":"https:\/\/centralmedia.rs\/index.php\/wp-json\/wp\/v2\/media?parent=28182"}],"wp:term":[{"taxonomy":"category","embeddable":true,"href":"https:\/\/centralmedia.rs\/index.php\/wp-json\/wp\/v2\/categories?post=28182"},{"taxonomy":"post_tag","embeddable":true,"href":"https:\/\/centralmedia.rs\/index.php\/wp-json\/wp\/v2\/tags?post=28182"}],"curies":[{"name":"wp","href":"https:\/\/api.w.org\/{rel}","templated":true}]}}