{"id":28210,"date":"2021-09-07T14:34:36","date_gmt":"2021-09-07T12:34:36","guid":{"rendered":"http:\/\/centralmedia.rs\/?p=28210"},"modified":"2021-09-09T13:36:00","modified_gmt":"2021-09-09T11:36:00","slug":"palma-sto-pre-doneti-zakon-o-proizvodacima-i-zastiti-domace-proizvodace","status":"publish","type":"post","link":"https:\/\/centralmedia.rs\/index.php\/2021\/09\/07\/palma-sto-pre-doneti-zakon-o-proizvodacima-i-zastiti-domace-proizvodace\/","title":{"rendered":"PALMA : \u0160TO PRE DONETI ZAKON O PROIZVO\u0110A\u010cIMA I ZA\u0160TITI DOMA\u0106E PROIZVO\u0110A\u010cE"},"content":{"rendered":"<p>\u201cSkup\u0161tina Srbije mora \u0161to pre da donese Zakon o proizvo\u0111a\u010dima, jer bez proizvo\u0111a\u010da nema ni potro\u0161a\u010da\u201d, rekao je danas predsednik i \u0161ef poslani\u010dke grupe Jedinstvene Srbije Dragan Markovi\u0107 Palma govore\u0107i u parlamentu o Predlogu zakona o za\u0161titi potro\u0161a\u010da. \u201cMi danas zbog Sporazuma o stabilizaciji i pridru\u017eivanju, koji je biv\u0161a vlast potpisala jo\u0161 2008. godine, imamo situaciju da neke dr\u017eave izvoze u Srbiju \u0161ta god ho\u0107e i koliko ho\u0107e i prave konkurenciju doma\u0107em proizvo\u0111a\u010du. Zbog toga na\u0161i poljoprivredni proizvo\u0111a\u010di imaju veliku razliku u ceni, od njihove proizvo\u0111a\u010dke cene, do one u marketima i kasapnicama. Dalje, ko \u0161titi poljoprivrednog prozivo\u0111a\u010da kada je u pitanju neka semenska jedinica, kada proizvo\u0111a\u010d ne dobije kvalitet koji pi\u0161e na kesi ili d\u017eaku tog semenskog prozivo\u0111a\u010da. Mi iz Jedinstvene Srbije smatramo da moramo da \u010duvamo i \u0161titimo selo. U Evropskoj uniji ne mogu da proizvode \u0161ta ho\u0107e i koliko ho\u0107e jer postoje kvote. Ako Evropska unija na taj na\u010din reguli\u0161e proizvodnju i tr\u017ei\u0161te, onda to mo\u017ee i Srbija, na na\u010din da velikim marketima ka\u017eemo da na policima mora biti toliko i toliko procenata doma\u0107e robe, a ne kao danas da je 80 posto robe iz uvoza. Ako mo\u017ee Evropska unija, za\u0161to mi to ne mo\u017eemo u na\u0161oj zemlji. Isto tako da \u0161titimo sve ostale doma\u0107e proizvo\u0111a\u010de, ne samo poljoprivredne. Ko je u trgovini potro\u0161a\u010d, kada imate dva trgovca, pa jedan kupuje od proizvo\u0111a\u010da i proda drugom trgovcu? Zato moramo da donesemo Zakon o proizvo\u0111a\u010dima, mi moramo da vidimo kako da za\u0161titimo nas. Dr\u017eava Srbija, predsednik Srbije i Vlada Srbije su u\u010dinili da Srbija danas vi\u0161e ne zavisi od nikoga nego sama od sebe. Me\u0111u najboljima smo u svetu po rastu BDP, a dinar je stabilan ve\u0107 10 godina, \u0161to daje ekonomsku sigurnost i stabilnost i zato smatram da su se sada, pod ovim dr\u017eavnim rukovodstvom stekli uslovi i za Zakon o proizvo\u0111a\u010dima, odnosno Zakon o za\u0161itit doma\u0107ih proizvo\u0111a\u010da\u201d\u201d, rekao je Markovi\u0107.<\/p>\n<p>VAKCINACIJA JE PRIROITET SVIH PRIRIOTETA<\/p>\n<p>\u201cDr\u017eava Srbija je pre svih, pa \u010dak i pre najmo\u0107nije evropske sile Nema\u010dke obezbedila za svoje gra\u0111ane 4 vrste vakcina. Ali mi danas imamo tek 50 i ne\u0161to posto vakcinisanih. I to je tema svih tema i prioritet svih prioriteta. Samo vakcinacijom mo\u017eemo da za\u0161titimo zdravlje na\u0161ih ljudi, na\u0161e porodice, privredu i proizvo\u0111a\u010de i potro\u0161a\u010de. Svako od nas svakog dana i gde god da se na\u0111e mora da ka\u017ee \u201cvakcinacija, vakcinacija i vakcinacija\u201d. I to \u0161to \u0107e da ka\u017eu oni izdajnici Dragan \u0110ilas, Vuk Jeremi\u0107 i \u0110ilasova radnica Marinika Tepi\u0107 i njihovih 20 do 30 ljudi, ba\u0161 nas briga za to. \u017divot nema cenu. \u0160ta vredi \u0161to je dr\u017eava nabavila vakcine, napravila klini\u010dke centre, adaptirala bolnice, domove zdravlja i obezbedila sve kao malo koja dr\u017eava na svetu, ako jedan broj gra\u0111ana ne\u0107e da se vakcini\u0161e. I svi mi, nas 250 poslanika, kada nisu sednice parlamenta, petkom, subotom i nedeljom treba da idemo po celoj Srbiji sa samo jednom porukom \u201cvakcini\u0161ite se ljudi\u201d i da zamolimo one koji nisu vakcnisani da se vakcini\u0161u. Mi smo narodni poslanici. Samo ime nam govori \u0161ta treba da radimo i da se bavimo svim \u017eivotnim temama. Svi narodni poslanici moraju da budu vakcinisani. Ja se zala\u017eem i da u ugostiteljske objekte mogu da u\u0111u samo vakcinisani i neka se ljute oni \u0161to slu\u0161aju.\u201d, rekao je Markovi\u0107.<\/p>\n","protected":false},"excerpt":{"rendered":"<p>\u201cSkup\u0161tina Srbije mora \u0161to pre da donese Zakon o proizvo\u0111a\u010dima, jer bez proizvo\u0111a\u010da nema ni potro\u0161a\u010da\u201d, rekao je danas predsednik i \u0161ef poslani\u010dke grupe Jedinstvene &hellip; <\/p>\n","protected":false},"author":2,"featured_media":28211,"comment_status":"open","ping_status":"open","sticky":false,"template":"","format":"standard","meta":{"footnotes":""},"categories":[1524,2,13,887,12,1517],"tags":[5402,120,2936],"_links":{"self":[{"href":"https:\/\/centralmedia.rs\/index.php\/wp-json\/wp\/v2\/posts\/28210"}],"collection":[{"href":"https:\/\/centralmedia.rs\/index.php\/wp-json\/wp\/v2\/posts"}],"about":[{"href":"https:\/\/centralmedia.rs\/index.php\/wp-json\/wp\/v2\/types\/post"}],"author":[{"embeddable":true,"href":"https:\/\/centralmedia.rs\/index.php\/wp-json\/wp\/v2\/users\/2"}],"replies":[{"embeddable":true,"href":"https:\/\/centralmedia.rs\/index.php\/wp-json\/wp\/v2\/comments?post=28210"}],"version-history":[{"count":3,"href":"https:\/\/centralmedia.rs\/index.php\/wp-json\/wp\/v2\/posts\/28210\/revisions"}],"predecessor-version":[{"id":28214,"href":"https:\/\/centralmedia.rs\/index.php\/wp-json\/wp\/v2\/posts\/28210\/revisions\/28214"}],"wp:featuredmedia":[{"embeddable":true,"href":"https:\/\/centralmedia.rs\/index.php\/wp-json\/wp\/v2\/media\/28211"}],"wp:attachment":[{"href":"https:\/\/centralmedia.rs\/index.php\/wp-json\/wp\/v2\/media?parent=28210"}],"wp:term":[{"taxonomy":"category","embeddable":true,"href":"https:\/\/centralmedia.rs\/index.php\/wp-json\/wp\/v2\/categories?post=28210"},{"taxonomy":"post_tag","embeddable":true,"href":"https:\/\/centralmedia.rs\/index.php\/wp-json\/wp\/v2\/tags?post=28210"}],"curies":[{"name":"wp","href":"https:\/\/api.w.org\/{rel}","templated":true}]}}