{"id":28215,"date":"2021-09-07T14:42:57","date_gmt":"2021-09-07T12:42:57","guid":{"rendered":"http:\/\/centralmedia.rs\/?p=28215"},"modified":"2021-09-15T11:59:25","modified_gmt":"2021-09-15T09:59:25","slug":"odrzana-9-sednica-so-svilajnac-sns-deo-vladjuce-vecine","status":"publish","type":"post","link":"https:\/\/centralmedia.rs\/index.php\/2021\/09\/07\/odrzana-9-sednica-so-svilajnac-sns-deo-vladjuce-vecine\/","title":{"rendered":"ODR\u017dANA 9. SEDNICA SO SVILAJNAC \u2013 SNS DEO VLADAJU\u0106E VE\u0106INE"},"content":{"rendered":"<p>SVILAJNAC-Danas je odr\u017eana 9. sednica SO Svilajnac, kojoj je prisustvovalo 38 odbornika. Na sednici je razmatrano i usvojeno 12 ta\u010daka dnevnog reda. Na sednici su usvojeni Predlog II rebalansa bud\u017eeta op\u0161tine Svilajnac za 2021.godinu, zatim Izve\u0161taj o izvr\u0161enju bud\u017eeta Op\u0161tine Svilajnac za period od januara do jula 2021. Usvojen je predlog odluke o izmenama odluke o subvencijama privrednim subjektima kao meru za ubla\u017eavanje posledica epidemije, a usvojen je predlog o osnivanju izborne komisije za sprovo\u0111enje izbora za \u010dlanove saveta mesnih zajednica.<\/p>\n<div id='gallery-1' class='gallery galleryid-28215 gallery-columns-2 gallery-size-thumbnail'><figure class='gallery-item'>\n\t\t\t<div class='gallery-icon landscape'>\n\t\t\t\t<a href='https:\/\/centralmedia.rs\/index.php\/2021\/09\/07\/odrzana-9-sednica-so-svilajnac-sns-deo-vladjuce-vecine\/so1\/'><img loading=\"lazy\" decoding=\"async\" width=\"150\" height=\"150\" src=\"https:\/\/centralmedia.rs\/wp-content\/uploads\/2021\/09\/so1-150x150.jpg\" class=\"attachment-thumbnail size-thumbnail\" alt=\"\" \/><\/a>\n\t\t\t<\/div><\/figure><figure class='gallery-item'>\n\t\t\t<div class='gallery-icon landscape'>\n\t\t\t\t<a href='https:\/\/centralmedia.rs\/index.php\/2021\/09\/07\/odrzana-9-sednica-so-svilajnac-sns-deo-vladjuce-vecine\/so2\/'><img loading=\"lazy\" decoding=\"async\" width=\"150\" height=\"150\" src=\"https:\/\/centralmedia.rs\/wp-content\/uploads\/2021\/09\/so2-150x150.jpg\" class=\"attachment-thumbnail size-thumbnail\" alt=\"\" \/><\/a>\n\t\t\t<\/div><\/figure>\n\t\t<\/div>\n\n<p>Odbornicima se obratio predsednik op\u0161tine Svilajnac Predrag Milanovi\u0107 koji je izneo izve\u0161taj o realiziji projekata ali i trenutnoj situaciji vezanoj za korona virus. \u0160to se ti\u010de epidemije situacija je veoma te\u0161ka jer trenutno ima preko 260 aktivnih slu\u010dajeva korone i svi treba da po\u0161tujemo preporu\u010dene mere kako bi posledice po zdravlje bile \u0161to manje. Privredni razvoj ide u dobrom pravcu, uskoro \u0107e i zvani\u010dno otvaranje kompanije Regent koja ve\u0107 upo\u0161ljava 70 radnika i nastavlja sa uve\u0107anjem zaposlenih, a kre\u0107e i sa izgradnjom novog pogona od 6000 kvadrata. Sa upo\u0161ljavanjem radnika po\u010dele su i kompanije Beha i A 2000, a Alfa tehniks gradi novu fabri\u010dku halu od 8500 kvadrata. Od projekata koji su zavr\u0161eni otvoren je velelepni vrti\u0107 u Ku\u0161iljevu, izgra\u0111eno je \u0161kolsko igrali\u0161te u Kupinovcu, trotoari ka vrti\u0107u, otvorena je ulica kod spomenika Mari Resavkinji. U toku je izrada projektne dokumentacije za nastavak izgradnje kanalizacione mre\u017ee za Troponje, Grabovac, Crkvenac, Ku\u0161iljevo, Suboticu, Sedlare i Bobovo. Predsednik op\u0161tine Predrag Milanovi\u0107 upoznao je odbornike da je razgovarao sa predsednikom Srbije Aleksandrom Vu\u010di\u0107em o planovima za razvoj Svilajnca i da je dogovoreno da se planira dalja realizacija najva\u017enijih projekata za stvaranje jo\u0161 boljih uslova za \u017eivot i rad svih gra\u0111ana. Milanovi\u0107 je naglasio da je u me\u0111uvremenu razgovarao sa najvi\u0161im funkcionerima Srpske napredne stranke da je dogovoreno da svi odbornici u lokalnom parlamentu zajedni\u010dki rade na zadacima dalje izgradnje ove op\u0161tine i da je taj dogovor pre svega u interesu gra\u0111ana, te da \u0107e do kraja godine do\u0107i do rekonstrukcije u op\u0161tinskim organima. Predsednik odborni\u010dke grupe \u201cAleksandar Vu\u010di\u0107 \u2013 za na\u0161u decu\u201d Radi\u0161a Ljubisavljevi\u0107 rekao je da \u0107e ta odborni\u010dka grupa u daljem radu biti deo vladaju\u0107e koalicije i da \u0107e glasati za sve predloge u interesu razvoja op\u0161tine Svilajnac.<\/p>\n","protected":false},"excerpt":{"rendered":"<p>SVILAJNAC-Danas je odr\u017eana 9. sednica SO Svilajnac, kojoj je prisustvovalo 38 odbornika. Na sednici je razmatrano i usvojeno 12 ta\u010daka dnevnog reda. Na sednici su &hellip; <\/p>\n","protected":false},"author":2,"featured_media":28216,"comment_status":"open","ping_status":"open","sticky":false,"template":"","format":"standard","meta":{"footnotes":""},"categories":[1524,2,13,887,12,1517],"tags":[136,1233],"_links":{"self":[{"href":"https:\/\/centralmedia.rs\/index.php\/wp-json\/wp\/v2\/posts\/28215"}],"collection":[{"href":"https:\/\/centralmedia.rs\/index.php\/wp-json\/wp\/v2\/posts"}],"about":[{"href":"https:\/\/centralmedia.rs\/index.php\/wp-json\/wp\/v2\/types\/post"}],"author":[{"embeddable":true,"href":"https:\/\/centralmedia.rs\/index.php\/wp-json\/wp\/v2\/users\/2"}],"replies":[{"embeddable":true,"href":"https:\/\/centralmedia.rs\/index.php\/wp-json\/wp\/v2\/comments?post=28215"}],"version-history":[{"count":2,"href":"https:\/\/centralmedia.rs\/index.php\/wp-json\/wp\/v2\/posts\/28215\/revisions"}],"predecessor-version":[{"id":28220,"href":"https:\/\/centralmedia.rs\/index.php\/wp-json\/wp\/v2\/posts\/28215\/revisions\/28220"}],"wp:featuredmedia":[{"embeddable":true,"href":"https:\/\/centralmedia.rs\/index.php\/wp-json\/wp\/v2\/media\/28216"}],"wp:attachment":[{"href":"https:\/\/centralmedia.rs\/index.php\/wp-json\/wp\/v2\/media?parent=28215"}],"wp:term":[{"taxonomy":"category","embeddable":true,"href":"https:\/\/centralmedia.rs\/index.php\/wp-json\/wp\/v2\/categories?post=28215"},{"taxonomy":"post_tag","embeddable":true,"href":"https:\/\/centralmedia.rs\/index.php\/wp-json\/wp\/v2\/tags?post=28215"}],"curies":[{"name":"wp","href":"https:\/\/api.w.org\/{rel}","templated":true}]}}