{"id":28228,"date":"2021-09-08T14:06:28","date_gmt":"2021-09-08T12:06:28","guid":{"rendered":"http:\/\/centralmedia.rs\/?p=28228"},"modified":"2022-01-04T18:06:07","modified_gmt":"2022-01-04T17:06:07","slug":"palma-nastavljam-sa-privatnim-tuzbama-protiv-lopova-lazova-prevaranata-siledzija-i-ludaka","status":"publish","type":"post","link":"https:\/\/centralmedia.rs\/index.php\/2021\/09\/08\/palma-nastavljam-sa-privatnim-tuzbama-protiv-lopova-lazova-prevaranata-siledzija-i-ludaka\/","title":{"rendered":"PALMA: NASTAVLJAM SA PRIVATNIM TU\u017dBAMA PROTIV LOPOVA, LA\u017dOVA, PREVARANATA, SILED\u017dIJA I LUDAKA"},"content":{"rendered":"<p>JAGODINA-Predsednik Jedinstvene Srbije Dragan Markovi\u0107 Palma danas je u prostorijama Jedinstvene Srbije u Beogradu odr\u017eao konferenciju za novinare na kojoj je dokumentovano dokazao da je sve \u0161to su protiv njega u proteklih pola godine izgovarali Marinika Tepi\u0107, Dragan \u0110ilas, Sanda Ra\u0161kovi\u0107 Ivi\u0107 i ostali, \u010dista la\u017e.<\/p>\n<p><img loading=\"lazy\" decoding=\"async\" class=\"alignnone size-medium wp-image-28230\" src=\"http:\/\/centralmedia.rs\/wp-content\/uploads\/2021\/09\/beograd-300x143.jpg\" alt=\"\" width=\"300\" height=\"143\" srcset=\"https:\/\/centralmedia.rs\/wp-content\/uploads\/2021\/09\/beograd-300x143.jpg 300w, https:\/\/centralmedia.rs\/wp-content\/uploads\/2021\/09\/beograd-768x365.jpg 768w, https:\/\/centralmedia.rs\/wp-content\/uploads\/2021\/09\/beograd-1024x486.jpg 1024w, https:\/\/centralmedia.rs\/wp-content\/uploads\/2021\/09\/beograd-884x420.jpg 884w, https:\/\/centralmedia.rs\/wp-content\/uploads\/2021\/09\/beograd-640x304.jpg 640w, https:\/\/centralmedia.rs\/wp-content\/uploads\/2021\/09\/beograd-681x323.jpg 681w, https:\/\/centralmedia.rs\/wp-content\/uploads\/2021\/09\/beograd.jpg 1600w\" sizes=\"(max-width: 300px) 100vw, 300px\" \/><\/p>\n<p>Markovi\u0107 je novinarima pokazao zvani\u010dna saop\u0161tenja Tu\u017eila\u0161tva, izve\u0161taje policije, saop\u0161tenja prozivanih li\u010dnosti, slike sa odre\u0111enih mesta koja su pominjana u napadima na njega, u kojima se sve \u0161to su gore navedeni izgovarali demantuje.<\/p>\n<p>&#8220;Na dana\u0161njoj konferenciji za novinare ne govorim o aferama, jer afere ne postoje, ve\u0107 o la\u017eima koje su u poslednjih 6 meseci protiv mene izgovarali Dragan \u0110ilas, njegova radnica Marinika Tepi\u0107, njihov la\u017eni svedok osu\u0111eni kriminalac Branislav Radosavljeiv\u0107, Sanda Ra\u0161kovi\u0107 Ivi\u0107 i predsednica \u0110ilasove stranke u Jagodini, koja je ini\u010de psihi\u010dki bolesnik Katarina Joki\u0107. Pre 6 meseci su po\u010deli da me napadaju za ne\u0161to \u0161to se u politi\u010dkom \u017eivotu u Srbiji i na Balkanu nikada nije desilo. Nikada se nije desilo da vam neko na taj na\u010din napada porodicu bez ijednog materijalnog dokaza i da vas napada za ne\u0161to \u0161to je temelj mog politi\u010dkog delovanja kao doma\u0107ina, a to je porodica. Sve to je trajalo 6 meseci, a za mene je to bilo kao 6 godina, jer smo dugo \u010dekali saop\u0161tenje nadle\u017enog Tu\u017eila\u0161tva koje je odbacilo sve navode Marinike Tepi\u0107 protiv mene kao neosnovane&#8221;, izjavio je predsednik Jedinstvene Srbije Dragan Markovi\u0107 Palma. &#8220;Marinika Tepi\u0107 nema ideologiju, ona ovo ne radi zbog ideologije, programa i boljeg \u017eivota gra\u0111ana Srbije, ona ovo radi zbog para koje dobija od njenog poslodavca Dragana \u0110ilasa. A sve je po\u010delo kada sam ja u Skup\u0161tini Srbije postavio pitanje Draganu \u0110ilasu da li ima 619 miliona evra koji se pominju, da li je platio porez na te pare i da li ih je po\u0161teno zaradio i ako jeste za\u0161to ih je izneo van dr\u017eave Srbie. Dragan \u0110ilas ne mo\u017ee da izbegne\u00a0 odgovornost. Svi moraju biti jednaki pred zakonom. I meni nije jasno za\u0161to finanisjka i poreska policija ne izvr\u0161i proveru u preduze\u0107ima Dragana \u0110ilasa. On ne mo\u017ee da se vadi kao opozicionar. Svi su pred zakonom jednaki&#8221;, rekao je Markovi\u0107. &#8220;Ja sam podneo i krivi\u010dnu prijavu protiv Dragana \u0110ilasa zbog nasilja u porodici i da vidimo ko je u fioci skrivao tu\u017ebu njegove biv\u0161e supruge protiv njega da je tukao \u017eenu, njenog oca pred decom. To delo ne zastareva, to je kao genocid nad porodicom. Ja sam tu\u017eio sve koji su iznosili la\u017ei protiv mene i Mariniku Tepi\u0107 i Dragana \u0110ilasa i Sandu Ra\u0161kovio\u0107 Ivi\u0107 i onog omutavljenog i skremblovanog svedoka \u0161est puta hap\u0161enog i osu\u0111ivanog kriminalca Branislava Radosavljevi\u0107a. Po\u0161to u Srbiji vi\u0161e nije na snazi Zakon o kleveti, Tu\u017eila\u0161tvo je odbacilo moju tu\u017ebu po osnovu ugro\u017eene bezbednosti, ali sam ja podneo protiv tih lica privatnu tu\u017ebu zbog povrede ugleda i \u010dasti i o\u010dekujem da pravosudni organi procesuiraju ta lica. Pored toga 393 \u017eene su tu\u017eile Mariniku Tepi\u0107 zbog toga \u0161to je svojim la\u017eima uvredila sve \u017eene navodima da se \u017eene u Jagodini zapo\u0161ljavanju preko telefna za dru\u017eenje, a tu\u017ebu je protiv Marinike Tepi\u0107 podnelo i Javno komunalno preduze\u0107e &#8220;Standard&#8221; iz Jagodine zbog la\u017enih navoda o animir damama u tom preduze\u0107u koje ne dolaze na posao. O\u010dekujem da nadle\u017eni organi po tim pitanjima urade svoj posao po slovu zakona. Me\u0111utim Marinki Tepi\u0107 nadle\u017eni ne mogu da uru\u010de poziv jer stalno menja adrese i brojeve telefona kao Rom konje&#8221;, kazao je Markovi\u0107. &#8220;Stranka Dragana \u0110ilasa je jedan skup lopova, prevaranata, la\u017eova i siled\u017eija. Tu\u017eila\u0161tvo jer ispitalo 30 svedoka koji su svi demantovali sve \u0161to su izgovarali Marinika Tepi\u0107 i ostali, a ja pozivam novinare da provere \u0161ta je omutavljeni i skremblovani svedok kriminalac Branislav Radosavljevi\u0107 rekao na konferenciji Marinike Tepi\u0107, a \u0161ta je kasnije taj la\u017eni svedok rekao u policiji. Zahvaljuju\u0107i Draganu \u0110ilasu i Vuku Jeremi\u0107u Srbija kasni sa ulaskom u Evropsku uniju i zahvaljuju\u0107i njihovim\u00a0 la\u017eima koje iznose u inostranstvu veliki broj srpskih medija je ozna\u010den \u017eutom bojom kao u vreme Hitlera. Oni na pro\u0161le izbore nisu iza\u0161li, a ne\u0107e ni na naredne, ne zbog uslova, nego zbog rejtinga, a rejting se ne posti\u017ee la\u017eima, nego delima&#8221;, poru\u010dio je predsednik Jedinstvene Srbije.<\/p>\n<p>&#8221; I na kraju, sve \u0161to su zgovorili Marinika Tepi\u0107 i ostali protiv mene je \u010dista la\u017e, sve do slova i oni su poku\u0161ali da skrenu pa\u017enju na sebe la\u017eima, a\u00a0 ne programom. Ali za la\u017ei se mora odgovarari&#8221;, zaklju\u010dio je Markovi\u0107, koji je na dana\u0161njoj konferenciji sve \u0161to je rekao potkrepio dokumentima, pisanim i slikama. Dana\u0161njoj konferenciji za novinare prisusvovali su i potpredednici Jedinstvene Srbije, Marija Jev\u0111i\u0107 koja je i potpredsednca Skup\u0161tine Srbije i \u017divota Star\u010devi\u0107 i \u0110or\u0111e Kosani\u0107, koji su narodni poslanici.<\/p>\n","protected":false},"excerpt":{"rendered":"<p>JAGODINA-Predsednik Jedinstvene Srbije Dragan Markovi\u0107 Palma danas je u prostorijama Jedinstvene Srbije u Beogradu odr\u017eao konferenciju za novinare na kojoj je dokumentovano dokazao da je &hellip; <\/p>\n","protected":false},"author":2,"featured_media":28229,"comment_status":"open","ping_status":"open","sticky":false,"template":"","format":"standard","meta":{"footnotes":""},"categories":[1524,2,1514,5643,13,887,12],"tags":[5403,120,5404,5089],"_links":{"self":[{"href":"https:\/\/centralmedia.rs\/index.php\/wp-json\/wp\/v2\/posts\/28228"}],"collection":[{"href":"https:\/\/centralmedia.rs\/index.php\/wp-json\/wp\/v2\/posts"}],"about":[{"href":"https:\/\/centralmedia.rs\/index.php\/wp-json\/wp\/v2\/types\/post"}],"author":[{"embeddable":true,"href":"https:\/\/centralmedia.rs\/index.php\/wp-json\/wp\/v2\/users\/2"}],"replies":[{"embeddable":true,"href":"https:\/\/centralmedia.rs\/index.php\/wp-json\/wp\/v2\/comments?post=28228"}],"version-history":[{"count":1,"href":"https:\/\/centralmedia.rs\/index.php\/wp-json\/wp\/v2\/posts\/28228\/revisions"}],"predecessor-version":[{"id":28231,"href":"https:\/\/centralmedia.rs\/index.php\/wp-json\/wp\/v2\/posts\/28228\/revisions\/28231"}],"wp:featuredmedia":[{"embeddable":true,"href":"https:\/\/centralmedia.rs\/index.php\/wp-json\/wp\/v2\/media\/28229"}],"wp:attachment":[{"href":"https:\/\/centralmedia.rs\/index.php\/wp-json\/wp\/v2\/media?parent=28228"}],"wp:term":[{"taxonomy":"category","embeddable":true,"href":"https:\/\/centralmedia.rs\/index.php\/wp-json\/wp\/v2\/categories?post=28228"},{"taxonomy":"post_tag","embeddable":true,"href":"https:\/\/centralmedia.rs\/index.php\/wp-json\/wp\/v2\/tags?post=28228"}],"curies":[{"name":"wp","href":"https:\/\/api.w.org\/{rel}","templated":true}]}}