{"id":28282,"date":"2021-09-10T14:38:53","date_gmt":"2021-09-10T12:38:53","guid":{"rendered":"http:\/\/centralmedia.rs\/?p=28282"},"modified":"2021-09-15T12:00:24","modified_gmt":"2021-09-15T10:00:24","slug":"zavrsena-rekonstrukcija-crkve-u-bobovu","status":"publish","type":"post","link":"https:\/\/centralmedia.rs\/index.php\/2021\/09\/10\/zavrsena-rekonstrukcija-crkve-u-bobovu\/","title":{"rendered":"ZAVR\u0160ENA REKONSTRUKCIJA CRKVE U BOBOVU"},"content":{"rendered":"<p>SVILAJNAC-Predsednik op\u0161tine Svilajnac Predrag Milanovi\u0107 obi\u0161ao je ju\u010de selo Bobovo i Pravoslavni hram u ovom selu koji je nedavno potpuno rekonstruisan zajedni\u010dkim sredstvima me\u0161tana i op\u0161tine. U razgovoru sa me\u0161tanima i nadle\u017enim sve\u0161tenikom, Milanovi\u0107 je istakao da \u0107e lokalna samouprava i ubudu\u0107e nastojati da me\u0161tanima izlazi u susret kada su verski objekti u pitanju. Predsednik Milanovi\u0107 je tako\u0111e obi\u0161ao i podru\u010dno odeljenje osnovne \u0161kole \u201cJovan Jovanovi\u0107 Zmaj\u201d Svilajnac u Bobovu gde se upoznao sa svim aktivnostima vezanim za antikovid mere i po\u010detak \u0161kolske godine. Najva\u017eniji infrastrukturni projekat na ovom podru\u010dju je pro\u0161irenje vodovodne mre\u017ee u selu Pro\u0161tinac i sada se aktivno radi na realizaciji ovog posla uz punu saradnju sa resornim ministarstvima Vlade Republike Srbije.<\/p>\n<div id='gallery-1' class='gallery galleryid-28282 gallery-columns-3 gallery-size-thumbnail'><figure class='gallery-item'>\n\t\t\t<div class='gallery-icon portrait'>\n\t\t\t\t<a href='https:\/\/centralmedia.rs\/index.php\/2021\/09\/10\/zavrsena-rekonstrukcija-crkve-u-bobovu\/bobovo1-2\/'><img loading=\"lazy\" decoding=\"async\" width=\"150\" height=\"150\" src=\"https:\/\/centralmedia.rs\/wp-content\/uploads\/2021\/09\/bobovo1-150x150.jpg\" class=\"attachment-thumbnail size-thumbnail\" alt=\"\" \/><\/a>\n\t\t\t<\/div><\/figure><figure class='gallery-item'>\n\t\t\t<div class='gallery-icon landscape'>\n\t\t\t\t<a href='https:\/\/centralmedia.rs\/index.php\/2021\/09\/10\/zavrsena-rekonstrukcija-crkve-u-bobovu\/skola-bobovo\/'><img loading=\"lazy\" decoding=\"async\" width=\"150\" height=\"150\" src=\"https:\/\/centralmedia.rs\/wp-content\/uploads\/2021\/09\/skola-bobovo-150x150.jpg\" class=\"attachment-thumbnail size-thumbnail\" alt=\"\" \/><\/a>\n\t\t\t<\/div><\/figure><figure class='gallery-item'>\n\t\t\t<div class='gallery-icon landscape'>\n\t\t\t\t<a href='https:\/\/centralmedia.rs\/index.php\/2021\/09\/10\/zavrsena-rekonstrukcija-crkve-u-bobovu\/bobovo-5\/'><img loading=\"lazy\" decoding=\"async\" width=\"150\" height=\"150\" src=\"https:\/\/centralmedia.rs\/wp-content\/uploads\/2021\/09\/bobovo-150x150.jpg\" class=\"attachment-thumbnail size-thumbnail\" alt=\"\" \/><\/a>\n\t\t\t<\/div><\/figure>\n\t\t<\/div>\n\n","protected":false},"excerpt":{"rendered":"<p>SVILAJNAC-Predsednik op\u0161tine Svilajnac Predrag Milanovi\u0107 obi\u0161ao je ju\u010de selo Bobovo i Pravoslavni hram u ovom selu koji je nedavno potpuno rekonstruisan zajedni\u010dkim sredstvima me\u0161tana i &hellip; <\/p>\n","protected":false},"author":2,"featured_media":28283,"comment_status":"open","ping_status":"open","sticky":false,"template":"","format":"standard","meta":{"footnotes":""},"categories":[14,1524,2,887,12,1517],"tags":[257,867,1280,38],"_links":{"self":[{"href":"https:\/\/centralmedia.rs\/index.php\/wp-json\/wp\/v2\/posts\/28282"}],"collection":[{"href":"https:\/\/centralmedia.rs\/index.php\/wp-json\/wp\/v2\/posts"}],"about":[{"href":"https:\/\/centralmedia.rs\/index.php\/wp-json\/wp\/v2\/types\/post"}],"author":[{"embeddable":true,"href":"https:\/\/centralmedia.rs\/index.php\/wp-json\/wp\/v2\/users\/2"}],"replies":[{"embeddable":true,"href":"https:\/\/centralmedia.rs\/index.php\/wp-json\/wp\/v2\/comments?post=28282"}],"version-history":[{"count":1,"href":"https:\/\/centralmedia.rs\/index.php\/wp-json\/wp\/v2\/posts\/28282\/revisions"}],"predecessor-version":[{"id":28286,"href":"https:\/\/centralmedia.rs\/index.php\/wp-json\/wp\/v2\/posts\/28282\/revisions\/28286"}],"wp:featuredmedia":[{"embeddable":true,"href":"https:\/\/centralmedia.rs\/index.php\/wp-json\/wp\/v2\/media\/28283"}],"wp:attachment":[{"href":"https:\/\/centralmedia.rs\/index.php\/wp-json\/wp\/v2\/media?parent=28282"}],"wp:term":[{"taxonomy":"category","embeddable":true,"href":"https:\/\/centralmedia.rs\/index.php\/wp-json\/wp\/v2\/categories?post=28282"},{"taxonomy":"post_tag","embeddable":true,"href":"https:\/\/centralmedia.rs\/index.php\/wp-json\/wp\/v2\/tags?post=28282"}],"curies":[{"name":"wp","href":"https:\/\/api.w.org\/{rel}","templated":true}]}}