{"id":2831,"date":"2016-04-20T19:58:00","date_gmt":"2016-04-20T19:58:00","guid":{"rendered":"http:\/\/centralmedia.rs\/?p=2831"},"modified":"2017-01-20T02:26:02","modified_gmt":"2017-01-20T02:26:02","slug":"sedlare-dobilo-zdravu-vodu","status":"publish","type":"post","link":"https:\/\/centralmedia.rs\/index.php\/2016\/04\/20\/sedlare-dobilo-zdravu-vodu\/","title":{"rendered":"SEDLARE DOBILO ZDRAVU VODU"},"content":{"rendered":"<p>SVILAJNAC-Predsednik op\u0161tine Svilajnac Predrag Milanovi\u0107 obi\u0161ao je danas O\u0160 \u201eBranko Radi\u010devi\u0107\u201c u Sedlaru, jer je ova \u0161kola prva priklju\u010dena na novoizgra\u0111enu vodovodnu mre\u017eu, a osim nje na novi vodovod priklju\u010deni su i crkva i ambulanta, na kojoj se ovih dana zavr\u0161avaju radovi na rekonstrukciji.<br \/>\n-U narednih 30 dana izgradi\u0107emo i rezervoar u Sedlaru, a me\u0161tane pozivam da po\u010dnu sa zahtevima za priklju\u010dak na vodovodnu mre\u017eu, kako bi imali zdravu, ispravnu pija\u0107u vodu, jer o\u010dekujemo da do kraja maja krenemo da priklju\u010dujemo i doma\u0107instva i firme. Druga bitna stvar je \u0161to \u0107e od slede\u0107e nedelje ambulanta u Sedlaru biti potpuno rekonstruisana i bi\u0107e zavr\u0161eni svi radovi, izjavio je Milanovi\u0107 i dodao da je u Sedlaru ostalo da se urade jo\u0161 dva velika posla, a to su rekonstrukcija doma kulture u centru sela i rekonstrukcija puta do i kroz Sedlare.<br \/>\nDirektorka O\u0160 \u201eBranko Radi\u010devi\u0107\u201c iz Sedlara, ka\u017ee da im priklju\u010denje na vodovodnu mre\u017eu mnogo zna\u010di, jer su do sada, u saradnji sa savetom roditelja, kupovali i donosili balone vode, za oko 150 u\u010denika ove \u0161kole.<br \/>\nPrva faza vodovoda finansirana je donacijom Vlade Japana, a druga faza, koja obuhvata i izradu rezervoara sredstvima EU. Ukupna du\u017eina mre\u017ee, za obe faze, je oko 5.000 metara.<\/p>\n<p>&nbsp;<\/p>\n<p><strong><em>Svilajna\u010dka razglednica \u2013 Projekat se realizuje uz pomo\u0107 sredstava iz bud\u017eeta Op\u0161tine Svilajnac.<\/em><\/strong><\/p>\n","protected":false},"excerpt":{"rendered":"<p>SVILAJNAC-Predsednik op\u0161tine Svilajnac Predrag Milanovi\u0107 obi\u0161ao je danas O\u0160 \u201eBranko Radi\u010devi\u0107\u201c u Sedlaru, jer je ova \u0161kola prva priklju\u010dena na novoizgra\u0111enu vodovodnu mre\u017eu, a osim &hellip; <\/p>\n","protected":false},"author":4,"featured_media":2832,"comment_status":"open","ping_status":"open","sticky":false,"template":"","format":"standard","meta":{"footnotes":""},"categories":[1524,2,13,887,12,1517],"tags":[727,38,192],"_links":{"self":[{"href":"https:\/\/centralmedia.rs\/index.php\/wp-json\/wp\/v2\/posts\/2831"}],"collection":[{"href":"https:\/\/centralmedia.rs\/index.php\/wp-json\/wp\/v2\/posts"}],"about":[{"href":"https:\/\/centralmedia.rs\/index.php\/wp-json\/wp\/v2\/types\/post"}],"author":[{"embeddable":true,"href":"https:\/\/centralmedia.rs\/index.php\/wp-json\/wp\/v2\/users\/4"}],"replies":[{"embeddable":true,"href":"https:\/\/centralmedia.rs\/index.php\/wp-json\/wp\/v2\/comments?post=2831"}],"version-history":[{"count":0,"href":"https:\/\/centralmedia.rs\/index.php\/wp-json\/wp\/v2\/posts\/2831\/revisions"}],"wp:featuredmedia":[{"embeddable":true,"href":"https:\/\/centralmedia.rs\/index.php\/wp-json\/wp\/v2\/media\/2832"}],"wp:attachment":[{"href":"https:\/\/centralmedia.rs\/index.php\/wp-json\/wp\/v2\/media?parent=2831"}],"wp:term":[{"taxonomy":"category","embeddable":true,"href":"https:\/\/centralmedia.rs\/index.php\/wp-json\/wp\/v2\/categories?post=2831"},{"taxonomy":"post_tag","embeddable":true,"href":"https:\/\/centralmedia.rs\/index.php\/wp-json\/wp\/v2\/tags?post=2831"}],"curies":[{"name":"wp","href":"https:\/\/api.w.org\/{rel}","templated":true}]}}