{"id":28320,"date":"2021-09-14T23:28:09","date_gmt":"2021-09-14T21:28:09","guid":{"rendered":"http:\/\/centralmedia.rs\/?p=28320"},"modified":"2022-01-04T18:04:55","modified_gmt":"2022-01-04T17:04:55","slug":"generali-i-ratni-komandanti-u-jagodini","status":"publish","type":"post","link":"https:\/\/centralmedia.rs\/index.php\/2021\/09\/14\/generali-i-ratni-komandanti-u-jagodini\/","title":{"rendered":"GENERALI I RATNI KOMANDANTI U JAGODINI"},"content":{"rendered":"<p>PALMA : NEGIRAM GENOCID U SREBRENICI I NEKA DO\u0110U DA ME UHAPSE. \u0160TA BRE VI\u0160E HO\u0106ETE OD NAS ME\u0110UNARODNI PREDSTAVNICI<\/p>\n<p>JAGODINA-\u201c\u017delim da zamolim funkcionere iz Republike Srpske da prenesu Visokom predstavniku u Bosni i Hercegovini da ja negiram genocid u Srebrenici i neka do\u0111u da me uhapse\u201d, izjavio je predsednik Jedinstvene Srbije i Skup\u0161tine grada Jagodine Dragan Markovi\u0107 Palma obra\u0107aju\u0107i se Skupu ratnih komandanata, generala i oficira vojske i policije Srbije i Republike Srpske, koji je odr\u017ean sino\u0107 u Jagodini, povodom Dana srpskog jedinstvena, slobode i nacionalne zastave Srbije i Republike Srpske. \u201cMe\u0111unarodni predstavnici su do\u0161li u Bosnu i Hercegovinu, u Republiku Srpsku da nam odre\u0111uju pravac kretanja, da oni ure\u0111uju Ustav i pravo. Ali prvi puta se desilo u poslednjih 20 godina da se Srbija ne stidi svojih generala, svojih oficira, ratnika, koji su branili svoj narod i u Srbiji i u Republici Srpskoj i u Crnoj Gori od kada je na \u010delu dr\u017eave predsednik Aleksandar Vu\u010di\u0107. I kada sam kod Crne Gore, \u017eelim da ka\u017eem da ni Milo \u0110ukanovi\u0107 ni bilo ko drugi ne mo\u017ee da razdvoji bratski srpski i crnogorski narod. Sada Milo i njegovi ho\u0107e da nam otmu i Cetinjski manastir, u kome se vekovima ustoli\u010duje mitropolit Srpske pravoslavne crkve u Crnoj Gori. To \u0161to rade je duhovni rat, ali to radi manjina u Crnoj Gori na \u010dijem \u010delu je Milo \u0110ukanovi\u0107\u201d, rekao je Markovi\u0107. \u201cSvi moraju da znaju da Srbija nikada ne\u0107e priznati nezavisno Kosovo, nikada se ne\u0107e odre\u0107i Republike Srpske, ni bratskog naroda u Crnoj Gori. Ne\u0107e mo\u0107i da nas razjedine. Nikada. Republika Srpska je ispo\u0161tovala sve \u0161to pi\u0161e u Dejtonskom sporazumu, Srbija je ispo\u0161tovala sve \u0161to pi\u0161e u Briselskom sporazumu. \u0160ta bre vi\u0161e ho\u0107ete od nas vi me\u0111unarodni predstavnici i dokle ho\u0107ete da ne po\u0161tujete me\u0111unarodno pravo, koje menjate dizanjem ruku ?\u201d, upitao je Dragan Markovi\u0107 Palma. Markovi\u0107 je udru\u017eenju ratnih veterana Srbije i Republike Srpske predlo\u017eio da Jagodina naredne godine na dana\u0161nji dan, uo\u010di Dana srpskog jedinstve, slobode i nacionalne zastave Srbije i Republike Srpske organizuje paradu sa vi\u0161e hiljada u\u010desnika na kojoj \u0107e prodefilovati vojni i policijski oficiri, generali, ratni komandanti, koji su se borili za svoj narod na prostoru biv\u0161e Jugoslavije, u Republici Srpskoj, Crnoj Gori i Srbiji. Da po\u0161aljemo poruku onima koji misle da i dalje odlu\u010duju o sudbini naroda u Srbiji, Republici Srpskoj i Crnoj Gori da to vi\u0161e ne rade\u201d, kazao je Markovi\u0107. Skupu u Jagodini koji je organizovao Savez veterana Srbije i Republike Srpske, a pod pokroviteljstvom Skup\u0161tine grada Jagodine, obratili su se i ministar za\u00a0 radi bora\u010dko- invalidsku za\u0161titu Republike Srpske Du\u0161ko Milunovi\u0107, Dr\u017eavni sekretar ministarstva za rad, zapo\u0161ljavanje, socijalna i bora\u010dka pitanja Srbije Miodrag Kapor i predsednik Saveza veterana Srbije i Republike Srpske Du\u0161ko Vukoti\u0107. Sve\u010danosti su prisustvovali generali, oficiri, ratni komandanti Vojske i policije Srbije i Republike Srpske, Vinko Pandurevi\u0107, Ilija Todorov, Goran Radosavljevi\u0107 Guri, Rajo Bo\u017eovi\u0107 i mnogi drugi.<\/p>\n<p>Povodom 15. septembra Dana srpskog jedinstva, slobode i nacionalne zastave, koji se obele\u017eava u Srbiji i Republici Srpskoj, ve\u010deras je u Jagodini u organizaciji Ujedinjenih veterani Republike Srbije i Republike Srpske odr\u017eano ve\u010de posve\u0107eno generalima i ratnim komandantima vojske i policije dve dr\u017eave.<\/p>\n<div id='gallery-1' class='gallery galleryid-28320 gallery-columns-5 gallery-size-thumbnail'><figure class='gallery-item'>\n\t\t\t<div class='gallery-icon landscape'>\n\t\t\t\t<a href='https:\/\/centralmedia.rs\/index.php\/2021\/09\/14\/generali-i-ratni-komandanti-u-jagodini\/generali-i-komandanti\/'><img loading=\"lazy\" decoding=\"async\" width=\"150\" height=\"150\" src=\"https:\/\/centralmedia.rs\/wp-content\/uploads\/2021\/09\/generali-i-komandanti-150x150.jpg\" class=\"attachment-thumbnail size-thumbnail\" alt=\"\" \/><\/a>\n\t\t\t<\/div><\/figure><figure class='gallery-item'>\n\t\t\t<div class='gallery-icon landscape'>\n\t\t\t\t<a href='https:\/\/centralmedia.rs\/index.php\/2021\/09\/14\/generali-i-ratni-komandanti-u-jagodini\/generali-i-komandanti1\/'><img loading=\"lazy\" decoding=\"async\" width=\"150\" height=\"150\" src=\"https:\/\/centralmedia.rs\/wp-content\/uploads\/2021\/09\/generali-i-komandanti1-150x150.jpg\" class=\"attachment-thumbnail size-thumbnail\" alt=\"\" \/><\/a>\n\t\t\t<\/div><\/figure><figure class='gallery-item'>\n\t\t\t<div class='gallery-icon landscape'>\n\t\t\t\t<a href='https:\/\/centralmedia.rs\/index.php\/2021\/09\/14\/generali-i-ratni-komandanti-u-jagodini\/kapor\/'><img loading=\"lazy\" decoding=\"async\" width=\"150\" height=\"150\" src=\"https:\/\/centralmedia.rs\/wp-content\/uploads\/2021\/09\/kapor-150x150.jpg\" class=\"attachment-thumbnail size-thumbnail\" alt=\"\" \/><\/a>\n\t\t\t<\/div><\/figure><figure class='gallery-item'>\n\t\t\t<div class='gallery-icon landscape'>\n\t\t\t\t<a href='https:\/\/centralmedia.rs\/index.php\/2021\/09\/14\/generali-i-ratni-komandanti-u-jagodini\/milunovic\/'><img loading=\"lazy\" decoding=\"async\" width=\"150\" height=\"150\" src=\"https:\/\/centralmedia.rs\/wp-content\/uploads\/2021\/09\/milunovic-150x150.jpg\" class=\"attachment-thumbnail size-thumbnail\" alt=\"\" \/><\/a>\n\t\t\t<\/div><\/figure><figure class='gallery-item'>\n\t\t\t<div class='gallery-icon landscape'>\n\t\t\t\t<a href='https:\/\/centralmedia.rs\/index.php\/2021\/09\/14\/generali-i-ratni-komandanti-u-jagodini\/zlatnici-4\/'><img loading=\"lazy\" decoding=\"async\" width=\"150\" height=\"150\" src=\"https:\/\/centralmedia.rs\/wp-content\/uploads\/2021\/09\/zlatnici-150x150.jpg\" class=\"attachment-thumbnail size-thumbnail\" alt=\"\" \/><\/a>\n\t\t\t<\/div><\/figure>\n\t\t<\/div>\n\n<p>Predsednik Skup\u0161tine grada Jagodina Dragan Markovi\u0107 Palma dodelio je zlatnike generalima i komandantima. U odbrambeno-otad\u017ebinskom ratu u Republici Srpskoj poginulo je 23.000 gra\u0111ana i boraca. Rat u BIH po\u010deo ubistvom svata u Sarajevu koji je nosio srpsku zastavu. Govorili su \u00a0ministar Vlade Republike Srpske Du\u0161ko Milunovi\u0107, dr\u017eavni sekretar Vlade Srbije Miodrag Kapor i predsednik Ujedinjenih veterana Srbije i Republike Srpske Du\u0161ko Vukoti\u0107. Prisustvovali su i predsednici op\u0161tina Lu\u010dani i Sokolac iz Republike Srpske. Intonirane su himne dve dr\u017eave.<\/p>\n","protected":false},"excerpt":{"rendered":"<p>PALMA : NEGIRAM GENOCID U SREBRENICI I NEKA DO\u0110U DA ME UHAPSE. \u0160TA BRE VI\u0160E HO\u0106ETE OD NAS ME\u0110UNARODNI PREDSTAVNICI JAGODINA-\u201c\u017delim da zamolim funkcionere iz &hellip; <\/p>\n","protected":false},"author":2,"featured_media":28321,"comment_status":"open","ping_status":"open","sticky":false,"template":"","format":"standard","meta":{"footnotes":""},"categories":[14,1524,2,1514,5643,887,12],"tags":[5419,5418,2424,58,5417,3123,1112],"_links":{"self":[{"href":"https:\/\/centralmedia.rs\/index.php\/wp-json\/wp\/v2\/posts\/28320"}],"collection":[{"href":"https:\/\/centralmedia.rs\/index.php\/wp-json\/wp\/v2\/posts"}],"about":[{"href":"https:\/\/centralmedia.rs\/index.php\/wp-json\/wp\/v2\/types\/post"}],"author":[{"embeddable":true,"href":"https:\/\/centralmedia.rs\/index.php\/wp-json\/wp\/v2\/users\/2"}],"replies":[{"embeddable":true,"href":"https:\/\/centralmedia.rs\/index.php\/wp-json\/wp\/v2\/comments?post=28320"}],"version-history":[{"count":3,"href":"https:\/\/centralmedia.rs\/index.php\/wp-json\/wp\/v2\/posts\/28320\/revisions"}],"predecessor-version":[{"id":28343,"href":"https:\/\/centralmedia.rs\/index.php\/wp-json\/wp\/v2\/posts\/28320\/revisions\/28343"}],"wp:featuredmedia":[{"embeddable":true,"href":"https:\/\/centralmedia.rs\/index.php\/wp-json\/wp\/v2\/media\/28321"}],"wp:attachment":[{"href":"https:\/\/centralmedia.rs\/index.php\/wp-json\/wp\/v2\/media?parent=28320"}],"wp:term":[{"taxonomy":"category","embeddable":true,"href":"https:\/\/centralmedia.rs\/index.php\/wp-json\/wp\/v2\/categories?post=28320"},{"taxonomy":"post_tag","embeddable":true,"href":"https:\/\/centralmedia.rs\/index.php\/wp-json\/wp\/v2\/tags?post=28320"}],"curies":[{"name":"wp","href":"https:\/\/api.w.org\/{rel}","templated":true}]}}