{"id":28327,"date":"2021-09-15T11:10:24","date_gmt":"2021-09-15T09:10:24","guid":{"rendered":"http:\/\/centralmedia.rs\/?p=28327"},"modified":"2022-01-04T18:04:46","modified_gmt":"2022-01-04T17:04:46","slug":"gradani-jagodine-razvili-najduzu-zastavu-srbije","status":"publish","type":"post","link":"https:\/\/centralmedia.rs\/index.php\/2021\/09\/15\/gradani-jagodine-razvili-najduzu-zastavu-srbije\/","title":{"rendered":"GRA\u0110ANI JAGODINE RAZVILI NAJDU\u017dU ZASTAVU SRBIJE (Foto)"},"content":{"rendered":"<p>JAGODINA-Povodom 15. septembra i 103. godi\u0161njice proboja Solunskog fronta i Dana srpskog jedinstva, slobode i nacionalne zastave, gra\u0111ani Jagodine danas su simboli\u010dno 103 metra dugu zastavu Srbije razvili u centru grada. Zastavu su sa\u0161ile Jelisaveta Markovi\u0107 i Ivana Stojilkovi\u0107, a u realizaciji razvijanja su u\u010destvovali pred\u0161kolci, u\u010denici i studenti, gardisti, te vi\u0161e organizacija i odbornik Skup\u0161tine grada Jagodina Du\u0161an Markovi\u0107. On je istakao da re\u010d o najdu\u017eoj zastavi Srbije ikada sa\u0161ivenoj. Skupu je prisustvovao resorni ministar u Vlade Republike Srpske Du\u0161ko Milunovi\u0107 koji je podsetio na te\u0161ke trenutke za srpski narod kada nije bio jedinstven, te da je jedinstvo klju\u010dna re\u010d za opstanak u budu\u0107nosti.<\/p>\n<div id='gallery-1' class='gallery galleryid-28327 gallery-columns-4 gallery-size-thumbnail'><figure class='gallery-item'>\n\t\t\t<div class='gallery-icon landscape'>\n\t\t\t\t<a href='https:\/\/centralmedia.rs\/index.php\/2021\/09\/15\/gradani-jagodine-razvili-najduzu-zastavu-srbije\/zastava-2\/'><img loading=\"lazy\" decoding=\"async\" width=\"150\" height=\"150\" src=\"https:\/\/centralmedia.rs\/wp-content\/uploads\/2021\/09\/zastava-150x150.jpg\" class=\"attachment-thumbnail size-thumbnail\" alt=\"\" \/><\/a>\n\t\t\t<\/div><\/figure><figure class='gallery-item'>\n\t\t\t<div class='gallery-icon landscape'>\n\t\t\t\t<a href='https:\/\/centralmedia.rs\/index.php\/2021\/09\/15\/gradani-jagodine-razvili-najduzu-zastavu-srbije\/zastava1\/'><img loading=\"lazy\" decoding=\"async\" width=\"150\" height=\"150\" src=\"https:\/\/centralmedia.rs\/wp-content\/uploads\/2021\/09\/zastava1-150x150.jpg\" class=\"attachment-thumbnail size-thumbnail\" alt=\"\" \/><\/a>\n\t\t\t<\/div><\/figure><figure class='gallery-item'>\n\t\t\t<div class='gallery-icon landscape'>\n\t\t\t\t<a href='https:\/\/centralmedia.rs\/index.php\/2021\/09\/15\/gradani-jagodine-razvili-najduzu-zastavu-srbije\/zastava2\/'><img loading=\"lazy\" decoding=\"async\" width=\"150\" height=\"150\" src=\"https:\/\/centralmedia.rs\/wp-content\/uploads\/2021\/09\/zastava2-150x150.jpg\" class=\"attachment-thumbnail size-thumbnail\" alt=\"\" \/><\/a>\n\t\t\t<\/div><\/figure><figure class='gallery-item'>\n\t\t\t<div class='gallery-icon landscape'>\n\t\t\t\t<a href='https:\/\/centralmedia.rs\/index.php\/2021\/09\/15\/gradani-jagodine-razvili-najduzu-zastavu-srbije\/zastava3\/'><img loading=\"lazy\" decoding=\"async\" width=\"150\" height=\"150\" src=\"https:\/\/centralmedia.rs\/wp-content\/uploads\/2021\/09\/zastava3-150x150.jpg\" class=\"attachment-thumbnail size-thumbnail\" alt=\"\" \/><\/a>\n\t\t\t<\/div><\/figure>\n\t\t<\/div>\n\n<div id='gallery-2' class='gallery galleryid-28327 gallery-columns-3 gallery-size-full'><figure class='gallery-item'>\n\t\t\t<div class='gallery-icon landscape'>\n\t\t\t\t<a href='https:\/\/centralmedia.rs\/index.php\/2021\/09\/15\/gradani-jagodine-razvili-najduzu-zastavu-srbije\/zastava5\/'><img loading=\"lazy\" decoding=\"async\" width=\"1800\" height=\"1013\" src=\"https:\/\/centralmedia.rs\/wp-content\/uploads\/2021\/09\/zastava5.jpg\" class=\"attachment-full size-full\" alt=\"\" srcset=\"https:\/\/centralmedia.rs\/wp-content\/uploads\/2021\/09\/zastava5.jpg 1800w, https:\/\/centralmedia.rs\/wp-content\/uploads\/2021\/09\/zastava5-300x169.jpg 300w, https:\/\/centralmedia.rs\/wp-content\/uploads\/2021\/09\/zastava5-768x432.jpg 768w, https:\/\/centralmedia.rs\/wp-content\/uploads\/2021\/09\/zastava5-1024x576.jpg 1024w, https:\/\/centralmedia.rs\/wp-content\/uploads\/2021\/09\/zastava5-746x420.jpg 746w, https:\/\/centralmedia.rs\/wp-content\/uploads\/2021\/09\/zastava5-640x360.jpg 640w, https:\/\/centralmedia.rs\/wp-content\/uploads\/2021\/09\/zastava5-681x383.jpg 681w\" sizes=\"(max-width: 1800px) 100vw, 1800px\" \/><\/a>\n\t\t\t<\/div><\/figure><figure class='gallery-item'>\n\t\t\t<div class='gallery-icon landscape'>\n\t\t\t\t<a href='https:\/\/centralmedia.rs\/index.php\/2021\/09\/15\/gradani-jagodine-razvili-najduzu-zastavu-srbije\/zastava6\/'><img loading=\"lazy\" decoding=\"async\" width=\"1800\" height=\"1013\" src=\"https:\/\/centralmedia.rs\/wp-content\/uploads\/2021\/09\/zastava6.jpg\" class=\"attachment-full size-full\" alt=\"\" srcset=\"https:\/\/centralmedia.rs\/wp-content\/uploads\/2021\/09\/zastava6.jpg 1800w, https:\/\/centralmedia.rs\/wp-content\/uploads\/2021\/09\/zastava6-300x169.jpg 300w, https:\/\/centralmedia.rs\/wp-content\/uploads\/2021\/09\/zastava6-768x432.jpg 768w, https:\/\/centralmedia.rs\/wp-content\/uploads\/2021\/09\/zastava6-1024x576.jpg 1024w, https:\/\/centralmedia.rs\/wp-content\/uploads\/2021\/09\/zastava6-746x420.jpg 746w, https:\/\/centralmedia.rs\/wp-content\/uploads\/2021\/09\/zastava6-640x360.jpg 640w, https:\/\/centralmedia.rs\/wp-content\/uploads\/2021\/09\/zastava6-681x383.jpg 681w\" sizes=\"(max-width: 1800px) 100vw, 1800px\" \/><\/a>\n\t\t\t<\/div><\/figure><figure class='gallery-item'>\n\t\t\t<div class='gallery-icon landscape'>\n\t\t\t\t<a href='https:\/\/centralmedia.rs\/index.php\/2021\/09\/15\/gradani-jagodine-razvili-najduzu-zastavu-srbije\/zastava7\/'><img loading=\"lazy\" decoding=\"async\" width=\"1800\" height=\"1013\" src=\"https:\/\/centralmedia.rs\/wp-content\/uploads\/2021\/09\/zastava7.jpg\" class=\"attachment-full size-full\" alt=\"\" srcset=\"https:\/\/centralmedia.rs\/wp-content\/uploads\/2021\/09\/zastava7.jpg 1800w, https:\/\/centralmedia.rs\/wp-content\/uploads\/2021\/09\/zastava7-300x169.jpg 300w, https:\/\/centralmedia.rs\/wp-content\/uploads\/2021\/09\/zastava7-768x432.jpg 768w, https:\/\/centralmedia.rs\/wp-content\/uploads\/2021\/09\/zastava7-1024x576.jpg 1024w, https:\/\/centralmedia.rs\/wp-content\/uploads\/2021\/09\/zastava7-746x420.jpg 746w, https:\/\/centralmedia.rs\/wp-content\/uploads\/2021\/09\/zastava7-640x360.jpg 640w, https:\/\/centralmedia.rs\/wp-content\/uploads\/2021\/09\/zastava7-681x383.jpg 681w\" sizes=\"(max-width: 1800px) 100vw, 1800px\" \/><\/a>\n\t\t\t<\/div><\/figure>\n\t\t<\/div>\n\n<p>SUBNOR je u porti Stare crkve polo\u017eio venac na spomenik braniocima Jagodine 1915.<\/p>\n","protected":false},"excerpt":{"rendered":"<p>JAGODINA-Povodom 15. septembra i 103. godi\u0161njice proboja Solunskog fronta i Dana srpskog jedinstva, slobode i nacionalne zastave, gra\u0111ani Jagodine danas su simboli\u010dno 103 metra dugu &hellip; <\/p>\n","protected":false},"author":2,"featured_media":28328,"comment_status":"open","ping_status":"open","sticky":false,"template":"","format":"standard","meta":{"footnotes":""},"categories":[14,1524,2,1514,5643,887,12],"tags":[5418,58],"_links":{"self":[{"href":"https:\/\/centralmedia.rs\/index.php\/wp-json\/wp\/v2\/posts\/28327"}],"collection":[{"href":"https:\/\/centralmedia.rs\/index.php\/wp-json\/wp\/v2\/posts"}],"about":[{"href":"https:\/\/centralmedia.rs\/index.php\/wp-json\/wp\/v2\/types\/post"}],"author":[{"embeddable":true,"href":"https:\/\/centralmedia.rs\/index.php\/wp-json\/wp\/v2\/users\/2"}],"replies":[{"embeddable":true,"href":"https:\/\/centralmedia.rs\/index.php\/wp-json\/wp\/v2\/comments?post=28327"}],"version-history":[{"count":3,"href":"https:\/\/centralmedia.rs\/index.php\/wp-json\/wp\/v2\/posts\/28327\/revisions"}],"predecessor-version":[{"id":28338,"href":"https:\/\/centralmedia.rs\/index.php\/wp-json\/wp\/v2\/posts\/28327\/revisions\/28338"}],"wp:featuredmedia":[{"embeddable":true,"href":"https:\/\/centralmedia.rs\/index.php\/wp-json\/wp\/v2\/media\/28328"}],"wp:attachment":[{"href":"https:\/\/centralmedia.rs\/index.php\/wp-json\/wp\/v2\/media?parent=28327"}],"wp:term":[{"taxonomy":"category","embeddable":true,"href":"https:\/\/centralmedia.rs\/index.php\/wp-json\/wp\/v2\/categories?post=28327"},{"taxonomy":"post_tag","embeddable":true,"href":"https:\/\/centralmedia.rs\/index.php\/wp-json\/wp\/v2\/tags?post=28327"}],"curies":[{"name":"wp","href":"https:\/\/api.w.org\/{rel}","templated":true}]}}