{"id":2834,"date":"2016-04-21T07:31:49","date_gmt":"2016-04-21T07:31:49","guid":{"rendered":"http:\/\/centralmedia.rs\/?p=2834"},"modified":"2016-04-21T07:31:49","modified_gmt":"2016-04-21T07:31:49","slug":"sporazum-sa-privrednicima-penzionerima","status":"publish","type":"post","link":"https:\/\/centralmedia.rs\/index.php\/2016\/04\/21\/sporazum-sa-privrednicima-penzionerima\/","title":{"rendered":"SPORAZUM SA PRIVREDNICIMA I PENZIONERIMA"},"content":{"rendered":"<p>PARA\u0106IN-Pokret Svi za Para\u0107in potpisao je sporazum sa Forumom privrednika i Udru\u017eenjem svih penzinera u tom gradu.<br \/>\n-Privrednici i penzioneri nalaze se na na\u0161oj listi odbornika. U\u010dini\u0107emo sve da popravimo  i olak\u0161amo njihov polo\u017eaj. Na ovaj na\u010din mi im prui\u017eamo mogu\u0107nsot da u\u010destvuju u politi\u010dkom \u017eivotu op\u0161tine i u\u010destvuju u dono\u0161enju odluka, rekao kandidat za predsednika op\u0161tine tog pokreta Tomislav \u0160aleti\u0107.<a href=\"https:\/\/centralmedia.rs\/wp-content\/uploads\/2016\/04\/svi.jpg\"><img loading=\"lazy\" decoding=\"async\" src=\"https:\/\/centralmedia.rs\/wp-content\/uploads\/2016\/04\/svi-300x216.jpg\" alt=\"svi\" width=\"300\" height=\"216\" class=\"alignnone size-medium wp-image-2836\" srcset=\"https:\/\/centralmedia.rs\/wp-content\/uploads\/2016\/04\/svi-300x216.jpg 300w, https:\/\/centralmedia.rs\/wp-content\/uploads\/2016\/04\/svi-768x552.jpg 768w, https:\/\/centralmedia.rs\/wp-content\/uploads\/2016\/04\/svi.jpg 900w\" sizes=\"(max-width: 300px) 100vw, 300px\" \/><\/a><br \/>\nPredsednik Udru\u017eenja svih penzionera Radomir Raji\u0107 istakao je da udru\u017eenje ima 1.500 \u010dlanova, ali da o\u010dekuje da taj broj naraste do 2.000 do kraja godine. Forum privrednika okuplja oko 60 malih i srednjih preduze\u0107a i preduzetnika iz Para\u0107in sa oko 3.000 zaposlenih.<\/p>\n","protected":false},"excerpt":{"rendered":"<p>PARA\u0106IN-Pokret Svi za Para\u0107in potpisao je sporazum sa Forumom privrednika i Udru\u017eenjem svih penzinera u tom gradu. -Privrednici i penzioneri nalaze se na na\u0161oj listi &hellip; <\/p>\n","protected":false},"author":4,"featured_media":2835,"comment_status":"open","ping_status":"open","sticky":false,"template":"","format":"standard","meta":{"footnotes":""},"categories":[2,13,12],"tags":[728,729,657],"_links":{"self":[{"href":"https:\/\/centralmedia.rs\/index.php\/wp-json\/wp\/v2\/posts\/2834"}],"collection":[{"href":"https:\/\/centralmedia.rs\/index.php\/wp-json\/wp\/v2\/posts"}],"about":[{"href":"https:\/\/centralmedia.rs\/index.php\/wp-json\/wp\/v2\/types\/post"}],"author":[{"embeddable":true,"href":"https:\/\/centralmedia.rs\/index.php\/wp-json\/wp\/v2\/users\/4"}],"replies":[{"embeddable":true,"href":"https:\/\/centralmedia.rs\/index.php\/wp-json\/wp\/v2\/comments?post=2834"}],"version-history":[{"count":0,"href":"https:\/\/centralmedia.rs\/index.php\/wp-json\/wp\/v2\/posts\/2834\/revisions"}],"wp:featuredmedia":[{"embeddable":true,"href":"https:\/\/centralmedia.rs\/index.php\/wp-json\/wp\/v2\/media\/2835"}],"wp:attachment":[{"href":"https:\/\/centralmedia.rs\/index.php\/wp-json\/wp\/v2\/media?parent=2834"}],"wp:term":[{"taxonomy":"category","embeddable":true,"href":"https:\/\/centralmedia.rs\/index.php\/wp-json\/wp\/v2\/categories?post=2834"},{"taxonomy":"post_tag","embeddable":true,"href":"https:\/\/centralmedia.rs\/index.php\/wp-json\/wp\/v2\/tags?post=2834"}],"curies":[{"name":"wp","href":"https:\/\/api.w.org\/{rel}","templated":true}]}}