{"id":28359,"date":"2021-09-17T14:43:10","date_gmt":"2021-09-17T12:43:10","guid":{"rendered":"http:\/\/centralmedia.rs\/?p=28359"},"modified":"2022-01-04T18:03:51","modified_gmt":"2022-01-04T17:03:51","slug":"palma-zagreb-podgorica-i-sarajevo-promovisu-politiku-proslosti-a-srbija-je-za-politiku-buducnosti-saradnje-i-ekonomskog-razvoja-milo-dukanovic-je-od-cetnika-postao-ustasa","status":"publish","type":"post","link":"https:\/\/centralmedia.rs\/index.php\/2021\/09\/17\/palma-zagreb-podgorica-i-sarajevo-promovisu-politiku-proslosti-a-srbija-je-za-politiku-buducnosti-saradnje-i-ekonomskog-razvoja-milo-dukanovic-je-od-cetnika-postao-ustasa\/","title":{"rendered":"PALMA : ZAGREB, PODGORICA I SARAJEVO PROMOVI\u0160U POLITIKU PRO\u0160LOSTI, A SRBIJA JE ZA POLITIKU BUDU\u0106NOSTI, SARADNJE I EKONOMSKOG RAZVOJA. MILO \u0110UKANOVI\u0106 JE OD \u010cETNIKA POSTAO USTA\u0160A"},"content":{"rendered":"<p>\u201eJu\u010de je Milo \u0110ukanovi\u0107 bio u Zagrebu i \u010duli smo njegove poruke, koje su bile antisrpske. Ali tog istog Mila \u0110ukanovi\u0107a su Hrvati nazivali \u010detnikom, kada je govorio o zajedni\u0161tvu sa Srbijom i bratskim odnosima srpskog i crnogorskog naroda. Danas je Milo \u0110ukanovi\u0107 od \u010detnika postao usta\u0161a i on danas ide i korak dalje \u0161to ni Hrvati nisu uradili i ho\u0107e da otme imovinu Srpske pravoslavne crkve, na\u0161e crkve i manastire. Srbija se ne me\u0161a u unutra\u0161nje stvari Crne Gore, ali ne mo\u017ee mirno da gleda poku\u0161aj otimanja imovine Srpskoj pravoslavnoj crkvi. Meni je \u017eao ve\u0107inskog crnogorskog naroda koji nije za takvu politiku kakvu vodi Milo \u0110ukanovi\u0107. Gra\u0111ani Crne Gore, koji se bave turizmom, hotelima i apartmanima, znaju da bez srpskih turista nema ekonomskog napretka. Ali politike u Podgorici, Zagrebu i Sarajevu su ljubomorne na Srbiju, na ekonomski razvoj Srbije, na me\u0111unarodnu popularnost. Srbija je na svim svetskim rang listama od zdravstva do ekonomije u vrhu. Oni u Zagrebu, Podgorici i Sarajevu promovi\u0161u politiku pro\u0161losti, a mi se zala\u017eemo za politiku budu\u0107nosti, za saradnju i ekonomski razvoj. U Zagrebu, Podgorici i Sarajevu se bave ratnom retorikom, jer ho\u0107e na taj na\u010din da politi\u010dki opstanu. Narod u Srbiji, Hrvatskoj, Crnoj Gori i Bosni i Hercegovini vi\u0161e ne\u0107e da ratuje, nego ho\u0107e da sara\u0111uje. Mi ne vaspitavamo decu da su nam neprijatelji deca iz okru\u017eenja i dr\u017eava biv\u0161e Jugoslavije, kao \u0161to to neki u okru\u017eenju rade. Milo \u0110ukanovi\u0107, Zoran Milanovi\u0107, Bakir Izetbegovi\u0107 i Dragan \u0110ilas moraju da shvate da Srbija nije ni Avganistan ni Sirija, a ni sekunde na RTS &#8211; u nisu ono \u0161to su bile pre 20 godina\u201c, izjavio je predsednik Jedinstvene Srbije Dragan Markovi\u0107 Palma gostuju\u0107i na TV Hepi.<\/p>\n<p><img loading=\"lazy\" decoding=\"async\" class=\"alignnone wp-image-28361 size-large\" src=\"http:\/\/centralmedia.rs\/wp-content\/uploads\/2021\/09\/hapy-1024x576.jpg\" alt=\"\" width=\"640\" height=\"360\" srcset=\"https:\/\/centralmedia.rs\/wp-content\/uploads\/2021\/09\/hapy-1024x576.jpg 1024w, https:\/\/centralmedia.rs\/wp-content\/uploads\/2021\/09\/hapy-300x169.jpg 300w, https:\/\/centralmedia.rs\/wp-content\/uploads\/2021\/09\/hapy-768x432.jpg 768w, https:\/\/centralmedia.rs\/wp-content\/uploads\/2021\/09\/hapy-746x420.jpg 746w, https:\/\/centralmedia.rs\/wp-content\/uploads\/2021\/09\/hapy-640x360.jpg 640w, https:\/\/centralmedia.rs\/wp-content\/uploads\/2021\/09\/hapy-681x383.jpg 681w, https:\/\/centralmedia.rs\/wp-content\/uploads\/2021\/09\/hapy.jpg 1800w\" sizes=\"(max-width: 640px) 100vw, 640px\" \/><\/p>\n<p>DA SE BRATISLAV DIKI\u0106 ZVAO NASER ORI\u0106 ILI HA\u0160IM TA\u010cI ODMAH BI GA OSLOBODILI<\/p>\n<p>\u201ePrimer Bratislava Diki\u0107a koji je proveo vi\u0161e od 4 godine u samici kazamata Mila \u0110ukanovi\u0107a je najbolji primer \u0110ukanovi\u0107eve vlasti. Da se Bratislav Diki\u0107 zvao Naser Ori\u0107 ili Ha\u0161im Ta\u010di bi bio odmah oslobo\u0111en. Ko \u0107e sad da plati tu samicu od 1578 dana za generala srpske policije koga je Milo \u0110ukanovi\u0107 proglasio teroristom. To je jedna velika sramota koja ne mo\u017ee da se opere. Nadam se da \u0107e general Diki\u0107 naplatiti to \u0161to je \u010damio u kazamatu u Crnoj Gori bez ikakvog razloga, ali ne mo\u017ee naplatiti tu torturu, odvojenost od porodice i moral. To ide na du\u0161u Milu \u0110ukanovi\u0107u\u201c, rekao je Markovi\u0107.<\/p>\n<p>NE ZNAJU VI\u0160E KAKO SRBIJU DA ZAUSTAVE NA EKOMONSKOM PUTU<\/p>\n<p>\u201eOdluka biv\u0161eg Visokog predstavnika u Bosni i Hercegovini Valentina Incka da je negiranje genocida krivi\u010dno delo je rezultat globalne politike jer vi\u0161e ne znaju kako da zaustave Srbiju na ekonomskom putu, a na evropski put \u0107emo malo da pri\u010dekamo, jer stalno ne\u0161to novo izmi\u0161ljaju. Od Srbije tra\u017ee da priznamo takozvano nezavisno Kosovo, ali siguran sam da ova vlast to nikada ne\u0107e uraditi\u201c, rekao je predsednik Jedinstvene Srbije Dragan Markovi\u0107 Palma.<\/p>\n","protected":false},"excerpt":{"rendered":"<p>\u201eJu\u010de je Milo \u0110ukanovi\u0107 bio u Zagrebu i \u010duli smo njegove poruke, koje su bile antisrpske. Ali tog istog Mila \u0110ukanovi\u0107a su Hrvati nazivali \u010detnikom, &hellip; <\/p>\n","protected":false},"author":2,"featured_media":28360,"comment_status":"open","ping_status":"open","sticky":false,"template":"","format":"standard","meta":{"footnotes":""},"categories":[1524,2,1514,5643,13,887,12],"tags":[5425,120,3112,3514,5426],"_links":{"self":[{"href":"https:\/\/centralmedia.rs\/index.php\/wp-json\/wp\/v2\/posts\/28359"}],"collection":[{"href":"https:\/\/centralmedia.rs\/index.php\/wp-json\/wp\/v2\/posts"}],"about":[{"href":"https:\/\/centralmedia.rs\/index.php\/wp-json\/wp\/v2\/types\/post"}],"author":[{"embeddable":true,"href":"https:\/\/centralmedia.rs\/index.php\/wp-json\/wp\/v2\/users\/2"}],"replies":[{"embeddable":true,"href":"https:\/\/centralmedia.rs\/index.php\/wp-json\/wp\/v2\/comments?post=28359"}],"version-history":[{"count":1,"href":"https:\/\/centralmedia.rs\/index.php\/wp-json\/wp\/v2\/posts\/28359\/revisions"}],"predecessor-version":[{"id":28362,"href":"https:\/\/centralmedia.rs\/index.php\/wp-json\/wp\/v2\/posts\/28359\/revisions\/28362"}],"wp:featuredmedia":[{"embeddable":true,"href":"https:\/\/centralmedia.rs\/index.php\/wp-json\/wp\/v2\/media\/28360"}],"wp:attachment":[{"href":"https:\/\/centralmedia.rs\/index.php\/wp-json\/wp\/v2\/media?parent=28359"}],"wp:term":[{"taxonomy":"category","embeddable":true,"href":"https:\/\/centralmedia.rs\/index.php\/wp-json\/wp\/v2\/categories?post=28359"},{"taxonomy":"post_tag","embeddable":true,"href":"https:\/\/centralmedia.rs\/index.php\/wp-json\/wp\/v2\/tags?post=28359"}],"curies":[{"name":"wp","href":"https:\/\/api.w.org\/{rel}","templated":true}]}}