{"id":28397,"date":"2021-09-19T14:33:23","date_gmt":"2021-09-19T12:33:23","guid":{"rendered":"http:\/\/centralmedia.rs\/?p=28397"},"modified":"2021-09-21T16:03:17","modified_gmt":"2021-09-21T14:03:17","slug":"skandal-u-cuprijskoj-bolnici-vikali-i-jurili-kovid-pacijentkinju-po-krugu-bolnice-jer-je-trazila-prijem","status":"publish","type":"post","link":"https:\/\/centralmedia.rs\/index.php\/2021\/09\/19\/skandal-u-cuprijskoj-bolnici-vikali-i-jurili-kovid-pacijentkinju-po-krugu-bolnice-jer-je-trazila-prijem\/","title":{"rendered":"SKANDAL U \u0106UPRIJSKOJ BOLNICI VIKALI I JURILI KOVID PACIJENTKINJU PO KRUGU BOLNICE, JER JE TRA\u017dILA PRIJEM"},"content":{"rendered":"<p>\u0106UPRIJA- Skandal u \u0107uprijskom Zdravstvenom centru. Pacijentkinju obolelu od kovida medicinski tehni\u010dar jurio po krugu Zdravstvenog centra, jer zahtevala od doktora iz Urgentne slu\u017ebe, po ranijem dogovoru, da je pregleda i primi na odeljenje jer ve\u0107 12 dana ima temepraturu, obostranu upalu plu\u0107a, crp gotovo 60&#8230; Nesre\u0107na \u017eena moli za pomo\u0107 Ministarstvo zdravlja kome je uputila \u017ealbu na rad lekara i tehni\u010dara, te odnos prema pacijentima. Ona ka\u017ee da je sve do tog trenutka bilo u redu u njenom odnosu sa zdravstvenim radnicima.<\/p>\n<p>-Ne znam o \u010demu jer re\u010d, ako je pacijentkinja bolnici podnela prijavu i obavestila ministarstvo ja to podr\u017eavam i mi \u0107emo u najkr\u0107em roku da ispitamo celu sitaciju i ako ima krivih kazni\u0107emo. \u00a0Ukoliko je pacijentkinja bila za prijem ona je ve\u0107 pregledana od nadle\u017enih lekara za prijem u kovid odeljenja, to nije do lekara u Hitnoj pomo\u0107i. On nije nadle\u017ean za prijem, ve\u0107 su tu infektolozi, pulmolozi, internisti, lekar iz Hitne pomo\u0107i mo\u017ee da po\u0161alje uput. Ako neko nekog maltretira ja sam uvek i za policiju i bilo \u0161ta. Ne toleri\u0161e se i nije u redu, ne mo\u017ee niko da bude ni drzak , ni bezobrazan, a najmanje ne sme da ne pru\u017ei pomo\u0107 jer je to krivi\u010dno delo. Niko ne podr\u017eava nikog ko se ne pona\u0161a normalno, ka\u017ee pomo\u0107nik direktora\u00a0 Zdravstvenog centra dr Ivan Milojevi\u0107<\/p>\n<p><img loading=\"lazy\" decoding=\"async\" class=\"alignnone wp-image-28398 size-full\" src=\"http:\/\/centralmedia.rs\/wp-content\/uploads\/2021\/09\/Inkedkovid_LI.jpg\" alt=\"\" width=\"280\" height=\"436\" srcset=\"https:\/\/centralmedia.rs\/wp-content\/uploads\/2021\/09\/Inkedkovid_LI.jpg 280w, https:\/\/centralmedia.rs\/wp-content\/uploads\/2021\/09\/Inkedkovid_LI-193x300.jpg 193w, https:\/\/centralmedia.rs\/wp-content\/uploads\/2021\/09\/Inkedkovid_LI-270x420.jpg 270w\" sizes=\"(max-width: 280px) 100vw, 280px\" \/><\/p>\n<p>U nedelju ujutru mi je bilo dobro, ali sam\u00a0poslepodne ponovo dobila temperaturu. Opet sam oti\u0161la u Urgentnu slu\u017ebu, gde sam uspela da snimim plu\u0107a i uradim laboratoriju. Bilo mi je lo\u0161e,\u00a0povra\u0107ala sam ispred bolnice, pa sam se vratila ku\u0107i.\u00a0Suprug je u 21 sat oti\u0161ao po rezultate. Rekli su mu da sa\u010deka i onda se pojavio zamenik direktora bolnice koji je rekao da je gledao protokol, da su\u00a0moji rezultati i dalje lo\u0161i, da se digla prevelika hajka i predlo\u017eio da me mu\u017e doveze i da \u0107e on da organizuje prijem, objasnila je pacijentkinja S.N.<\/p>\n<p>Tako je primljena na bolni\u010dko le\u010denje u 23 sata u nedelju, i trenutno se trenutno nalazi na kovid odeljenju bolnice u \u0106upriji.<\/p>\n","protected":false},"excerpt":{"rendered":"<p>\u0106UPRIJA- Skandal u \u0107uprijskom Zdravstvenom centru. Pacijentkinju obolelu od kovida medicinski tehni\u010dar jurio po krugu Zdravstvenog centra, jer zahtevala od doktora iz Urgentne slu\u017ebe, po &hellip; <\/p>\n","protected":false},"author":2,"featured_media":660,"comment_status":"open","ping_status":"open","sticky":false,"template":"","format":"standard","meta":{"footnotes":""},"categories":[1515,28,1524,2,887,12,1],"tags":[44,4653,5431,5430],"_links":{"self":[{"href":"https:\/\/centralmedia.rs\/index.php\/wp-json\/wp\/v2\/posts\/28397"}],"collection":[{"href":"https:\/\/centralmedia.rs\/index.php\/wp-json\/wp\/v2\/posts"}],"about":[{"href":"https:\/\/centralmedia.rs\/index.php\/wp-json\/wp\/v2\/types\/post"}],"author":[{"embeddable":true,"href":"https:\/\/centralmedia.rs\/index.php\/wp-json\/wp\/v2\/users\/2"}],"replies":[{"embeddable":true,"href":"https:\/\/centralmedia.rs\/index.php\/wp-json\/wp\/v2\/comments?post=28397"}],"version-history":[{"count":4,"href":"https:\/\/centralmedia.rs\/index.php\/wp-json\/wp\/v2\/posts\/28397\/revisions"}],"predecessor-version":[{"id":28429,"href":"https:\/\/centralmedia.rs\/index.php\/wp-json\/wp\/v2\/posts\/28397\/revisions\/28429"}],"wp:featuredmedia":[{"embeddable":true,"href":"https:\/\/centralmedia.rs\/index.php\/wp-json\/wp\/v2\/media\/660"}],"wp:attachment":[{"href":"https:\/\/centralmedia.rs\/index.php\/wp-json\/wp\/v2\/media?parent=28397"}],"wp:term":[{"taxonomy":"category","embeddable":true,"href":"https:\/\/centralmedia.rs\/index.php\/wp-json\/wp\/v2\/categories?post=28397"},{"taxonomy":"post_tag","embeddable":true,"href":"https:\/\/centralmedia.rs\/index.php\/wp-json\/wp\/v2\/tags?post=28397"}],"curies":[{"name":"wp","href":"https:\/\/api.w.org\/{rel}","templated":true}]}}