{"id":28404,"date":"2021-09-20T13:55:20","date_gmt":"2021-09-20T11:55:20","guid":{"rendered":"http:\/\/centralmedia.rs\/?p=28404"},"modified":"2021-09-23T22:23:45","modified_gmt":"2021-09-23T20:23:45","slug":"svajcarski-regent-otvorio-fabriku-rasvete-u-svilajncu-predsednik-srbije-vucic-najavio-ulaganja-od-80-miliona-evra","status":"publish","type":"post","link":"https:\/\/centralmedia.rs\/index.php\/2021\/09\/20\/svajcarski-regent-otvorio-fabriku-rasvete-u-svilajncu-predsednik-srbije-vucic-najavio-ulaganja-od-80-miliona-evra\/","title":{"rendered":"\u0160VAJCARSKI REGENT OTVORIO FABRIKU RASVETE U SVILAJNCU &#8211; PREDSEDNIK SRBIJE VU\u010cI\u0106 NAJAVIO ULAGANJA OD 80 MILIONA EVRA"},"content":{"rendered":"<p>SVILAJNAC-Predsednik Srbije Aleksandar Vu\u010di\u0107 najavio je u Svilajncu, gde je prisustvovao otvaranju \u0161vajcarske fabrike za proizvodnju rasvete &#8220;Regent&#8221;, da \u0107e dr\u017eava realizovati kapitalne investicije u infrastrukturu te op\u0161tine u vrednosti od 80 miliona evra. \u00a0Ve\u0107 slede\u0107eg prole\u0107a krenu\u0107e realizacija obilaznice sa dva mosta preko reka Resave i Morave, koji ne\u0107e ko\u0161tati manje od 25, a mo\u017eda i 25. miliona evra, ali \u0107e, rekao je, veoma zna\u010diti za sve op\u0161tine u okru\u017eenju Svilajnca, pa i Jagodinu. Vu\u010di\u0107 je rekao da je u \u0161kole, zdravstvene ustanove i infrastrukturu u op\u0161tini Svilajnac ulo\u017eeno 16 miliona evra. Njega je do\u010dekalo nekoliko hiljada \u010dlanova SNS i gra\u0111ana ovog dela Srbije.<\/p>\n<div id='gallery-1' class='gallery galleryid-28404 gallery-columns-9 gallery-size-thumbnail'><figure class='gallery-item'>\n\t\t\t<div class='gallery-icon landscape'>\n\t\t\t\t<a href='https:\/\/centralmedia.rs\/index.php\/2021\/09\/20\/svajcarski-regent-otvorio-fabriku-rasvete-u-svilajncu-predsednik-srbije-vucic-najavio-ulaganja-od-80-miliona-evra\/predrag-milanovic-9\/'><img loading=\"lazy\" decoding=\"async\" width=\"150\" height=\"150\" src=\"https:\/\/centralmedia.rs\/wp-content\/uploads\/2021\/09\/predrag-milanovic-150x150.jpg\" class=\"attachment-thumbnail size-thumbnail\" alt=\"\" \/><\/a>\n\t\t\t<\/div><\/figure><figure class='gallery-item'>\n\t\t\t<div class='gallery-icon landscape'>\n\t\t\t\t<a href='https:\/\/centralmedia.rs\/index.php\/2021\/09\/20\/svajcarski-regent-otvorio-fabriku-rasvete-u-svilajncu-predsednik-srbije-vucic-najavio-ulaganja-od-80-miliona-evra\/regent-4\/'><img loading=\"lazy\" decoding=\"async\" width=\"150\" height=\"150\" src=\"https:\/\/centralmedia.rs\/wp-content\/uploads\/2021\/09\/regent-1-150x150.jpg\" class=\"attachment-thumbnail size-thumbnail\" alt=\"\" \/><\/a>\n\t\t\t<\/div><\/figure><figure class='gallery-item'>\n\t\t\t<div class='gallery-icon landscape'>\n\t\t\t\t<a href='https:\/\/centralmedia.rs\/index.php\/2021\/09\/20\/svajcarski-regent-otvorio-fabriku-rasvete-u-svilajncu-predsednik-srbije-vucic-najavio-ulaganja-od-80-miliona-evra\/regent1-2\/'><img loading=\"lazy\" decoding=\"async\" width=\"150\" height=\"150\" src=\"https:\/\/centralmedia.rs\/wp-content\/uploads\/2021\/09\/regent1-150x150.jpg\" class=\"attachment-thumbnail size-thumbnail\" alt=\"\" \/><\/a>\n\t\t\t<\/div><\/figure><figure class='gallery-item'>\n\t\t\t<div class='gallery-icon landscape'>\n\t\t\t\t<a href='https:\/\/centralmedia.rs\/index.php\/2021\/09\/20\/svajcarski-regent-otvorio-fabriku-rasvete-u-svilajncu-predsednik-srbije-vucic-najavio-ulaganja-od-80-miliona-evra\/regent2-2\/'><img loading=\"lazy\" decoding=\"async\" width=\"150\" height=\"150\" src=\"https:\/\/centralmedia.rs\/wp-content\/uploads\/2021\/09\/regent2-150x150.jpg\" class=\"attachment-thumbnail size-thumbnail\" alt=\"\" \/><\/a>\n\t\t\t<\/div><\/figure><figure class='gallery-item'>\n\t\t\t<div class='gallery-icon landscape'>\n\t\t\t\t<a href='https:\/\/centralmedia.rs\/index.php\/2021\/09\/20\/svajcarski-regent-otvorio-fabriku-rasvete-u-svilajncu-predsednik-srbije-vucic-najavio-ulaganja-od-80-miliona-evra\/regent3-2\/'><img loading=\"lazy\" decoding=\"async\" width=\"150\" height=\"150\" src=\"https:\/\/centralmedia.rs\/wp-content\/uploads\/2021\/09\/regent3-150x150.jpg\" class=\"attachment-thumbnail size-thumbnail\" alt=\"\" \/><\/a>\n\t\t\t<\/div><\/figure><figure class='gallery-item'>\n\t\t\t<div class='gallery-icon landscape'>\n\t\t\t\t<a href='https:\/\/centralmedia.rs\/index.php\/2021\/09\/20\/svajcarski-regent-otvorio-fabriku-rasvete-u-svilajncu-predsednik-srbije-vucic-najavio-ulaganja-od-80-miliona-evra\/regent4-2\/'><img loading=\"lazy\" decoding=\"async\" width=\"150\" height=\"150\" src=\"https:\/\/centralmedia.rs\/wp-content\/uploads\/2021\/09\/regent4-150x150.jpg\" class=\"attachment-thumbnail size-thumbnail\" alt=\"\" \/><\/a>\n\t\t\t<\/div><\/figure><figure class='gallery-item'>\n\t\t\t<div class='gallery-icon landscape'>\n\t\t\t\t<a href='https:\/\/centralmedia.rs\/index.php\/2021\/09\/20\/svajcarski-regent-otvorio-fabriku-rasvete-u-svilajncu-predsednik-srbije-vucic-najavio-ulaganja-od-80-miliona-evra\/regent5\/'><img loading=\"lazy\" decoding=\"async\" width=\"150\" height=\"150\" src=\"https:\/\/centralmedia.rs\/wp-content\/uploads\/2021\/09\/regent5-150x150.jpg\" class=\"attachment-thumbnail size-thumbnail\" alt=\"\" \/><\/a>\n\t\t\t<\/div><\/figure><figure class='gallery-item'>\n\t\t\t<div class='gallery-icon landscape'>\n\t\t\t\t<a href='https:\/\/centralmedia.rs\/index.php\/2021\/09\/20\/svajcarski-regent-otvorio-fabriku-rasvete-u-svilajncu-predsednik-srbije-vucic-najavio-ulaganja-od-80-miliona-evra\/regent6\/'><img loading=\"lazy\" decoding=\"async\" width=\"150\" height=\"150\" src=\"https:\/\/centralmedia.rs\/wp-content\/uploads\/2021\/09\/regent6-150x150.jpg\" class=\"attachment-thumbnail size-thumbnail\" alt=\"\" \/><\/a>\n\t\t\t<\/div><\/figure><figure class='gallery-item'>\n\t\t\t<div class='gallery-icon landscape'>\n\t\t\t\t<a href='https:\/\/centralmedia.rs\/index.php\/2021\/09\/20\/svajcarski-regent-otvorio-fabriku-rasvete-u-svilajncu-predsednik-srbije-vucic-najavio-ulaganja-od-80-miliona-evra\/regent7\/'><img loading=\"lazy\" decoding=\"async\" width=\"150\" height=\"150\" src=\"https:\/\/centralmedia.rs\/wp-content\/uploads\/2021\/09\/regent7-150x150.jpg\" class=\"attachment-thumbnail size-thumbnail\" alt=\"\" \/><\/a>\n\t\t\t<\/div><\/figure>\n\t\t<\/div>\n\n<p>U planu je, rekao je Vu\u010di\u0107 obra\u0107aju\u0107i se okupljenim gra\u0111anima, zavr\u0161etak izgradnje kanalizacije za celu op\u0161tinu, za \u0161ta \u0107e biti potrebno 55 miliona evra, izgradnja vodovodne mre\u017ee i zatvaranje bazena.<\/p>\n<p>Posle toga Svilajnac \u0107e izgledati druga\u010dije.<\/p>\n<p>&#8220;Daleko smo od \u0160vajcarske, ali moramo da radimo i da joj se pribli\u017eavamo, zajedni\u010dki mnogo toga mo\u017eemo i samo tako Srbija mo\u017ee da ide napred&#8221;, rekao je Vu\u010di\u0107.<\/p>\n<p>Nastavi\u0107e se i sa obnovom mnogih hramova, od kojih su neki ve\u0107 obnovljeni, a i Osnovna \u0161kola &#8220;Jovan Jovanovi\u0107 Zmaj&#8221; je poslednja u ovom kraju koja se obnavlja.<\/p>\n<p>Napomenuo je da Svilajncu nedostaje mo\u017eda jo\u0161 jedna fabrika i onda bi to bile velike stvari koje su ura\u0111ene za Svilajnac.<\/p>\n<p>Predsednik Republike Srbije Aleksandar Vu\u010di\u0107 izjavio je da je Srbija u novootvorenu fabriku u Svilajncu ulo\u017eila malo novca, ali da su vlasnici, odnosno \u0161vajcarska kompanija &#8220;Regent&#8221; opredelila za ovaj projekat, jer su videli da imaju posla sa ozbiljnim i odgovornim ljudima.<\/p>\n<p>Vu\u010di\u0107 je to rekao na otvaranju fabrike &#8220;Regent&#8221; i dodao da se tako kod investitora ne predstavlja samo jedno mesto, ve\u0107 cela Srbija kao dobro mesto za ulaganje.<\/p>\n<p>Prema njegovim re\u010dima, bitno je da postoji princip marljivosti i da se u\u010di svakog dana.<\/p>\n<p>&#8220;Ako u tome uspemo to \u0107e biti ne\u0161to \u010dime se ponosimo &#8211; radna etika, \u017eelja da napredujemo. To su velike osobine. Svako mo\u017ee da podigne fabriku, ali radnici i poslodavci su oni koji prave razliku&#8221;, rekao je Vu\u010di\u0107.<\/p>\n<p>Vu\u010di\u0107 je dodao i da \u0107e u fabrici za po\u010detak biti zaposleno 120 radnika, ali da veruje da \u0107e uskoro biti i 200.<\/p>\n<p>&#8220;Drago mi je \u0161to sam video mnogo mladih i ovde i u okolini. Ako je istina da smo zaposlili mnogo \u017eena iz Ku\u0161iljeva (naselje u Svilajncu) to \u0107e ga sa\u010duvati i ne\u0107e svi da odu u \u0160vajcarsku, Nema\u010dku. Uradi\u0107emo u naredne dve i po godine ovde i kanalizaciju kompletnu, sa fabrikama, sa pre\u010di\u0161\u0107iva\u010dima otpadnih voda. Uradi\u0107emo zavr\u0161etak vodosnabdevanja, do najudaljenijih sela, uradi\u0107emo i zatvoreni bazen i sa svim ovim o \u010demu smo pri\u010dali, obilaznicu&#8230; \u010cini mi se da smo i najve\u0107i broj infrastrukturnih problema ovde re\u0161ili&#8221;, rekao je Vu\u010di\u0107.<\/p>\n<p>Vu\u010di\u0107 se posebno zahvalio Ursuli Rejndols iz \u0160vajcarske od koje je Srbija nau\u010dila dosta o dualnom obrazovanju.<\/p>\n<p>Zahvaljuju\u0107i njenom programu, kako je rekao, dualno obrazovanje steklo je oko 4.000 dece koja su odmah nakon \u0161kolovanja i zaposlena.<\/p>\n<p>Predrag Milanovi\u0107 predsednik op\u0161tine Svilajnac je istakao da je uz pomo\u0107 Vlade Srbije u proteklih desetak godina Svilajnac promenio svoje lice. Izgra\u0111ene su nove fabrike stanih investitora, obnovljene prosvetene i zdravstvene ustanove. Najveljene su nove investicije koje zna\u010de dalji prosperitet za grad na Resavi.<\/p>\n<p>-\u0160vajcarska kompanija \u201eRegent laiting\u201c otvorila je danas u Svilajncu fabriku elektri\u010dne rasvete u koju je investirala \u010detiri miliona evra i gde \u0107e zaposliti 125 radnika.\u00a0\u201eRegent\u201c\u00a0je u Svilajncu pre godinu dana iznajmio objekat od oko 1.000 kvadratnih metara gde je po\u010deo proizvodnju, a paralelno je gradio objekat za sopstvenu fabriku koja u prvoj fazi ima 6.500 kvadrata, a plan je da u drugoj fazi bude izgra\u0111ena jo\u0161 jedna hala od 6.000 kvadrata, rekao je Milanovi\u0107.<\/p>\n<p>On je rekao da su ove godine u Svilajncu otvorene i dve nema\u010dke fabrike i da to ne bi moglo da nije podr\u0161ke Vlade Srbije i predsednika Aleksandra Vu\u010di\u0107a kao i da se nije uvek slagao sa politikom vladaju\u0107e stranke, ali jeste sa ekonomskom politikom.<\/p>\n<p>Ambasador \u0160vajcarske u Srbiji Urs \u0160mid ocenio je da je odluka o gradnji fabrike u Svilajncu \u201esmela\u201d i da se mo\u017ee videti kao izraz poverenja prema Srbiji i Svilajncu.<\/p>\n<p>Dodao je da je za deset godina \u0160vajcaraka investirala u Srbiji ne\u0161to vi\u0161e od milijardu evra i zaposlila 12.000 ljudi kao i da spada u deset najve\u0107ih inostranih investitora u Srbiji, a da je u prvom kvartalu ove godine \u010dak bila najve\u0107i investitor.<\/p>\n<p>&nbsp;<\/p>\n","protected":false},"excerpt":{"rendered":"<p>SVILAJNAC-Predsednik Srbije Aleksandar Vu\u010di\u0107 najavio je u Svilajncu, gde je prisustvovao otvaranju \u0161vajcarske fabrike za proizvodnju rasvete &#8220;Regent&#8221;, da \u0107e dr\u017eava realizovati kapitalne investicije u &hellip; <\/p>\n","protected":false},"author":2,"featured_media":28405,"comment_status":"open","ping_status":"open","sticky":false,"template":"","format":"standard","meta":{"footnotes":""},"categories":[1515,1524,2,13,887,12],"tags":[39,4439,3333,38,63],"_links":{"self":[{"href":"https:\/\/centralmedia.rs\/index.php\/wp-json\/wp\/v2\/posts\/28404"}],"collection":[{"href":"https:\/\/centralmedia.rs\/index.php\/wp-json\/wp\/v2\/posts"}],"about":[{"href":"https:\/\/centralmedia.rs\/index.php\/wp-json\/wp\/v2\/types\/post"}],"author":[{"embeddable":true,"href":"https:\/\/centralmedia.rs\/index.php\/wp-json\/wp\/v2\/users\/2"}],"replies":[{"embeddable":true,"href":"https:\/\/centralmedia.rs\/index.php\/wp-json\/wp\/v2\/comments?post=28404"}],"version-history":[{"count":2,"href":"https:\/\/centralmedia.rs\/index.php\/wp-json\/wp\/v2\/posts\/28404\/revisions"}],"predecessor-version":[{"id":28416,"href":"https:\/\/centralmedia.rs\/index.php\/wp-json\/wp\/v2\/posts\/28404\/revisions\/28416"}],"wp:featuredmedia":[{"embeddable":true,"href":"https:\/\/centralmedia.rs\/index.php\/wp-json\/wp\/v2\/media\/28405"}],"wp:attachment":[{"href":"https:\/\/centralmedia.rs\/index.php\/wp-json\/wp\/v2\/media?parent=28404"}],"wp:term":[{"taxonomy":"category","embeddable":true,"href":"https:\/\/centralmedia.rs\/index.php\/wp-json\/wp\/v2\/categories?post=28404"},{"taxonomy":"post_tag","embeddable":true,"href":"https:\/\/centralmedia.rs\/index.php\/wp-json\/wp\/v2\/tags?post=28404"}],"curies":[{"name":"wp","href":"https:\/\/api.w.org\/{rel}","templated":true}]}}