{"id":28417,"date":"2021-09-20T14:25:01","date_gmt":"2021-09-20T12:25:01","guid":{"rendered":"http:\/\/centralmedia.rs\/?p=28417"},"modified":"2022-01-04T18:02:58","modified_gmt":"2022-01-04T17:02:58","slug":"palma-srbija-nece-biti-posmatrac-u-progonu-srba-sa-kosova-i-metohije","status":"publish","type":"post","link":"https:\/\/centralmedia.rs\/index.php\/2021\/09\/20\/palma-srbija-nece-biti-posmatrac-u-progonu-srba-sa-kosova-i-metohije\/","title":{"rendered":"PALMA : SRBIJA NE\u0106E BITI POSMATRA\u010c U PROGONU SRBA SA KOSOVA I METOHIJE"},"content":{"rendered":"<p>JAGODINA-&#8220;Mi smo navikli na ta neprijatna iznena\u0111enja od strane kosovskih Albanaca. Me\u0111utim, mi ne mo\u017eemo da prepoznamo ko su ti mentori, te dr\u017eave koje im daju podr\u0161ku, a da ono \u0161to se zove potpis u Briselu, koje su sastavljale te sile, koje odlu\u010duju godinama o Srbiji, taj tekst se ne po\u0161tuje. O\u010digledno da kosovski Albanci \u017eele da izazovu nered na Kosovu i Metohiji, kako bi do\u0161lo do krvoproli\u0107a.&#8221;, rekao je predsednik Jedinstvene Srbije Dragan Palma gostuju\u0107i na TV Kurir povodom upada specijalnih jedinica ROSU na sever Kosova i Metohije. \u201cMislim da Srbija zna vrlo dobro koje su namere predsednika privremenih kosovskih institucija premijera Albina Kurtija. Mi o\u010dekujemo da zemlje \u010dlanice Evropske unije kao \u0161to su Nema\u010dka i Francuska, izdaju saop\u0161tenja i ka\u017eu kosovskim albancima da se povuku i da to vi\u0161e ne rade.&#8221;, rekao je Markovi\u0107 i podsetio da je Srbija napravila dobre odnose sa Albanijom. &#8220;Sa predsednikom Albanije Edijom Ramom smo potpisali i dogovorili &#8220;Otvoreni Balkan&#8221;. On dobro zna da to \u0161to kosovski Albanci rade nikome ne donosi dobro, jer ukoliko bi se desio progon Srba, Srbija to ne\u0107e gledati kao posmatra\u010d.&#8221;, istakao je Markovi\u0107.<\/p>\n","protected":false},"excerpt":{"rendered":"<p>JAGODINA-&#8220;Mi smo navikli na ta neprijatna iznena\u0111enja od strane kosovskih Albanaca. Me\u0111utim, mi ne mo\u017eemo da prepoznamo ko su ti mentori, te dr\u017eave koje im &hellip; <\/p>\n","protected":false},"author":2,"featured_media":28254,"comment_status":"open","ping_status":"open","sticky":false,"template":"","format":"standard","meta":{"footnotes":""},"categories":[1524,2,1514,5643,13,887,12],"tags":[3413,143,120,5432,3415],"_links":{"self":[{"href":"https:\/\/centralmedia.rs\/index.php\/wp-json\/wp\/v2\/posts\/28417"}],"collection":[{"href":"https:\/\/centralmedia.rs\/index.php\/wp-json\/wp\/v2\/posts"}],"about":[{"href":"https:\/\/centralmedia.rs\/index.php\/wp-json\/wp\/v2\/types\/post"}],"author":[{"embeddable":true,"href":"https:\/\/centralmedia.rs\/index.php\/wp-json\/wp\/v2\/users\/2"}],"replies":[{"embeddable":true,"href":"https:\/\/centralmedia.rs\/index.php\/wp-json\/wp\/v2\/comments?post=28417"}],"version-history":[{"count":1,"href":"https:\/\/centralmedia.rs\/index.php\/wp-json\/wp\/v2\/posts\/28417\/revisions"}],"predecessor-version":[{"id":28418,"href":"https:\/\/centralmedia.rs\/index.php\/wp-json\/wp\/v2\/posts\/28417\/revisions\/28418"}],"wp:featuredmedia":[{"embeddable":true,"href":"https:\/\/centralmedia.rs\/index.php\/wp-json\/wp\/v2\/media\/28254"}],"wp:attachment":[{"href":"https:\/\/centralmedia.rs\/index.php\/wp-json\/wp\/v2\/media?parent=28417"}],"wp:term":[{"taxonomy":"category","embeddable":true,"href":"https:\/\/centralmedia.rs\/index.php\/wp-json\/wp\/v2\/categories?post=28417"},{"taxonomy":"post_tag","embeddable":true,"href":"https:\/\/centralmedia.rs\/index.php\/wp-json\/wp\/v2\/tags?post=28417"}],"curies":[{"name":"wp","href":"https:\/\/api.w.org\/{rel}","templated":true}]}}