{"id":28434,"date":"2021-09-23T01:17:47","date_gmt":"2021-09-22T23:17:47","guid":{"rendered":"http:\/\/centralmedia.rs\/?p=28434"},"modified":"2021-09-23T23:03:42","modified_gmt":"2021-09-23T21:03:42","slug":"sigurna-podrska-hilandaru-u-skupstini-srbije","status":"publish","type":"post","link":"https:\/\/centralmedia.rs\/index.php\/2021\/09\/23\/sigurna-podrska-hilandaru-u-skupstini-srbije\/","title":{"rendered":"SIGURNA PODR\u0160KA HILANDARU  U SKUP\u0160TINI SRBIJE"},"content":{"rendered":"<p>Raspravom o Predlogu zakona o o\u010duvanju kulturnog i istorijskog nasle\u0111a Svetog manastira Hilandara, poslanici Skup\u0161tine Srbije nastavili su u sredu rad. Podr\u0161ku zakonu dali svi poslanici, a govorili su Bratislav Jugovi\u0107, muftija Muamer Zukorli\u0107 i \u017divota Star\u010devi\u0107.<\/p>\n<div id='gallery-1' class='gallery galleryid-28434 gallery-columns-4 gallery-size-thumbnail'><figure class='gallery-item'>\n\t\t\t<div class='gallery-icon landscape'>\n\t\t\t\t<a href='https:\/\/centralmedia.rs\/index.php\/2021\/09\/23\/sigurna-podrska-hilandaru-u-skupstini-srbije\/dscn0021\/'><img loading=\"lazy\" decoding=\"async\" width=\"150\" height=\"150\" src=\"https:\/\/centralmedia.rs\/wp-content\/uploads\/2021\/09\/DSCN0021-150x150.jpg\" class=\"attachment-thumbnail size-thumbnail\" alt=\"\" \/><\/a>\n\t\t\t<\/div><\/figure><figure class='gallery-item'>\n\t\t\t<div class='gallery-icon landscape'>\n\t\t\t\t<a href='https:\/\/centralmedia.rs\/index.php\/2021\/09\/23\/sigurna-podrska-hilandaru-u-skupstini-srbije\/dscn0022\/'><img loading=\"lazy\" decoding=\"async\" width=\"150\" height=\"150\" src=\"https:\/\/centralmedia.rs\/wp-content\/uploads\/2021\/09\/DSCN0022-150x150.jpg\" class=\"attachment-thumbnail size-thumbnail\" alt=\"\" \/><\/a>\n\t\t\t<\/div><\/figure><figure class='gallery-item'>\n\t\t\t<div class='gallery-icon landscape'>\n\t\t\t\t<a href='https:\/\/centralmedia.rs\/index.php\/2021\/09\/23\/sigurna-podrska-hilandaru-u-skupstini-srbije\/dscn0024\/'><img loading=\"lazy\" decoding=\"async\" width=\"150\" height=\"150\" src=\"https:\/\/centralmedia.rs\/wp-content\/uploads\/2021\/09\/DSCN0024-150x150.jpg\" class=\"attachment-thumbnail size-thumbnail\" alt=\"\" \/><\/a>\n\t\t\t<\/div><\/figure><figure class='gallery-item'>\n\t\t\t<div class='gallery-icon landscape'>\n\t\t\t\t<a href='https:\/\/centralmedia.rs\/index.php\/2021\/09\/23\/sigurna-podrska-hilandaru-u-skupstini-srbije\/dscn0028\/'><img loading=\"lazy\" decoding=\"async\" width=\"150\" height=\"150\" src=\"https:\/\/centralmedia.rs\/wp-content\/uploads\/2021\/09\/DSCN0028-150x150.jpg\" class=\"attachment-thumbnail size-thumbnail\" alt=\"\" \/><\/a>\n\t\t\t<\/div><\/figure>\n\t\t<\/div>\n\n<p>Kada posle rasprave, kako se o\u010dekuje, bude usvojen, ovaj zakon \u0107e obezbediti kontinuiranu i na zakonu osnovanu podr\u0161ku i pomo\u0107 Srbije o\u010duvanju kulturnog i istorijskog nasle\u0111a Hilandara, kao i pomo\u0107 obnovi, rekonstrukciji i o\u010duvanju manastira, uz stalnu, izvesnu i sigurnu finansijsku podr\u0161ku bud\u017eetskih sredstava. Sredstva za realizaciju projekata, kako se navodi u zakonu, mogu se obezbediti i u bud\u017eetu autonomne pokrajine i jedinice lokalne samouprave, putem donacija kao i iz drugih izvora.<\/p>\n<p>Obrazla\u017eu\u0107i Zakon u Skup\u0161tini Srbije, ministarka kulture i informisanja Maja Gojkovi\u0107 objasnila je da \u0107e Srbija sprovoditi programe koji se odnose na o\u010duvanje istorijskih, verskih i kulturnih tradicija manastira, a da \u0107e osim toga pomo\u0107i i obnovu i rekonstrukciju postoje\u0107ih i izgradnju novih objekata manastira Hilandar.<\/p>\n<p>&#8211; Obaveza Srbije bi\u0107e i da preko svojih nadle\u017enih organa u\u010destvuje u organizaciji proslava zna\u010dajnih datuma iz istorije manastira. Predlog zakona defini\u0161e da Vlada obrazuje Komisiju za manastir Hilandar, kao posebno radno telo. Sli\u010dna komisija postoji i sada sastavljena je od najve\u0107ih stru\u010dnjaka iz oblasti kulturnog nasle\u0111a &#8211; rekla je Gojkovi\u0107eva.<\/p>\n<div id='gallery-2' class='gallery galleryid-28434 gallery-columns-4 gallery-size-thumbnail'><figure class='gallery-item'>\n\t\t\t<div class='gallery-icon landscape'>\n\t\t\t\t<a href='https:\/\/centralmedia.rs\/index.php\/2021\/09\/23\/sigurna-podrska-hilandaru-u-skupstini-srbije\/dscn0033\/'><img loading=\"lazy\" decoding=\"async\" width=\"150\" height=\"150\" src=\"https:\/\/centralmedia.rs\/wp-content\/uploads\/2021\/09\/DSCN0033-150x150.jpg\" class=\"attachment-thumbnail size-thumbnail\" alt=\"\" \/><\/a>\n\t\t\t<\/div><\/figure><figure class='gallery-item'>\n\t\t\t<div class='gallery-icon portrait'>\n\t\t\t\t<a href='https:\/\/centralmedia.rs\/index.php\/2021\/09\/23\/sigurna-podrska-hilandaru-u-skupstini-srbije\/dscn0008\/'><img loading=\"lazy\" decoding=\"async\" width=\"150\" height=\"150\" src=\"https:\/\/centralmedia.rs\/wp-content\/uploads\/2021\/09\/DSCN0008-e1632353581713-150x150.jpg\" class=\"attachment-thumbnail size-thumbnail\" alt=\"\" \/><\/a>\n\t\t\t<\/div><\/figure><figure class='gallery-item'>\n\t\t\t<div class='gallery-icon portrait'>\n\t\t\t\t<a href='https:\/\/centralmedia.rs\/index.php\/2021\/09\/23\/sigurna-podrska-hilandaru-u-skupstini-srbije\/dscn0077\/'><img loading=\"lazy\" decoding=\"async\" width=\"150\" height=\"150\" src=\"https:\/\/centralmedia.rs\/wp-content\/uploads\/2021\/09\/DSCN0077-e1632353600670-150x150.jpg\" class=\"attachment-thumbnail size-thumbnail\" alt=\"\" \/><\/a>\n\t\t\t<\/div><\/figure><figure class='gallery-item'>\n\t\t\t<div class='gallery-icon landscape'>\n\t\t\t\t<a href='https:\/\/centralmedia.rs\/index.php\/2021\/09\/23\/sigurna-podrska-hilandaru-u-skupstini-srbije\/dscn0065\/'><img loading=\"lazy\" decoding=\"async\" width=\"150\" height=\"150\" src=\"https:\/\/centralmedia.rs\/wp-content\/uploads\/2021\/09\/DSCN0065-150x150.jpg\" class=\"attachment-thumbnail size-thumbnail\" alt=\"\" \/><\/a>\n\t\t\t<\/div><\/figure>\n\t\t<\/div>\n\n<p>Na \u010delu ove komisije je ministar kulture, sada je to Maja Gojkovi\u0107, dok je ministar Nenad Popovi\u0107 njen zamenik.<\/p>\n<p>&#8211; Bud\u017eetska sredstva za podr\u0161ku Hilandaru opredeljiva\u0107e se za svaku teku\u0107u godinu zakonom kojim se utvr\u0111uje bud\u017eet Srbije &#8211; dodala je ministarka.<\/p>\n<p>U Hilandaru se pre 17 godina dogodio katastrofalan po\u017ear, koji je zahvatio vi\u0161e od polovine kompleksa manastira. Prema re\u010dima ministarke, Srbija je dosad za njegovu obnovu opredelila 1.767.000.000 dinara, od \u010dega najvi\u0161e u ovoj, 2021. &#8211; 360 miliona dinara, pre svega zahvaljuju\u0107i predsedniku Aleksandru Vu\u010di\u0107u. On je, podsetimo, Badnje ve\u010de ove godine proveo u Hilandaru sa bratstvom manastira.<\/p>\n<p>NEPROCENjIVO<\/p>\n<p>MANASTIR Hilandar je sa celokupnom ba\u0161tinom Svete Gore upisan u listu svetske kulturne i prirodne ba\u0161tine Uneska. Izgradio ga je gr\u010dki monah Georgije Hilandario, a obnovili su ga rodona\u010delnici srpske dr\u017eave Stefan Nemanja (monah Simeon) i njegov sin Sava 1198. Godinu kasnije, Stefan Nemanja se upokojio u ovoj svetinji. Hilandar je od osnivanja samoupravna mona\u0161ka ustanova koja svojim neprekinutim postojanjem predstavlja neprocenjivu vrednost i jedinstveni centar srpske duhovnosti, kulture, istorije, obrazovanja i tradicije.<\/p>\n","protected":false},"excerpt":{"rendered":"<p>Raspravom o Predlogu zakona o o\u010duvanju kulturnog i istorijskog nasle\u0111a Svetog manastira Hilandara, poslanici Skup\u0161tine Srbije nastavili su u sredu rad. Podr\u0161ku zakonu dali svi &hellip; <\/p>\n","protected":false},"author":2,"featured_media":28438,"comment_status":"open","ping_status":"open","sticky":false,"template":"","format":"standard","meta":{"footnotes":""},"categories":[2,13,887,12],"tags":[150,5437,4167,308],"_links":{"self":[{"href":"https:\/\/centralmedia.rs\/index.php\/wp-json\/wp\/v2\/posts\/28434"}],"collection":[{"href":"https:\/\/centralmedia.rs\/index.php\/wp-json\/wp\/v2\/posts"}],"about":[{"href":"https:\/\/centralmedia.rs\/index.php\/wp-json\/wp\/v2\/types\/post"}],"author":[{"embeddable":true,"href":"https:\/\/centralmedia.rs\/index.php\/wp-json\/wp\/v2\/users\/2"}],"replies":[{"embeddable":true,"href":"https:\/\/centralmedia.rs\/index.php\/wp-json\/wp\/v2\/comments?post=28434"}],"version-history":[{"count":4,"href":"https:\/\/centralmedia.rs\/index.php\/wp-json\/wp\/v2\/posts\/28434\/revisions"}],"predecessor-version":[{"id":28449,"href":"https:\/\/centralmedia.rs\/index.php\/wp-json\/wp\/v2\/posts\/28434\/revisions\/28449"}],"wp:featuredmedia":[{"embeddable":true,"href":"https:\/\/centralmedia.rs\/index.php\/wp-json\/wp\/v2\/media\/28438"}],"wp:attachment":[{"href":"https:\/\/centralmedia.rs\/index.php\/wp-json\/wp\/v2\/media?parent=28434"}],"wp:term":[{"taxonomy":"category","embeddable":true,"href":"https:\/\/centralmedia.rs\/index.php\/wp-json\/wp\/v2\/categories?post=28434"},{"taxonomy":"post_tag","embeddable":true,"href":"https:\/\/centralmedia.rs\/index.php\/wp-json\/wp\/v2\/tags?post=28434"}],"curies":[{"name":"wp","href":"https:\/\/api.w.org\/{rel}","templated":true}]}}