{"id":2846,"date":"2016-04-21T12:27:40","date_gmt":"2016-04-21T12:27:40","guid":{"rendered":"http:\/\/centralmedia.rs\/?p=2846"},"modified":"2016-04-21T12:27:40","modified_gmt":"2016-04-21T12:27:40","slug":"svi-za-paracin-tomislav-saletic","status":"publish","type":"post","link":"https:\/\/centralmedia.rs\/index.php\/2016\/04\/21\/svi-za-paracin-tomislav-saletic\/","title":{"rendered":"SVI ZA PARA\u0106IN-TOMISLAV \u0160ALETI\u0106"},"content":{"rendered":"<p>Prvi na listi Pokreta Svi za Para\u0107in Tomislav \u0160aleti\u0107 kandidat je za predsednika op\u0161tine Para\u0107in.<br \/>\n-Prvo \u0161ta \u0107e te uraditi kada bude izbarani na funkciju gradona\u010delnika u svom gradu?<br \/>\n\u0160aleti\u0107-Novi skup\u0161tinski saziv bi trebalo da uradi rebalans bud\u017eeta  u skladu sa ciljevima za koje se zala\u017eemo. Bez obzira \u0161to \u0107e pro\u0107i pet meseci. Druga\u010dija postavka bud\u017eeta, odnosno ve\u0107a okrenutost privredi, poljoprivredi, ljudima, zdravstvu, prosveti. Ne na  prvom mestu infrastruktura, ne asvalt, ne trotoari. Ne\u0107emo prestati sa infrastrukturnim radovima, ali taj ciklus je pri kraju. Imamo druge prioritete. <\/p>\n<p>-Najva\u017enije oblasti rada i ciljevi u naredne \u010detiri godine lokalne samouprave sa vama na \u010delu?<\/p>\n<p> \u0160aleti\u0107-Bud\u017eet treba da bude okrenut potrebama gra\u0111ana, a ne asvaltu. Insitra\u0107emo da svake godine pobolj\u0161avamo uslove \u017eivota gra\u0111ana. Standard na rpvom mestu, a to zna\u010di pomo\u0107 privrednicima, poljoprivredi, da stvaramo uslove za ve\u0107e privrednike. Obavezali smo potpisuju\u0107i sporazum sa para\u0107inskim privrednicima od najmanjih do velikih, da stvaramo profit i novu vrednost. Poljoprivreda i privreda mo\u017ee da o\u010dekujem po 100 miliona dinara direktne pomo\u0107i. <\/p>\n<p>-Sa kojom bi strankom formirali koaliciju, a sa kojom ne,  posle izbora?<\/p>\n<p>\u0160aleti\u0107-Nije realno da bilo koja opcija samostalno formira vlast u Para\u0107inu. Koalicija \u0107e biti formirana na osnovu volje gra\u0111ana i ostvarenih rezultata. Nemamo gazdu u Beogradu i presudno za formiranje koalicije bi\u0107e program rada i ulaganja. \u0160to se ti\u010de politi\u010dkih kop\u010di izme\u0111u repubi\u010dke i lokalne vlasti, to se na primeru Para\u0107ina nije pokazalo kao delotvorno. Para\u0107in nije imao vee\u0107 koristi kada je DS imao apsolutnu vlast. Moramo da se okrenemo sebi. Mi \u0107emo raditi, insistirati i moliti, obijati pragove, pisa\u0107emo projekte, te na taj na\u010din da postignemo cilj. Najvi\u0161e je investirano u op\u0161tine koje nisu imale direktnu kop\u010du sa republi\u010dkom vla\u0161\u0107u.<\/p>\n","protected":false},"excerpt":{"rendered":"<p>Prvi na listi Pokreta Svi za Para\u0107in Tomislav \u0160aleti\u0107 kandidat je za predsednika op\u0161tine Para\u0107in. -Prvo \u0161ta \u0107e te uraditi kada bude izbarani na funkciju &hellip; <\/p>\n","protected":false},"author":4,"featured_media":2586,"comment_status":"open","ping_status":"open","sticky":false,"template":"","format":"standard","meta":{"footnotes":""},"categories":[2,13,12],"tags":[657,735],"_links":{"self":[{"href":"https:\/\/centralmedia.rs\/index.php\/wp-json\/wp\/v2\/posts\/2846"}],"collection":[{"href":"https:\/\/centralmedia.rs\/index.php\/wp-json\/wp\/v2\/posts"}],"about":[{"href":"https:\/\/centralmedia.rs\/index.php\/wp-json\/wp\/v2\/types\/post"}],"author":[{"embeddable":true,"href":"https:\/\/centralmedia.rs\/index.php\/wp-json\/wp\/v2\/users\/4"}],"replies":[{"embeddable":true,"href":"https:\/\/centralmedia.rs\/index.php\/wp-json\/wp\/v2\/comments?post=2846"}],"version-history":[{"count":0,"href":"https:\/\/centralmedia.rs\/index.php\/wp-json\/wp\/v2\/posts\/2846\/revisions"}],"wp:featuredmedia":[{"embeddable":true,"href":"https:\/\/centralmedia.rs\/index.php\/wp-json\/wp\/v2\/media\/2586"}],"wp:attachment":[{"href":"https:\/\/centralmedia.rs\/index.php\/wp-json\/wp\/v2\/media?parent=2846"}],"wp:term":[{"taxonomy":"category","embeddable":true,"href":"https:\/\/centralmedia.rs\/index.php\/wp-json\/wp\/v2\/categories?post=2846"},{"taxonomy":"post_tag","embeddable":true,"href":"https:\/\/centralmedia.rs\/index.php\/wp-json\/wp\/v2\/tags?post=2846"}],"curies":[{"name":"wp","href":"https:\/\/api.w.org\/{rel}","templated":true}]}}