{"id":28485,"date":"2021-09-15T22:15:45","date_gmt":"2021-09-15T20:15:45","guid":{"rendered":"http:\/\/centralmedia.rs\/?p=28485"},"modified":"2021-09-23T22:20:40","modified_gmt":"2021-09-23T20:20:40","slug":"u-cajetini-se-obelezava-evropska-nedelja-mobilnosti","status":"publish","type":"post","link":"https:\/\/centralmedia.rs\/index.php\/2021\/09\/15\/u-cajetini-se-obelezava-evropska-nedelja-mobilnosti\/","title":{"rendered":"U \u010cAJETINI SE OBELE\u017dAVA EVROPSKA NEDELJA MOBILNOSTI"},"content":{"rendered":"<p>\u010cAJETINA- Svake godine u periodu od 16. do 22. septembra odr\u017eava se, EVROPSKA NEDELjA MOBILNOSTI, manifestacija \u010diji je osniva\u010d i pokrovitelj Evropska komisija. Ova manifestacija ima za cilj da favorizuje nemotorizovane vidove prevoza u gradovima u odnosu na automobilski saobra\u0107aj koji koristi fosilna goriva, a sve u cilju unapre\u0111enja kvaliteta \u017eivotne sredine u urbanim sredinama. Ovogodi\u0161nji slogan je Kre\u0107imo se odr\u017eivo! Ostanimo zdravi!<\/p>\n<p><img loading=\"lazy\" decoding=\"async\" class=\"alignnone wp-image-28487 size-full\" src=\"http:\/\/centralmedia.rs\/wp-content\/uploads\/2021\/09\/mobi1.jpg\" alt=\"\" width=\"700\" height=\"525\" srcset=\"https:\/\/centralmedia.rs\/wp-content\/uploads\/2021\/09\/mobi1.jpg 700w, https:\/\/centralmedia.rs\/wp-content\/uploads\/2021\/09\/mobi1-300x225.jpg 300w, https:\/\/centralmedia.rs\/wp-content\/uploads\/2021\/09\/mobi1-560x420.jpg 560w, https:\/\/centralmedia.rs\/wp-content\/uploads\/2021\/09\/mobi1-80x60.jpg 80w, https:\/\/centralmedia.rs\/wp-content\/uploads\/2021\/09\/mobi1-100x75.jpg 100w, https:\/\/centralmedia.rs\/wp-content\/uploads\/2021\/09\/mobi1-180x135.jpg 180w, https:\/\/centralmedia.rs\/wp-content\/uploads\/2021\/09\/mobi1-238x178.jpg 238w, https:\/\/centralmedia.rs\/wp-content\/uploads\/2021\/09\/mobi1-640x480.jpg 640w, https:\/\/centralmedia.rs\/wp-content\/uploads\/2021\/09\/mobi1-681x511.jpg 681w\" sizes=\"(max-width: 700px) 100vw, 700px\" \/><\/p>\n<p>Evropska nedelja mobilnosti odr\u017eava se \u0161irom Evrope i ove godine u obele\u017eavanju u\u010destvuje 2520 gradova iz 47 zemalja. Od toga se iz Srbije prijavilo 23 naseljena mesta me\u0111u kojima je i op\u0161tina \u010cajetina.<\/p>\n<p>\u201e\u017delimo kroz niz manifestacija na Kraljevom trgu, u Kulturnom centru na Zlatiboru, sa na\u0161im ljudima ovde u \u010cajetini i na Zlatiboru kao i sa na\u0161im gostima, da sprovedemo\u00a0 nedelju Evropske mobilnosti. Cilj nam je da op\u0161tina \u010cajetina bude jedna od prvih ekolo\u0161kih op\u0161tina u Srbiji, da vazduh bude \u0161to \u010distiji, priroda tako\u0111e, kao i sam centar turisti\u010dkog mesta Zlatibor kako bi dolazilo \u0161to vi\u0161e gostiju u na\u0161u op\u0161tinu\u201c, rekao je Miloje Rajovi\u0107, predsednik Saveta za bezbednost saobra\u0107aja op\u0161tine \u010cajetina.<\/p>\n<p>Prva u nizu aktivnosti koju je osmislio Savet za bezbednost saobra\u0107aja op\u0161tine \u010cajetina jeste razgovor sa lekarima SB \u201e\u010cigota\u201c koji \u0107e dati svoje stru\u010dno mi\u0161ljenje na temu zdravlja dece. U nastavku programa 17. septembra vr\u0161i\u0107e se dodela besplatnih auto sedi\u0161ta dok \u0107e u ponedeljak 20. septembra biti organizovana \u0161etnja dece PU \u201eRadost\u201c \u010cajetina.<\/p>\n<p>Akcenat u ovoj nedelji bi\u0107e dan bez automobila od 19-22. septembra i tom prilikom promovisa\u0107e se aktivni vidovi kretanja.<\/p>\n<p>\u201ePoslednji dan aktivnosti u okviru Evropske nedelje mobilnosti je 22. septembar, tog dana u saradnji sa Agencijom za bezbednost saobra\u0107aja i Savetom za bezbednost saobra\u0107aja op\u0161tine \u010cajetina, na Kraljevom trgu na Zlatiboru od 14 \u010dasova\u00a0 bi\u0107e izlo\u017eeni simulatori \u010deonog sudara, vo\u017enje u pijanom stanju tzv. \u201epijane nao\u010dare\u201c, simulator prevrtanja kao i poligon bezbednosti za decu.\u00a0 Svi zainteresovani mogu da do\u0111u i tom prilikom vide kakav je to na\u010din vo\u017enje, \u0161ta mo\u017ee da se desi u toku vo\u017enje i \u0161ta mo\u017ee da ih sa\u010deka u datom trenutku\u201c, ka\u017ee Sla\u0111ana Vulovi\u0107, zamenica predsednika Saveta za bezbednost saobra\u0107aja op\u0161tine \u010cajetina.<\/p>\n<p>U cilju dobijanja nagrade od Evropske komisije za organizaciju Evropske nedelje mobilnosti potrebno je ispuniti vi\u0161e kriterijuma a op\u0161tina \u010cajetina je za sada prepoznata kao jedna od vode\u0107ih lokalnih samouprava.<\/p>\n<p>\u201eJedan od kriterijuma je pre svega odr\u017eavanje Evropske nedelje mobilnosti a zatim da imamo plan odr\u017eive urbane mobilnosti. Mi smo izradi tog plana pristupili ove godine. Radimo i\u00a0 studiju pristupa\u010dnosti za javne objekte na teritoriji naseljenih mesta \u010cajetina i Zlatibor gde \u0107emo imati kompletnu prijavu za dalje konkurisanje bilo kakvih vidova nagrada u vezi urbane mobilnosti\u201c<\/p>\n<p>&nbsp;<\/p>\n<p>&nbsp;<\/p>\n<p>&nbsp;<\/p>\n","protected":false},"excerpt":{"rendered":"<p>\u010cAJETINA- Svake godine u periodu od 16. do 22. septembra odr\u017eava se, EVROPSKA NEDELjA MOBILNOSTI, manifestacija \u010diji je osniva\u010d i pokrovitelj Evropska komisija. Ova manifestacija &hellip; <\/p>\n","protected":false},"author":2,"featured_media":28486,"comment_status":"open","ping_status":"open","sticky":false,"template":"","format":"standard","meta":{"footnotes":""},"categories":[887,16,12],"tags":[2762,225,5445,2150],"_links":{"self":[{"href":"https:\/\/centralmedia.rs\/index.php\/wp-json\/wp\/v2\/posts\/28485"}],"collection":[{"href":"https:\/\/centralmedia.rs\/index.php\/wp-json\/wp\/v2\/posts"}],"about":[{"href":"https:\/\/centralmedia.rs\/index.php\/wp-json\/wp\/v2\/types\/post"}],"author":[{"embeddable":true,"href":"https:\/\/centralmedia.rs\/index.php\/wp-json\/wp\/v2\/users\/2"}],"replies":[{"embeddable":true,"href":"https:\/\/centralmedia.rs\/index.php\/wp-json\/wp\/v2\/comments?post=28485"}],"version-history":[{"count":1,"href":"https:\/\/centralmedia.rs\/index.php\/wp-json\/wp\/v2\/posts\/28485\/revisions"}],"predecessor-version":[{"id":28488,"href":"https:\/\/centralmedia.rs\/index.php\/wp-json\/wp\/v2\/posts\/28485\/revisions\/28488"}],"wp:featuredmedia":[{"embeddable":true,"href":"https:\/\/centralmedia.rs\/index.php\/wp-json\/wp\/v2\/media\/28486"}],"wp:attachment":[{"href":"https:\/\/centralmedia.rs\/index.php\/wp-json\/wp\/v2\/media?parent=28485"}],"wp:term":[{"taxonomy":"category","embeddable":true,"href":"https:\/\/centralmedia.rs\/index.php\/wp-json\/wp\/v2\/categories?post=28485"},{"taxonomy":"post_tag","embeddable":true,"href":"https:\/\/centralmedia.rs\/index.php\/wp-json\/wp\/v2\/tags?post=28485"}],"curies":[{"name":"wp","href":"https:\/\/api.w.org\/{rel}","templated":true}]}}