{"id":28545,"date":"2021-09-29T15:47:06","date_gmt":"2021-09-29T13:47:06","guid":{"rendered":"http:\/\/centralmedia.rs\/?p=28545"},"modified":"2022-01-04T17:36:49","modified_gmt":"2022-01-04T16:36:49","slug":"palma-kada-god-srbija-nesto-dobro-uradi-kosovski-albanci-dobiju-zeleno-svetlo-od-nekoga-da-remete-mir-i-bezbednost","status":"publish","type":"post","link":"https:\/\/centralmedia.rs\/index.php\/2021\/09\/29\/palma-kada-god-srbija-nesto-dobro-uradi-kosovski-albanci-dobiju-zeleno-svetlo-od-nekoga-da-remete-mir-i-bezbednost\/","title":{"rendered":"PALMA : KADA GOD SRBIJA NE\u0160TO DOBRO URADI KOSOVSKI ALBANCI DOBIJU ZELENO SVETLO OD NEKOGA DA REMETE MIR I BEZBEDNOST"},"content":{"rendered":"<p>\u201eOru\u017eani upad sa dugim cevima od strane Pri\u0161tine na sever Kosova i Metohije je reakcija na Dan srpskog jedinstva, slobode i nacionalne zastave. Srpska zastava nikoga nije ugrozila ni u bezbednosnom ni u ekonomskom smislu. Ne\u0161to sli\u010dno se deseilo u kada je Vu\u010di\u0107 bio u Moskvi i razgovarao sa Putinom i ruskim zvani\u010dnicima i tada smo bili u Moskvi i ja i Da\u010di\u0107 kao ministar spoljnih poslova. Vu\u010di\u0107 se nije ni vratio u Beograd, a Pri\u0161tina je saop\u0161tila da za nju Briselski sporazum ne va\u017ei jer je navodno protivan kosovskom Ustavu. Kako je bio u skladu sa kosovskim Ustavom kada ste ga potpisali? Kada god Srbija ne\u0161to dobro uradi, kosovski Albanci dobiju zeleno svetlo od nekoga da remete mir i bezbednost. Sada, Miroslav Laj\u010dak je bio u Pri\u0161tini i nije ni u\u0161ao u kola, a kosovski Albanci su sa dugim cevima do\u0161li na sever Kosova i Metohije. Oni su to uradili da isprovociraju Srbiju da vojno reaguje. To je cilj kosovskih Albanaca i Kurtija. Srbija na provokacije ne\u0107e reagovati, ali ako provokacije prerastu u fizi\u010dko nasilje nad Srbima, Srbija ne mo\u017ee to gledati skr\u0161tenih ruku kao nemi posmatra\u010d. \u0160ta bi trebalo da \u010dekamo da se desi nova \u201eOluja\u201c ili \u201e17. mart\u201c i novi pogromi Srba? U ovom slu\u010daju NATO mora da reaguje, ne vojno, nego da ka\u017ee Pri\u0161tini da po hitnom postupku povu\u010de duge cevi i specijalne jedinice sa severa Kosova i Metohije. Ne mo\u017ee Laj\u010dak da ka\u017ee \u201eobe strane\u201c. Koje obe strane? Samo jedna strana je sa dugim cevima na severu Kosova i Metohije\u201c, izjavio je predsednik Jedinstvene Srbije Dragan Markovi\u0107 Palma gostuju\u0107i na TV Pink.<\/p>\n<p>&nbsp;<\/p>\n<p>ONIMA KOJI PODR\u017dAVAJU ONOGA \u0160TO VRE\u0110A PREDSEDNIKA VU\u010cI\u0106A I NJEGOVU MAJKU NE TREBA UPUT ZA PSIHIJATRIJU. BOG NE SLU\u0160A TE BUDALE<\/p>\n<p>\u201eTaj voditelj (Marko Vidojkovi\u0107), koji je u \u017eivom programu vre\u0111ao predsednika Srbije Aleksandra Vu\u010di\u0107a i njegovu porodicu nije to uradio sam. Jel to na\u010din da pove\u0107avate gledanost, jesu to poruke za bolje sutra gra\u0111ana Srbije? U nekim opozicionim organizacijama ima ludaka, prevaranata, biv\u0161ih profitera. Gde su njhovi prijatelji kada su bili na vlasti i gde su pare koje su dobijali od nekih stranih ambasada. Da nisu te pare potro\u0161ili za \u0161kole i vrti\u0107e? Ne. Te pare koje su dobijali su slu\u017eile za njihov lep \u017eivot i da napadaju sve ono \u0161to se dobro radi u Srbiji. Obi\u010daj je kada se ode u crkvu da se molite Bogu za zdravlje, \u010dak i neprijatelja. Vu\u010di\u0107 nije neprijatelj ni Draganu \u0110ilasu ni Vuku Jeremi\u0107u. Vu\u010di\u010d je njihov politi\u010dki neistomi\u0161ljenik. Ja mislim da takvi kao \u0161to su Dagan \u0110ilas i Vuk Jeremi\u0107 i njima sli\u010dni idu u crkvu da mole Boga da \u0161to pre uzme Vu\u010di\u0107a. Ali Bog ne slu\u0161a te budale. Ja bi ba\u0161 voleo da ti koji svakodnevno kritikuju Vu\u010di\u0107a i ovu vlast da postave svoje ime na izborima. Taj koji je psovao predsednika, pa za njega ne\u0107e da glasaju ni kamermani iz njegovog studija, \u0161to su kolege. I oni se stide onoga \u0161to su \u010duli kao i \u017eena koja kuva kafu. Jesu to poruke 21. veka? Za\u0161to ne ka\u017eu \u201eti si Vu\u010di\u0107u napravio bolnicu od 10 spratova, a mi \u0107emo od 15. Pove\u0107a\u0107emo penzije i plate. \u0160to ne priznaju da je u njihovo vreme prose\u010dna plata u Srbiji bila 300 i ne\u0161to evra, a danas je 500 i ne\u0161to evra. Oni su kada su do\u0161li na vlast zatvorili sve fabrike, a ko danas zapo\u0161ljava te ljude koji su tada dobili otkaze i njihovu decu i njihove unuke. Vu\u010di\u0107 i Vlada Srbije. \u010cujem da ima nekih koji podr\u017eavaju tog voditelja \u0161to je vre\u0111ao Vu\u010di\u0107a i njegovu majku. Ti takvi kada bi do\u0161li na psihijatrijski pregled i kada bi predali zdravstvenu knji\u017eicu na \u0161alteru i medicinska sestra kada bi ih videla rekla bi \u201edajte ovoga preko reda i bez uputa\u201c, rekao je Dragan Markovi\u0107 Palma.<\/p>\n<p>&nbsp;<\/p>\n<p>VUK JEREMI\u0106 NEKA VODI KURTIJA KU\u0106I KADA MU JE PAMETAN<\/p>\n<p>\u201eJeste videli kako Vuk Jeremi\u0107 hvali Kurtija i ka\u017ee \u201eKurti je pametan \u010dovek\u201c. Ako ti je pametan vodi ga ku\u0107i i kuvajte mu ti i tvoja \u017eena kafu. Sve dr\u017eave u svetu imaju vlast i opoziciju koji se nadme\u0107u rezultatima i programom, ali u svim dr\u017eavama kada se govori o nacionalnom i dr\u017eavnom pitanju postoji konsenzus i jedinstvo. A Srbija zbog la\u017ei Dragana \u0110ilasa i Vuka Jeremi\u0107a non stop dobija neke kritike iz Evropske unije i Evropskog parlamenta. Onda ka\u017eu \u201esloboda medija\u201c. Jel vre\u0111anje predsednika dr\u017eave kao \u0161to je uradio Marko Vidojkovi\u0107 sloboda medija. Jel to sloboda medija?\u201c, upitao je predsednik Jedinstvene Srbije.<\/p>\n<p>&nbsp;<\/p>\n<p>OD 23. DO 30. OKTOBRA VODIM U EGIPAT 144 \u2013 ORO LJUDI, A U DELEGACIJI SU LEKARI I MEDICINSKE SESTRE I TEHNI\u010cARI IZ KOVID ODELJENJA I KOVID AMBULANTI IZ 20 ZDRAVSTVENIH USTANOVA IZ SRBIJE<\/p>\n<p>&nbsp;<\/p>\n<p>\u201eOd 23. do 30. oktobra vodi\u0107u u Egipat delegaciju 144 \u2013 oro ljudi u \u010dijem sastavu \u0107e biti lekari i medicinske sestre i tehni\u010dari iz kovid odeljenja i kovid ambulanti iz 20 zdravstvenih ustanova iz Srbije. Ti ljudi koji rade u kovid odelenjima i kovid ambulantama zaslu\u017eili su svo ordenje koje Srbija daje i sve zasluge. Pare za to putovanje, kao i za sva prethodna, obezedili su donatori. Pored toga, 17 oktobra na sve\u010danoj sednici, povodom Dana oslobo\u0111enja Jagodine u Drugom svetskom ratu, preko 30 lekara i zdravstvenih radnika iz Op\u0161te bolnice i Doma zdravlja iz Jagodine dobi\u0107e tradicionalne Oktobarske plakete grada Jagodine i uz to po 50 000 dinara kao nov\u010dani deo nagrade. Podse\u0107am da smo mi vodili ove godine 130 lekara i zdravstvenih radnika iz cele Srbije u Egipat, pa 600 lekara i zdravstvenih radnika iz cele Srbije u Paraliju i 994 poljoprivredna prozivo\u0111a\u010da iz cele Srbije u Paraliju. Sredstva za sva ta putovanja obezbedili su donatori\u201c, rekao je Markovi\u0107<\/p>\n","protected":false},"excerpt":{"rendered":"<p>\u201eOru\u017eani upad sa dugim cevima od strane Pri\u0161tine na sever Kosova i Metohije je reakcija na Dan srpskog jedinstva, slobode i nacionalne zastave. Srpska zastava &hellip; <\/p>\n","protected":false},"author":2,"featured_media":28546,"comment_status":"open","ping_status":"open","sticky":false,"template":"","format":"standard","meta":{"footnotes":""},"categories":[1524,2,1514,5643,13,887,12],"tags":[3513,143,536,120,63],"_links":{"self":[{"href":"https:\/\/centralmedia.rs\/index.php\/wp-json\/wp\/v2\/posts\/28545"}],"collection":[{"href":"https:\/\/centralmedia.rs\/index.php\/wp-json\/wp\/v2\/posts"}],"about":[{"href":"https:\/\/centralmedia.rs\/index.php\/wp-json\/wp\/v2\/types\/post"}],"author":[{"embeddable":true,"href":"https:\/\/centralmedia.rs\/index.php\/wp-json\/wp\/v2\/users\/2"}],"replies":[{"embeddable":true,"href":"https:\/\/centralmedia.rs\/index.php\/wp-json\/wp\/v2\/comments?post=28545"}],"version-history":[{"count":1,"href":"https:\/\/centralmedia.rs\/index.php\/wp-json\/wp\/v2\/posts\/28545\/revisions"}],"predecessor-version":[{"id":28547,"href":"https:\/\/centralmedia.rs\/index.php\/wp-json\/wp\/v2\/posts\/28545\/revisions\/28547"}],"wp:featuredmedia":[{"embeddable":true,"href":"https:\/\/centralmedia.rs\/index.php\/wp-json\/wp\/v2\/media\/28546"}],"wp:attachment":[{"href":"https:\/\/centralmedia.rs\/index.php\/wp-json\/wp\/v2\/media?parent=28545"}],"wp:term":[{"taxonomy":"category","embeddable":true,"href":"https:\/\/centralmedia.rs\/index.php\/wp-json\/wp\/v2\/categories?post=28545"},{"taxonomy":"post_tag","embeddable":true,"href":"https:\/\/centralmedia.rs\/index.php\/wp-json\/wp\/v2\/tags?post=28545"}],"curies":[{"name":"wp","href":"https:\/\/api.w.org\/{rel}","templated":true}]}}