{"id":28558,"date":"2021-09-30T17:48:15","date_gmt":"2021-09-30T15:48:15","guid":{"rendered":"http:\/\/centralmedia.rs\/?p=28558"},"modified":"2021-10-04T19:40:50","modified_gmt":"2021-10-04T17:40:50","slug":"centar-za-kulturu-svilajnac","status":"publish","type":"post","link":"https:\/\/centralmedia.rs\/index.php\/2021\/09\/30\/centar-za-kulturu-svilajnac\/","title":{"rendered":"CENTAR ZA KULTURU SVILAJNAC"},"content":{"rendered":"<p>SVILAJNAC-Centar za kulturu Svilajnac po\u010deo je svoju novu sezonu bogatim kulturnim sadr\u017eajima. Slede\u0107e nedelje na repertoaru su dva doga\u0111aja:<\/p>\n<div id='gallery-1' class='gallery galleryid-28558 gallery-columns-2 gallery-size-thumbnail'><figure class='gallery-item'>\n\t\t\t<div class='gallery-icon landscape'>\n\t\t\t\t<a href='https:\/\/centralmedia.rs\/index.php\/2021\/09\/30\/centar-za-kulturu-svilajnac\/ck-2\/'><img loading=\"lazy\" decoding=\"async\" width=\"150\" height=\"150\" src=\"https:\/\/centralmedia.rs\/wp-content\/uploads\/2021\/09\/ck-150x150.jpg\" class=\"attachment-thumbnail size-thumbnail\" alt=\"\" \/><\/a>\n\t\t\t<\/div><\/figure><figure class='gallery-item'>\n\t\t\t<div class='gallery-icon portrait'>\n\t\t\t\t<a href='https:\/\/centralmedia.rs\/index.php\/2021\/09\/30\/centar-za-kulturu-svilajnac\/ck1-2\/'><img loading=\"lazy\" decoding=\"async\" width=\"150\" height=\"150\" src=\"https:\/\/centralmedia.rs\/wp-content\/uploads\/2021\/09\/ck1-150x150.jpg\" class=\"attachment-thumbnail size-thumbnail\" alt=\"\" \/><\/a>\n\t\t\t<\/div><\/figure>\n\t\t<\/div>\n\n<p>U sredu 6. oktobra u 19 \u010dasova odr\u017eava se poetsko-filozofski performans Teodora Loren\u010di\u010da \u201eGeneral ljubavi\u201c. Teodor Loren\u010di\u010d je filozof, pesnik i knji\u017eevnik, poreklom iz Slovenije, koji danas \u017eivi i stvara u Beogradu i sebe naziva \u201eposlednjim pesnikom Jugoslavije\u201c. Ulaz se ne napla\u0107uje.<\/p>\n<p>U \u010detvrtak 7. oktobra u 18 \u010dasova odr\u017eava se lutkarska predstava za decu \u201eKapetan D\u017eon Piplfoks\u201c, koju izvodi Kru\u0161eva\u010dko pozori\u0161te po tekstu Du\u0161ka Radovi\u0107a. Ulaznice po ceni od 250 dinara mogu se kupiti na blagajni Centra za kulturu radnim danima od 13 do 20 \u010dasova.<\/p>\n","protected":false},"excerpt":{"rendered":"<p>SVILAJNAC-Centar za kulturu Svilajnac po\u010deo je svoju novu sezonu bogatim kulturnim sadr\u017eajima. Slede\u0107e nedelje na repertoaru su dva doga\u0111aja: U sredu 6. oktobra u 19 &hellip; <\/p>\n","protected":false},"author":2,"featured_media":3551,"comment_status":"open","ping_status":"open","sticky":false,"template":"","format":"standard","meta":{"footnotes":""},"categories":[1524,2,15,887,12,1517],"tags":[2767,38],"_links":{"self":[{"href":"https:\/\/centralmedia.rs\/index.php\/wp-json\/wp\/v2\/posts\/28558"}],"collection":[{"href":"https:\/\/centralmedia.rs\/index.php\/wp-json\/wp\/v2\/posts"}],"about":[{"href":"https:\/\/centralmedia.rs\/index.php\/wp-json\/wp\/v2\/types\/post"}],"author":[{"embeddable":true,"href":"https:\/\/centralmedia.rs\/index.php\/wp-json\/wp\/v2\/users\/2"}],"replies":[{"embeddable":true,"href":"https:\/\/centralmedia.rs\/index.php\/wp-json\/wp\/v2\/comments?post=28558"}],"version-history":[{"count":2,"href":"https:\/\/centralmedia.rs\/index.php\/wp-json\/wp\/v2\/posts\/28558\/revisions"}],"predecessor-version":[{"id":28562,"href":"https:\/\/centralmedia.rs\/index.php\/wp-json\/wp\/v2\/posts\/28558\/revisions\/28562"}],"wp:featuredmedia":[{"embeddable":true,"href":"https:\/\/centralmedia.rs\/index.php\/wp-json\/wp\/v2\/media\/3551"}],"wp:attachment":[{"href":"https:\/\/centralmedia.rs\/index.php\/wp-json\/wp\/v2\/media?parent=28558"}],"wp:term":[{"taxonomy":"category","embeddable":true,"href":"https:\/\/centralmedia.rs\/index.php\/wp-json\/wp\/v2\/categories?post=28558"},{"taxonomy":"post_tag","embeddable":true,"href":"https:\/\/centralmedia.rs\/index.php\/wp-json\/wp\/v2\/tags?post=28558"}],"curies":[{"name":"wp","href":"https:\/\/api.w.org\/{rel}","templated":true}]}}