{"id":28564,"date":"2021-10-01T15:01:27","date_gmt":"2021-10-01T13:01:27","guid":{"rendered":"http:\/\/centralmedia.rs\/?p=28564"},"modified":"2022-01-04T17:36:26","modified_gmt":"2022-01-04T16:36:26","slug":"odbornici-skupstine-grada-jagodine-jednoglasno-vucic-pocasni-gradanin-grada-jagodine","status":"publish","type":"post","link":"https:\/\/centralmedia.rs\/index.php\/2021\/10\/01\/odbornici-skupstine-grada-jagodine-jednoglasno-vucic-pocasni-gradanin-grada-jagodine\/","title":{"rendered":"ODBORNICI  Skup\u0161tine grada Jagodine JEDNOGLASNO &#8211;  VU\u010cI\u0106 PO\u010cASNI GRA\u0110ANIN GRADA JAGODINE"},"content":{"rendered":"<p>JAGODINA-Odbornici Skup\u0161tine grada Jagodine jednoglasno doneli odluku da se predsednik Srbije Aleksandar Vu\u010di\u0107 proglasi za po\u010dasnog gra\u0111anina grada Jagodine na dana\u0161njoj sednici. Pored Vu\u010di\u0107a, Titulu po\u010dasnog gra\u0111anina Jagodine pone\u0107e i vlasnik nema\u010dke kompanije Fi\u0161er, profesor Klaus Fi\u0161er, koji je u Jagodini otvorio jednu fabriku, a naredne godine otvori\u0107e drugu, i trener \u017denskog rukometnog kluba Jagodina Dragan Markov, koji je predvodio \u017dORK Jagodinu u najve\u0107im uspesima u istoriji kolektivnog sporta u Jagodini, osvojiv\u0161i tri \u0161ampionata Srbije za redom, tri Kupa Srbije, dva Super kupa i Svesrpski kup.<\/p>\n<p>-Predsednika Srbije Aleksandra Vu\u010di\u0107a smo predlo\u017eili za po\u010dasnog gra\u0111anina grada Jagodine ne samo zato \u0161to je stvorio uslove da svaki grad i op\u0161tina u Srbiji mogu da dovode investitore, da grade fabrike i otvaraju nova radna mesta, ve\u0107 i zato \u0161to Srbija pod njegovim vo\u0111stvom \u010duva mir i stabilnost na Balkanu i \u0161to me\u0111unarodni odnosi na\u0161e zemlje nisu vi\u0161e kao \u0161to su nekada bili, nego su najbolji u istoriji. Videli smo proteklih dana kakvoj je provokaciji Srbija bila izlo\u017eena od strane kosovskih Albanaca, koji nisu smeli da u\u0111u sa dugim cevima na sever Kosova i Metohije. O\u010digledno je da su kosovski Albanci dobili zeleno svetlo od neke dr\u017eave, a razlog takve vrste napada na Srbiju je brz ekonomski rast Srbije, da bi nas usporili i vratili u 90 \u2013 te godine kada je na\u0161a dr\u017eava imala mnogo problema. Predsednik Srbije Aleksandar Vu\u010di\u0107 je zaslu\u017ean \u0161to Srbija nije reagovala na te provokacije, a uspela je da sa\u010duva i mir i svoj narod na Kosovu i Metohiji i da do\u0111emo do nekog kompromisa, izjavio je danas predsednik Jedinstvene Srbije i Skup\u0161tine grada Jagodine Dragan Markov\u0107 Palma.<\/p>\n<p><img loading=\"lazy\" decoding=\"async\" class=\"alignnone wp-image-28566 size-medium\" src=\"http:\/\/centralmedia.rs\/wp-content\/uploads\/2021\/10\/odbornici-1-300x225.jpg\" alt=\"\" width=\"300\" height=\"225\" srcset=\"https:\/\/centralmedia.rs\/wp-content\/uploads\/2021\/10\/odbornici-1-300x225.jpg 300w, https:\/\/centralmedia.rs\/wp-content\/uploads\/2021\/10\/odbornici-1-768x576.jpg 768w, https:\/\/centralmedia.rs\/wp-content\/uploads\/2021\/10\/odbornici-1-1024x768.jpg 1024w, https:\/\/centralmedia.rs\/wp-content\/uploads\/2021\/10\/odbornici-1-560x420.jpg 560w, https:\/\/centralmedia.rs\/wp-content\/uploads\/2021\/10\/odbornici-1-80x60.jpg 80w, https:\/\/centralmedia.rs\/wp-content\/uploads\/2021\/10\/odbornici-1-100x75.jpg 100w, https:\/\/centralmedia.rs\/wp-content\/uploads\/2021\/10\/odbornici-1-180x135.jpg 180w, https:\/\/centralmedia.rs\/wp-content\/uploads\/2021\/10\/odbornici-1-238x178.jpg 238w, https:\/\/centralmedia.rs\/wp-content\/uploads\/2021\/10\/odbornici-1-640x480.jpg 640w, https:\/\/centralmedia.rs\/wp-content\/uploads\/2021\/10\/odbornici-1-681x511.jpg 681w, https:\/\/centralmedia.rs\/wp-content\/uploads\/2021\/10\/odbornici-1.jpg 1600w\" sizes=\"(max-width: 300px) 100vw, 300px\" \/><\/p>\n<p>-Druga Titula po\u010dasnog gra\u0111anina grada Jagodine ide profesoru Klausu Fi\u0161eru vlasniku kompanije \u201eFi\u0161er\u201c, koja je otvorila fabriku za proizvodnju delova za Mercedes i BMW i zaposlila 450 radnika, a slede\u0107e godine u Jagodini otvara fabriku za proizvodnju \u0161rafova i tiplova gde \u0107e zaposliti jo\u0161 700 radnika. I tre\u0107a titula po\u010dasni gra\u0111anin grada Jagodine pripada treneru \u017eenskog rukometnog kluba Jagodina Draganu Markovu koji je postigao sa rukometa\u0161icama Jagodine najve\u0107e uspehe u istoriji kolektivnog sporta u Jagodini. Pored toga, na sve\u010danoj sednici 17. oktobra povodom Dana oslobo\u0111enja Jagodine u Drugom svetskom ratu dodeli\u0107emo i 51. Oktobarsku plaketu uz koju ide i nov\u010dana nagrada od po 50.000\u00a0 dinara zaslu\u017enim pojedincima i organizacijama, pre svega lekarima, medicinskim sestrama i tehni\u010darima, kao i najbolijm u\u010denicima osnovnih i srednjih \u0161kola u Jagodini, rekao je Markovi\u0107.<\/p>\n<p>Informi\u0161u\u0107i odbornike jagodinskog parlamenta on je istakao da \u0107e od 23. do 30. oktobra u Egipat voditi delegaciju od 144 \u010dlana u kojoj \u0107e 85 posto biti lekari i medicinske sestre i tehni\u010dari, u najve\u0107em broju iz Op\u0161te bolnice i Doma zdravlja iz Jagodine, a kako je rekao, bi\u0107e ih iz 20 zdravstvenih ustanova iz Srbije. \u00a0Markovi\u0107 je potvrdio da ceo tro\u0161ak ovog putovanja pla\u0107aju donatori, kao \u0161to je bio slu\u010daj i do sada.<\/p>\n<p>Sve\u010dana sednica Skup\u0161tine grada Jagodine povodom Dana oslobo\u0111enja Jagodine u Drugom svetskom ratu bi\u0107e odr\u017eana tradicionalno 17. oktobra kada \u0107e biti i uru\u010dene nagrade dobitnicima.<\/p>\n","protected":false},"excerpt":{"rendered":"<p>JAGODINA-Odbornici Skup\u0161tine grada Jagodine jednoglasno doneli odluku da se predsednik Srbije Aleksandar Vu\u010di\u0107 proglasi za po\u010dasnog gra\u0111anina grada Jagodine na dana\u0161njoj sednici. Pored Vu\u010di\u0107a, Titulu &hellip; <\/p>\n","protected":false},"author":2,"featured_media":28565,"comment_status":"open","ping_status":"open","sticky":false,"template":"","format":"standard","meta":{"footnotes":""},"categories":[1524,2,1514,5643,13,887,12],"tags":[5189,58,5463,120,5462,140,63],"_links":{"self":[{"href":"https:\/\/centralmedia.rs\/index.php\/wp-json\/wp\/v2\/posts\/28564"}],"collection":[{"href":"https:\/\/centralmedia.rs\/index.php\/wp-json\/wp\/v2\/posts"}],"about":[{"href":"https:\/\/centralmedia.rs\/index.php\/wp-json\/wp\/v2\/types\/post"}],"author":[{"embeddable":true,"href":"https:\/\/centralmedia.rs\/index.php\/wp-json\/wp\/v2\/users\/2"}],"replies":[{"embeddable":true,"href":"https:\/\/centralmedia.rs\/index.php\/wp-json\/wp\/v2\/comments?post=28564"}],"version-history":[{"count":2,"href":"https:\/\/centralmedia.rs\/index.php\/wp-json\/wp\/v2\/posts\/28564\/revisions"}],"predecessor-version":[{"id":28571,"href":"https:\/\/centralmedia.rs\/index.php\/wp-json\/wp\/v2\/posts\/28564\/revisions\/28571"}],"wp:featuredmedia":[{"embeddable":true,"href":"https:\/\/centralmedia.rs\/index.php\/wp-json\/wp\/v2\/media\/28565"}],"wp:attachment":[{"href":"https:\/\/centralmedia.rs\/index.php\/wp-json\/wp\/v2\/media?parent=28564"}],"wp:term":[{"taxonomy":"category","embeddable":true,"href":"https:\/\/centralmedia.rs\/index.php\/wp-json\/wp\/v2\/categories?post=28564"},{"taxonomy":"post_tag","embeddable":true,"href":"https:\/\/centralmedia.rs\/index.php\/wp-json\/wp\/v2\/tags?post=28564"}],"curies":[{"name":"wp","href":"https:\/\/api.w.org\/{rel}","templated":true}]}}