{"id":28568,"date":"2021-10-01T15:19:12","date_gmt":"2021-10-01T13:19:12","guid":{"rendered":"http:\/\/centralmedia.rs\/?p=28568"},"modified":"2022-01-04T17:36:19","modified_gmt":"2022-01-04T16:36:19","slug":"palma-otkazali-smo-zbog-pandemije-vasar-u-jagodini-i-sve-skupove-koje-je-planirala-lokalna-samouprava-sa-vise-od-50-ljudi-u-zatvorenom-prostoru","status":"publish","type":"post","link":"https:\/\/centralmedia.rs\/index.php\/2021\/10\/01\/palma-otkazali-smo-zbog-pandemije-vasar-u-jagodini-i-sve-skupove-koje-je-planirala-lokalna-samouprava-sa-vise-od-50-ljudi-u-zatvorenom-prostoru\/","title":{"rendered":"PALMA : OTKAZALI SMO ZBOG PANDEMIJE VA\u0160AR U JAGODINI I SVE SKUPOVE KOJE JE PLANIRALA LOKALNA SAMOUPRAVA SA VI\u0160E OD 50 LJUDI U ZATVORENOM PROSTORU"},"content":{"rendered":"<p>JAGODINA- Ovaj posledji talas pandemije korona virusa je najopasniji do sada i Skup\u0161tina grada Jagodine je otkazala predstoje\u0107i tradicionalni Va\u0161ar posve\u0107en Pokrovu presvete Bogorodice 14. oktobra, zato \u0161to se uvek na va\u0161aru u Jagodini okupi preko hiljadu ljudi i zbog epidemiolo\u0161ke situacije smo taj va\u0161ar otkazali, kao i sve skupove koje je lokalna samouprava planirala, a na kojima bi se okupilo vi\u0161e od 50 ljudi u zatvorenom prostoru. Ja jo\u0161 jednom apelujem na sve gra\u0111ane Jagodine, gra\u0111ane Srbije da se vakcini\u0161u kako bismo mogli svi zajedno da sa\u010duvamo i zdravlje i ekonomiju, rekao je danas predsednik Skup\u0161tine grada Jagodina Dragan Markovi\u0107<\/p>\n","protected":false},"excerpt":{"rendered":"<p>JAGODINA- Ovaj posledji talas pandemije korona virusa je najopasniji do sada i Skup\u0161tina grada Jagodine je otkazala predstoje\u0107i tradicionalni Va\u0161ar posve\u0107en Pokrovu presvete Bogorodice 14. &hellip; <\/p>\n","protected":false},"author":2,"featured_media":3335,"comment_status":"open","ping_status":"open","sticky":false,"template":"","format":"standard","meta":{"footnotes":""},"categories":[14,1524,2,5643,1514,887,12],"tags":[5465,4446,5464,120],"_links":{"self":[{"href":"https:\/\/centralmedia.rs\/index.php\/wp-json\/wp\/v2\/posts\/28568"}],"collection":[{"href":"https:\/\/centralmedia.rs\/index.php\/wp-json\/wp\/v2\/posts"}],"about":[{"href":"https:\/\/centralmedia.rs\/index.php\/wp-json\/wp\/v2\/types\/post"}],"author":[{"embeddable":true,"href":"https:\/\/centralmedia.rs\/index.php\/wp-json\/wp\/v2\/users\/2"}],"replies":[{"embeddable":true,"href":"https:\/\/centralmedia.rs\/index.php\/wp-json\/wp\/v2\/comments?post=28568"}],"version-history":[{"count":2,"href":"https:\/\/centralmedia.rs\/index.php\/wp-json\/wp\/v2\/posts\/28568\/revisions"}],"predecessor-version":[{"id":28570,"href":"https:\/\/centralmedia.rs\/index.php\/wp-json\/wp\/v2\/posts\/28568\/revisions\/28570"}],"wp:featuredmedia":[{"embeddable":true,"href":"https:\/\/centralmedia.rs\/index.php\/wp-json\/wp\/v2\/media\/3335"}],"wp:attachment":[{"href":"https:\/\/centralmedia.rs\/index.php\/wp-json\/wp\/v2\/media?parent=28568"}],"wp:term":[{"taxonomy":"category","embeddable":true,"href":"https:\/\/centralmedia.rs\/index.php\/wp-json\/wp\/v2\/categories?post=28568"},{"taxonomy":"post_tag","embeddable":true,"href":"https:\/\/centralmedia.rs\/index.php\/wp-json\/wp\/v2\/tags?post=28568"}],"curies":[{"name":"wp","href":"https:\/\/api.w.org\/{rel}","templated":true}]}}