{"id":28592,"date":"2021-10-05T12:58:24","date_gmt":"2021-10-05T10:58:24","guid":{"rendered":"http:\/\/centralmedia.rs\/?p=28592"},"modified":"2022-01-04T17:35:33","modified_gmt":"2022-01-04T16:35:33","slug":"postavljena-vostana-figura-milunke-savic-srpske-heroine-iz-velikog-i-balkanskih-ratova","status":"publish","type":"post","link":"https:\/\/centralmedia.rs\/index.php\/2021\/10\/05\/postavljena-vostana-figura-milunke-savic-srpske-heroine-iz-velikog-i-balkanskih-ratova\/","title":{"rendered":"POSTAVLJENA VO\u0160TANA FIGURA MILUNKE SAVI\u0106 SRPSKE HEROINE IZ VELIKOG I BALKANSKIH RATOVA"},"content":{"rendered":"<div id='gallery-1' class='gallery galleryid-28592 gallery-columns-5 gallery-size-thumbnail'><figure class='gallery-item'>\n\t\t\t<div class='gallery-icon landscape'>\n\t\t\t\t<a href='https:\/\/centralmedia.rs\/index.php\/2021\/10\/05\/postavljena-vostana-figura-milunke-savic-srpske-heroine-iz-velikog-i-balkanskih-ratova\/milunka-5\/'><img loading=\"lazy\" decoding=\"async\" width=\"150\" height=\"150\" src=\"https:\/\/centralmedia.rs\/wp-content\/uploads\/2021\/10\/milunka-150x150.jpg\" class=\"attachment-thumbnail size-thumbnail\" alt=\"\" \/><\/a>\n\t\t\t<\/div><\/figure><figure class='gallery-item'>\n\t\t\t<div class='gallery-icon landscape'>\n\t\t\t\t<a href='https:\/\/centralmedia.rs\/index.php\/2021\/10\/05\/postavljena-vostana-figura-milunke-savic-srpske-heroine-iz-velikog-i-balkanskih-ratova\/milunka1\/'><img loading=\"lazy\" decoding=\"async\" width=\"150\" height=\"150\" src=\"https:\/\/centralmedia.rs\/wp-content\/uploads\/2021\/10\/milunka1-150x150.jpg\" class=\"attachment-thumbnail size-thumbnail\" alt=\"\" \/><\/a>\n\t\t\t<\/div><\/figure><figure class='gallery-item'>\n\t\t\t<div class='gallery-icon portrait'>\n\t\t\t\t<a href='https:\/\/centralmedia.rs\/index.php\/2021\/10\/05\/postavljena-vostana-figura-milunke-savic-srpske-heroine-iz-velikog-i-balkanskih-ratova\/milunka2\/'><img loading=\"lazy\" decoding=\"async\" width=\"150\" height=\"150\" src=\"https:\/\/centralmedia.rs\/wp-content\/uploads\/2021\/10\/milunka2-150x150.jpg\" class=\"attachment-thumbnail size-thumbnail\" alt=\"\" \/><\/a>\n\t\t\t<\/div><\/figure><figure class='gallery-item'>\n\t\t\t<div class='gallery-icon portrait'>\n\t\t\t\t<a href='https:\/\/centralmedia.rs\/index.php\/2021\/10\/05\/postavljena-vostana-figura-milunke-savic-srpske-heroine-iz-velikog-i-balkanskih-ratova\/milunka3\/'><img loading=\"lazy\" decoding=\"async\" width=\"150\" height=\"150\" src=\"https:\/\/centralmedia.rs\/wp-content\/uploads\/2021\/10\/milunka3-150x150.jpg\" class=\"attachment-thumbnail size-thumbnail\" alt=\"\" \/><\/a>\n\t\t\t<\/div><\/figure><figure class='gallery-item'>\n\t\t\t<div class='gallery-icon landscape'>\n\t\t\t\t<a href='https:\/\/centralmedia.rs\/index.php\/2021\/10\/05\/postavljena-vostana-figura-milunke-savic-srpske-heroine-iz-velikog-i-balkanskih-ratova\/muzej-9\/'><img loading=\"lazy\" decoding=\"async\" width=\"150\" height=\"150\" src=\"https:\/\/centralmedia.rs\/wp-content\/uploads\/2021\/10\/muzej-150x150.jpg\" class=\"attachment-thumbnail size-thumbnail\" alt=\"\" \/><\/a>\n\t\t\t<\/div><\/figure>\n\t\t<\/div>\n\n<p>JAGODINA- U Muzeju vo\u0161tanih figura u Jagodini postavljena figura heroini Velikog i Balkanskih ratova Milunke Savi\u0107 (1890-1973). Iz ovih ratova ona iza\u0161la kao najodlikovanija \u017eena-vojnik na svetu. Srbija, Francuska, Rusija i Engleska su joj dodelili najve\u0107a vojna priznanja, neka i po dva puta. Me\u0111utim, \u017eivot je provela u bedi, rade\u0107i kao \u010dista\u010dica, ali punog srca jer je odnegovala 36. dece, 35. je usvojila. Ni tada\u0161nja Srbija, ni potnja nisu imali milosti prema Srpskoj Jovanki Orleanki, kako su je nazivali zapadni mediji. Vi\u0161e je bila cenjena i uva\u017eavana u inostranstvu nego u svojoj zemlji. Valjda je njen greh bio \u0161to je bila heroj bez mane i straha, \u0161to su je respektovali strani ratni generali i velike vojne sile, a to je za mnoge kralj\u010di\u0107e i mar\u0161al\u010di\u0107e bilo nedosti\u017eno. U rat je po\u0161la kao redov Milun Savi\u0107, a iz rata iza\u0161la kao narednik Milunka Savi\u0107. \u010cetiri puta je te\u0161ko ranjavanja, jer je u prvim redovima u\u010destvovala u svim bitkama Srpske vojske. Prilikom previjanja rana lekari su konstatovali da je re\u010d o \u017eeni, a ne o mu\u0161karcu Milunu. Preminula je na dana\u0161nji dan 1973. godine, zaboravljana od javosti i establi\u0161menta, ali srce joj je bilo puno ju je okru\u017eivala njena velika porodica. Tek posle 40 godina, 2013. godine, Vlada Srbije donosi odluku da njene zemne ostatke iz porodi\u010dne grobnice uz sve vojne i dr\u017eavne po\u010dasti prebaci u Aleju velikana. Tada po\u010dinje i njen novi \u017eivot u javnosti, odavanje priznaja za sve \u0161to je u\u010dinila za Srbiju, pri\u010da o \u017eeni-vojniku, heroini, majci, ve\u010dnoj inspiraciji rodoljuba&#8230;<\/p>\n<p>Auto figure je Marijana Peki\u0107, a u radu su u\u010destvovali vajari Ljiljana Vojvodi\u0107 i Sne\u017eana Simonovi\u0107, kao i kostimograf Tatjana Staji\u0107.<\/p>\n<p>Postavljanju figure pristvovao je gradona\u010delnik Jagodine Ratko Stevanovi\u0107, autor figure Mirjana Peki\u0107 i direktorka Muzeja Jelena Markovi\u0107, kao i direktori javnih preduze\u0107a i ustanova.<\/p>\n","protected":false},"excerpt":{"rendered":"<p>JAGODINA- U Muzeju vo\u0161tanih figura u Jagodini postavljena figura heroini Velikog i Balkanskih ratova Milunke Savi\u0107 (1890-1973). Iz ovih ratova ona iza\u0161la kao najodlikovanija \u017eena-vojnik &hellip; <\/p>\n","protected":false},"author":2,"featured_media":28593,"comment_status":"open","ping_status":"open","sticky":false,"template":"","format":"standard","meta":{"footnotes":""},"categories":[1524,2,1514,5643,15,887,12],"tags":[58,3228,276],"_links":{"self":[{"href":"https:\/\/centralmedia.rs\/index.php\/wp-json\/wp\/v2\/posts\/28592"}],"collection":[{"href":"https:\/\/centralmedia.rs\/index.php\/wp-json\/wp\/v2\/posts"}],"about":[{"href":"https:\/\/centralmedia.rs\/index.php\/wp-json\/wp\/v2\/types\/post"}],"author":[{"embeddable":true,"href":"https:\/\/centralmedia.rs\/index.php\/wp-json\/wp\/v2\/users\/2"}],"replies":[{"embeddable":true,"href":"https:\/\/centralmedia.rs\/index.php\/wp-json\/wp\/v2\/comments?post=28592"}],"version-history":[{"count":4,"href":"https:\/\/centralmedia.rs\/index.php\/wp-json\/wp\/v2\/posts\/28592\/revisions"}],"predecessor-version":[{"id":28601,"href":"https:\/\/centralmedia.rs\/index.php\/wp-json\/wp\/v2\/posts\/28592\/revisions\/28601"}],"wp:featuredmedia":[{"embeddable":true,"href":"https:\/\/centralmedia.rs\/index.php\/wp-json\/wp\/v2\/media\/28593"}],"wp:attachment":[{"href":"https:\/\/centralmedia.rs\/index.php\/wp-json\/wp\/v2\/media?parent=28592"}],"wp:term":[{"taxonomy":"category","embeddable":true,"href":"https:\/\/centralmedia.rs\/index.php\/wp-json\/wp\/v2\/categories?post=28592"},{"taxonomy":"post_tag","embeddable":true,"href":"https:\/\/centralmedia.rs\/index.php\/wp-json\/wp\/v2\/tags?post=28592"}],"curies":[{"name":"wp","href":"https:\/\/api.w.org\/{rel}","templated":true}]}}