{"id":28616,"date":"2021-10-05T15:25:19","date_gmt":"2021-10-05T13:25:19","guid":{"rendered":"http:\/\/centralmedia.rs\/?p=28616"},"modified":"2021-10-10T20:28:17","modified_gmt":"2021-10-10T18:28:17","slug":"podeljena-drva-za-ogrev-interno-raseljenim-porodicama-u-svilajncu","status":"publish","type":"post","link":"https:\/\/centralmedia.rs\/index.php\/2021\/10\/05\/podeljena-drva-za-ogrev-interno-raseljenim-porodicama-u-svilajncu\/","title":{"rendered":"PODELJENA DRVA ZA OGREV INTERNO RASELJENIM PORODICAMA U SVILAJNCU"},"content":{"rendered":"<p>SVILAJNAC- Op\u0161tina Svilajnac je u saradnji sa Komeserijatom za interna i raseljena lica Republike Srbije, uz tehni\u010dku podr\u0161ku KJP \u201eMorava\u201c Svilajnac, obezbedila drva za ogrev za 30 interno raseljenih lica sa Kosova i Metohije sa boravi\u0161tem na teritoriji op\u0161tine Svilajnac.<\/p>\n<div id='gallery-1' class='gallery galleryid-28616 gallery-columns-5 gallery-size-thumbnail'><figure class='gallery-item'>\n\t\t\t<div class='gallery-icon landscape'>\n\t\t\t\t<a href='https:\/\/centralmedia.rs\/index.php\/2021\/10\/05\/podeljena-drva-za-ogrev-interno-raseljenim-porodicama-u-svilajncu\/drva-2\/'><img loading=\"lazy\" decoding=\"async\" width=\"150\" height=\"150\" src=\"https:\/\/centralmedia.rs\/wp-content\/uploads\/2021\/10\/drva-150x150.jpg\" class=\"attachment-thumbnail size-thumbnail\" alt=\"\" \/><\/a>\n\t\t\t<\/div><\/figure><figure class='gallery-item'>\n\t\t\t<div class='gallery-icon landscape'>\n\t\t\t\t<a href='https:\/\/centralmedia.rs\/index.php\/2021\/10\/05\/podeljena-drva-za-ogrev-interno-raseljenim-porodicama-u-svilajncu\/drva1\/'><img loading=\"lazy\" decoding=\"async\" width=\"150\" height=\"150\" src=\"https:\/\/centralmedia.rs\/wp-content\/uploads\/2021\/10\/drva1-150x150.jpg\" class=\"attachment-thumbnail size-thumbnail\" alt=\"\" \/><\/a>\n\t\t\t<\/div><\/figure><figure class='gallery-item'>\n\t\t\t<div class='gallery-icon landscape'>\n\t\t\t\t<a href='https:\/\/centralmedia.rs\/index.php\/2021\/10\/05\/podeljena-drva-za-ogrev-interno-raseljenim-porodicama-u-svilajncu\/drva2\/'><img loading=\"lazy\" decoding=\"async\" width=\"150\" height=\"150\" src=\"https:\/\/centralmedia.rs\/wp-content\/uploads\/2021\/10\/drva2-150x150.jpg\" class=\"attachment-thumbnail size-thumbnail\" alt=\"\" \/><\/a>\n\t\t\t<\/div><\/figure><figure class='gallery-item'>\n\t\t\t<div class='gallery-icon landscape'>\n\t\t\t\t<a href='https:\/\/centralmedia.rs\/index.php\/2021\/10\/05\/podeljena-drva-za-ogrev-interno-raseljenim-porodicama-u-svilajncu\/drva3\/'><img loading=\"lazy\" decoding=\"async\" width=\"150\" height=\"150\" src=\"https:\/\/centralmedia.rs\/wp-content\/uploads\/2021\/10\/drva3-150x150.jpg\" class=\"attachment-thumbnail size-thumbnail\" alt=\"\" \/><\/a>\n\t\t\t<\/div><\/figure><figure class='gallery-item'>\n\t\t\t<div class='gallery-icon landscape'>\n\t\t\t\t<a href='https:\/\/centralmedia.rs\/index.php\/2021\/10\/05\/podeljena-drva-za-ogrev-interno-raseljenim-porodicama-u-svilajncu\/drva4\/'><img loading=\"lazy\" decoding=\"async\" width=\"150\" height=\"150\" src=\"https:\/\/centralmedia.rs\/wp-content\/uploads\/2021\/10\/drva4-150x150.jpg\" class=\"attachment-thumbnail size-thumbnail\" alt=\"\" \/><\/a>\n\t\t\t<\/div><\/figure>\n\t\t<\/div>\n\n<p>\u201eSvaka porodica dobija drva u vrednosti od 20.000 dinara, i verujem da je ta pomo\u0107 dobrodo\u0161la s obzirom da se radi o vi\u0161e\u010dlanim porodicama slabijeg materijalnog stanja. KJP \u201eMorava\u201c \u0107e sva drva prevesti na ku\u0107ne adrese porodica koje nisu u mogu\u0107nosti da sama preuzmu drva\u201c \u2013 izjavila je danas zamenik predsednika op\u0161tine Svilajnac Dragana Radevi\u0107.<\/p>\n<p>\u010clanovi porodica kojima su uru\u010dena drva ka\u017eu da im ova pomo\u0107 mnogo zna\u010di jer \u0107e im olak\u0161ati grejanje i pomo\u0107i ku\u0107ne bud\u017eete u zimskom periodu.<\/p>\n<p>&nbsp;<\/p>\n","protected":false},"excerpt":{"rendered":"<p>SVILAJNAC- Op\u0161tina Svilajnac je u saradnji sa Komeserijatom za interna i raseljena lica Republike Srbije, uz tehni\u010dku podr\u0161ku KJP \u201eMorava\u201c Svilajnac, obezbedila drva za ogrev &hellip; <\/p>\n","protected":false},"author":2,"featured_media":28617,"comment_status":"open","ping_status":"open","sticky":false,"template":"","format":"standard","meta":{"footnotes":""},"categories":[1524,2,887,16,12,1517],"tags":[5471,180,38],"_links":{"self":[{"href":"https:\/\/centralmedia.rs\/index.php\/wp-json\/wp\/v2\/posts\/28616"}],"collection":[{"href":"https:\/\/centralmedia.rs\/index.php\/wp-json\/wp\/v2\/posts"}],"about":[{"href":"https:\/\/centralmedia.rs\/index.php\/wp-json\/wp\/v2\/types\/post"}],"author":[{"embeddable":true,"href":"https:\/\/centralmedia.rs\/index.php\/wp-json\/wp\/v2\/users\/2"}],"replies":[{"embeddable":true,"href":"https:\/\/centralmedia.rs\/index.php\/wp-json\/wp\/v2\/comments?post=28616"}],"version-history":[{"count":1,"href":"https:\/\/centralmedia.rs\/index.php\/wp-json\/wp\/v2\/posts\/28616\/revisions"}],"predecessor-version":[{"id":28622,"href":"https:\/\/centralmedia.rs\/index.php\/wp-json\/wp\/v2\/posts\/28616\/revisions\/28622"}],"wp:featuredmedia":[{"embeddable":true,"href":"https:\/\/centralmedia.rs\/index.php\/wp-json\/wp\/v2\/media\/28617"}],"wp:attachment":[{"href":"https:\/\/centralmedia.rs\/index.php\/wp-json\/wp\/v2\/media?parent=28616"}],"wp:term":[{"taxonomy":"category","embeddable":true,"href":"https:\/\/centralmedia.rs\/index.php\/wp-json\/wp\/v2\/categories?post=28616"},{"taxonomy":"post_tag","embeddable":true,"href":"https:\/\/centralmedia.rs\/index.php\/wp-json\/wp\/v2\/tags?post=28616"}],"curies":[{"name":"wp","href":"https:\/\/api.w.org\/{rel}","templated":true}]}}