{"id":28623,"date":"2021-10-05T19:29:46","date_gmt":"2021-10-05T17:29:46","guid":{"rendered":"http:\/\/centralmedia.rs\/?p=28623"},"modified":"2021-10-10T20:29:01","modified_gmt":"2021-10-10T18:29:01","slug":"partibrejkerski-sviraju-13-oktobra-u-cupriji","status":"publish","type":"post","link":"https:\/\/centralmedia.rs\/index.php\/2021\/10\/05\/partibrejkerski-sviraju-13-oktobra-u-cupriji\/","title":{"rendered":"PARTIBREJKERSI SVIRAJU 13. OKTOBRA U \u0106UPRIJI"},"content":{"rendered":"<p>\u0106UPRIJA- Na Dan Op\u0161tine \u0106uprija 13. oktobra koncert na gradskom trgu Partibrejkersa u 21 sat. U okviru programa obele\u017eavanja bi\u0107e odigrana pozori\u0161na predstava &#8220;Sokin i Bosina&#8221; Zvezdara teatra u 14. oktobra u 20 sati. Memorijal Aleksandar Petrovi\u0107, 76. Uli\u010dna trka, bi\u0107e odr\u017ean 12. oktobra u 16.30 na gradskom trgu. U Muzeju &#8220;Horeum margi-Ravno&#8221; u okviru koncepta Velikani srpske umetnosti 20. veka predstavlja izlo\u017ebu slika Bo\u017ee Ili\u0107a, iz zbirke Narodnog muzeja Toplice (Galerija Bo\u017ea Ili\u0107) iz Prokuplja. Izlo\u017eba \u0107e biti otvorena u ponedeljak, 11. oktobra u 20 sati.<\/p>\n<div id='gallery-1' class='gallery galleryid-28623 gallery-columns-3 gallery-size-thumbnail'><figure class='gallery-item'>\n\t\t\t<div class='gallery-icon landscape'>\n\t\t\t\t<a href='https:\/\/centralmedia.rs\/index.php\/2021\/10\/05\/partibrejkerski-sviraju-13-oktobra-u-cupriji\/muzej-10\/'><img loading=\"lazy\" decoding=\"async\" width=\"150\" height=\"150\" src=\"https:\/\/centralmedia.rs\/wp-content\/uploads\/2021\/10\/muzej-1-150x150.jpg\" class=\"attachment-thumbnail size-thumbnail\" alt=\"\" \/><\/a>\n\t\t\t<\/div><\/figure><figure class='gallery-item'>\n\t\t\t<div class='gallery-icon portrait'>\n\t\t\t\t<a href='https:\/\/centralmedia.rs\/index.php\/2021\/10\/05\/partibrejkerski-sviraju-13-oktobra-u-cupriji\/predstava-11\/'><img loading=\"lazy\" decoding=\"async\" width=\"150\" height=\"150\" src=\"https:\/\/centralmedia.rs\/wp-content\/uploads\/2021\/10\/predstava-150x150.jpg\" class=\"attachment-thumbnail size-thumbnail\" alt=\"\" \/><\/a>\n\t\t\t<\/div><\/figure><figure class='gallery-item'>\n\t\t\t<div class='gallery-icon landscape'>\n\t\t\t\t<a href='https:\/\/centralmedia.rs\/index.php\/2021\/10\/05\/partibrejkerski-sviraju-13-oktobra-u-cupriji\/dan-opstine-11\/'><img loading=\"lazy\" decoding=\"async\" width=\"150\" height=\"150\" src=\"https:\/\/centralmedia.rs\/wp-content\/uploads\/2021\/10\/dan-opstine-150x150.jpg\" class=\"attachment-thumbnail size-thumbnail\" alt=\"\" \/><\/a>\n\t\t\t<\/div><\/figure>\n\t\t<\/div>\n\n","protected":false},"excerpt":{"rendered":"<p>\u0106UPRIJA- Na Dan Op\u0161tine \u0106uprija 13. oktobra koncert na gradskom trgu Partibrejkersa u 21 sat. U okviru programa obele\u017eavanja bi\u0107e odigrana pozori\u0161na predstava &#8220;Sokin i &hellip; <\/p>\n","protected":false},"author":2,"featured_media":28624,"comment_status":"open","ping_status":"open","sticky":false,"template":"","format":"standard","meta":{"footnotes":""},"categories":[1515,1524,2,23,3055],"tags":[44,2041,5472],"_links":{"self":[{"href":"https:\/\/centralmedia.rs\/index.php\/wp-json\/wp\/v2\/posts\/28623"}],"collection":[{"href":"https:\/\/centralmedia.rs\/index.php\/wp-json\/wp\/v2\/posts"}],"about":[{"href":"https:\/\/centralmedia.rs\/index.php\/wp-json\/wp\/v2\/types\/post"}],"author":[{"embeddable":true,"href":"https:\/\/centralmedia.rs\/index.php\/wp-json\/wp\/v2\/users\/2"}],"replies":[{"embeddable":true,"href":"https:\/\/centralmedia.rs\/index.php\/wp-json\/wp\/v2\/comments?post=28623"}],"version-history":[{"count":2,"href":"https:\/\/centralmedia.rs\/index.php\/wp-json\/wp\/v2\/posts\/28623\/revisions"}],"predecessor-version":[{"id":28628,"href":"https:\/\/centralmedia.rs\/index.php\/wp-json\/wp\/v2\/posts\/28623\/revisions\/28628"}],"wp:featuredmedia":[{"embeddable":true,"href":"https:\/\/centralmedia.rs\/index.php\/wp-json\/wp\/v2\/media\/28624"}],"wp:attachment":[{"href":"https:\/\/centralmedia.rs\/index.php\/wp-json\/wp\/v2\/media?parent=28623"}],"wp:term":[{"taxonomy":"category","embeddable":true,"href":"https:\/\/centralmedia.rs\/index.php\/wp-json\/wp\/v2\/categories?post=28623"},{"taxonomy":"post_tag","embeddable":true,"href":"https:\/\/centralmedia.rs\/index.php\/wp-json\/wp\/v2\/tags?post=28623"}],"curies":[{"name":"wp","href":"https:\/\/api.w.org\/{rel}","templated":true}]}}