{"id":28637,"date":"2021-10-08T17:32:27","date_gmt":"2021-10-08T15:32:27","guid":{"rendered":"http:\/\/centralmedia.rs\/?p=28637"},"modified":"2022-01-04T17:34:35","modified_gmt":"2022-01-04T16:34:35","slug":"grcka-delegacija-posetila-crkvu-svetog-jovana-krstitelja-u-koncarevu","status":"publish","type":"post","link":"https:\/\/centralmedia.rs\/index.php\/2021\/10\/08\/grcka-delegacija-posetila-crkvu-svetog-jovana-krstitelja-u-koncarevu\/","title":{"rendered":"GR\u010cKA DELEGACIJA POSETILA CRKVU SVETOG JOVANA KRSTITELJA U KON\u010cAREVU"},"content":{"rendered":"<p>JAGODINA-Delegacija iz gr\u010dke regije Pijerija danas posetila crkvu Svetog Jovana Krstitelja u Kon\u010darevu. Ina\u010de, u poseti Jagodini nalazi se 65. \u010dlanova delegacije iz gr\u010dke regije Pijerija, \u010diji je glavni grad Katerini, a kome pripada najpoznatije letovali\u0161te u tom delu Gr\u010dke Paralija. Na \u010delu delegacije je gradona\u010delnik Katerini Konstantinos Koukodimos, sa svojim saradnicima, zatim odbornici Skup\u0161tine grada Katerini, privrednici, vlasnici hotela, agencija, prosvetni radnici kao i novinari. Za njih je danas predsednik Skup\u0161tine grada Jagodine Dragan Markovi\u0107 Palma priredio prijem. Markovi\u0107 je po\u010dasni konzul Gr\u010dke u Srbiji i po\u010dasni gra\u0111anin grada Katerini. Gr\u010dka gelegacija je nakon prijema u Skup\u0161tini grada Jagodine obi\u0161la zelenu pijacu u Jagodini, turisti\u010dki kompleks Jagodine u \u010dijem sastavu su Akva park, Zoo vrt, Muzej vo\u0161tanih figura i \u0161etali\u0161te Potok, kao i Hram Svetog Jovana Krstitelja u Kon\u010darevu, \u010diji je ktitor Dragan Markovi\u0107 Palma sa porodicom. Sve\u0161tenik je rekao da je crkvu osve\u0161tao patrijarh SPC Irinej, te da \u00a0crkva \u010duva \u010destice mo\u0161ti 11 svetitelja, me\u0111u njima Svetog Nektarija i Svetog \u0110or\u0111a, \u010dije je mo\u0161ti darivao mitropolit Solunski Varnava. Markovi\u0107 nosilac ordena Svetog Save prvog stepena.<\/p>\n<div id='gallery-1' class='gallery galleryid-28637 gallery-columns-7 gallery-size-thumbnail'><figure class='gallery-item'>\n\t\t\t<div class='gallery-icon portrait'>\n\t\t\t\t<a href='https:\/\/centralmedia.rs\/index.php\/2021\/10\/08\/grcka-delegacija-posetila-crkvu-svetog-jovana-krstitelja-u-koncarevu\/crkva-svetog-jovana-krstitelja\/'><img loading=\"lazy\" decoding=\"async\" width=\"150\" height=\"150\" src=\"https:\/\/centralmedia.rs\/wp-content\/uploads\/2021\/10\/crkva-svetog-jovana-krstitelja-150x150.jpg\" class=\"attachment-thumbnail size-thumbnail\" alt=\"\" \/><\/a>\n\t\t\t<\/div><\/figure><figure class='gallery-item'>\n\t\t\t<div class='gallery-icon portrait'>\n\t\t\t\t<a href='https:\/\/centralmedia.rs\/index.php\/2021\/10\/08\/grcka-delegacija-posetila-crkvu-svetog-jovana-krstitelja-u-koncarevu\/crkva-svetog-jovana\/'><img loading=\"lazy\" decoding=\"async\" width=\"150\" height=\"150\" src=\"https:\/\/centralmedia.rs\/wp-content\/uploads\/2021\/10\/crkva-svetog-jovana-150x150.jpg\" class=\"attachment-thumbnail size-thumbnail\" alt=\"\" \/><\/a>\n\t\t\t<\/div><\/figure><figure class='gallery-item'>\n\t\t\t<div class='gallery-icon landscape'>\n\t\t\t\t<a href='https:\/\/centralmedia.rs\/index.php\/2021\/10\/08\/grcka-delegacija-posetila-crkvu-svetog-jovana-krstitelja-u-koncarevu\/grci-u-koncarevu\/'><img loading=\"lazy\" decoding=\"async\" width=\"150\" height=\"150\" src=\"https:\/\/centralmedia.rs\/wp-content\/uploads\/2021\/10\/grci-u-koncarevu-150x150.jpg\" class=\"attachment-thumbnail size-thumbnail\" alt=\"\" \/><\/a>\n\t\t\t<\/div><\/figure><figure class='gallery-item'>\n\t\t\t<div class='gallery-icon landscape'>\n\t\t\t\t<a href='https:\/\/centralmedia.rs\/index.php\/2021\/10\/08\/grcka-delegacija-posetila-crkvu-svetog-jovana-krstitelja-u-koncarevu\/grci-u-koncarevu2\/'><img loading=\"lazy\" decoding=\"async\" width=\"150\" height=\"150\" src=\"https:\/\/centralmedia.rs\/wp-content\/uploads\/2021\/10\/grci-u-koncarevu2-150x150.jpg\" class=\"attachment-thumbnail size-thumbnail\" alt=\"\" \/><\/a>\n\t\t\t<\/div><\/figure><figure class='gallery-item'>\n\t\t\t<div class='gallery-icon landscape'>\n\t\t\t\t<a href='https:\/\/centralmedia.rs\/index.php\/2021\/10\/08\/grcka-delegacija-posetila-crkvu-svetog-jovana-krstitelja-u-koncarevu\/grci-u-koncarevu3\/'><img loading=\"lazy\" decoding=\"async\" width=\"150\" height=\"150\" src=\"https:\/\/centralmedia.rs\/wp-content\/uploads\/2021\/10\/grci-u-koncarevu3-150x150.jpg\" class=\"attachment-thumbnail size-thumbnail\" alt=\"\" \/><\/a>\n\t\t\t<\/div><\/figure><figure class='gallery-item'>\n\t\t\t<div class='gallery-icon landscape'>\n\t\t\t\t<a href='https:\/\/centralmedia.rs\/index.php\/2021\/10\/08\/grcka-delegacija-posetila-crkvu-svetog-jovana-krstitelja-u-koncarevu\/grci-u-koncarevu4\/'><img loading=\"lazy\" decoding=\"async\" width=\"150\" height=\"150\" src=\"https:\/\/centralmedia.rs\/wp-content\/uploads\/2021\/10\/grci-u-koncarevu4-150x150.jpg\" class=\"attachment-thumbnail size-thumbnail\" alt=\"\" \/><\/a>\n\t\t\t<\/div><\/figure><figure class='gallery-item'>\n\t\t\t<div class='gallery-icon landscape'>\n\t\t\t\t<a href='https:\/\/centralmedia.rs\/index.php\/2021\/10\/08\/grcka-delegacija-posetila-crkvu-svetog-jovana-krstitelja-u-koncarevu\/grci-u-koncarevu1\/'><img loading=\"lazy\" decoding=\"async\" width=\"150\" height=\"150\" src=\"https:\/\/centralmedia.rs\/wp-content\/uploads\/2021\/10\/grci-u-koncarevu1-150x150.jpg\" class=\"attachment-thumbnail size-thumbnail\" alt=\"\" \/><\/a>\n\t\t\t<\/div><\/figure>\n\t\t<\/div>\n\n<p>-To je najvi\u0161e priznanje SPC, koje mu je uru\u010dio patrijarh Irinej zajedno sa vladikom \u0160umadijskim Jovanom 2016. godine prilikom osve\u0161tanja hrama. Markovi\u0107 vodi ra\u010duna o SPC i duhovnosti na\u0161eg naroda u Pomoravlju. Mo\u017eemo re\u0107i da se njegovom velikom zaslugom stanovni\u0161tvo Pomoravlja vratilo duhovnosti i SPC. Dolaze\u0107i u gr\u010dku, Prijeriju i Paraliju da je Gr\u010dki narod okrenut duhovnosti i tradiciji Gr\u010dke paravoslavne crkve. Na\u0161a dva naroda su primer da svetovnost ne mo\u017ee bez duhovnosti. Jedinstvo ta dva uvek dovodi do blagostanja, rekao je narodni poslanik \u017divota Star\u010devi\u0107.<\/p>\n<p>Gosti iz Gr\u010dke bili su odu\u0161evljeni spoljnim i unutra\u0161njim izgledom crkve.<\/p>\n<p>-Drugi put pose\u0107ujem ovaj hram, \u017eelja mi je da saznam ko je naslikao ovako lepe ikone. U Grkoj nemamo ovako lepe crkve. Voleo bih da \u010destitam Markovi\u0107u za ovaj potez i u region. \u017delim mu da mu Bog, Bogorodica I Gospod daju zdravlja, kako bi uspeo da stvara jo\u0161 vise, istakao je Koukodimos<\/p>\n","protected":false},"excerpt":{"rendered":"<p>JAGODINA-Delegacija iz gr\u010dke regije Pijerija danas posetila crkvu Svetog Jovana Krstitelja u Kon\u010darevu. Ina\u010de, u poseti Jagodini nalazi se 65. \u010dlanova delegacije iz gr\u010dke regije &hellip; <\/p>\n","protected":false},"author":2,"featured_media":28638,"comment_status":"open","ping_status":"open","sticky":false,"template":"","format":"standard","meta":{"footnotes":""},"categories":[14,1524,2,5643,1514,887,12],"tags":[867,1611,440,5477],"_links":{"self":[{"href":"https:\/\/centralmedia.rs\/index.php\/wp-json\/wp\/v2\/posts\/28637"}],"collection":[{"href":"https:\/\/centralmedia.rs\/index.php\/wp-json\/wp\/v2\/posts"}],"about":[{"href":"https:\/\/centralmedia.rs\/index.php\/wp-json\/wp\/v2\/types\/post"}],"author":[{"embeddable":true,"href":"https:\/\/centralmedia.rs\/index.php\/wp-json\/wp\/v2\/users\/2"}],"replies":[{"embeddable":true,"href":"https:\/\/centralmedia.rs\/index.php\/wp-json\/wp\/v2\/comments?post=28637"}],"version-history":[{"count":1,"href":"https:\/\/centralmedia.rs\/index.php\/wp-json\/wp\/v2\/posts\/28637\/revisions"}],"predecessor-version":[{"id":28645,"href":"https:\/\/centralmedia.rs\/index.php\/wp-json\/wp\/v2\/posts\/28637\/revisions\/28645"}],"wp:featuredmedia":[{"embeddable":true,"href":"https:\/\/centralmedia.rs\/index.php\/wp-json\/wp\/v2\/media\/28638"}],"wp:attachment":[{"href":"https:\/\/centralmedia.rs\/index.php\/wp-json\/wp\/v2\/media?parent=28637"}],"wp:term":[{"taxonomy":"category","embeddable":true,"href":"https:\/\/centralmedia.rs\/index.php\/wp-json\/wp\/v2\/categories?post=28637"},{"taxonomy":"post_tag","embeddable":true,"href":"https:\/\/centralmedia.rs\/index.php\/wp-json\/wp\/v2\/tags?post=28637"}],"curies":[{"name":"wp","href":"https:\/\/api.w.org\/{rel}","templated":true}]}}