{"id":28654,"date":"2021-10-10T20:03:12","date_gmt":"2021-10-10T18:03:12","guid":{"rendered":"http:\/\/centralmedia.rs\/?p=28654"},"modified":"2021-10-19T14:59:23","modified_gmt":"2021-10-19T12:59:23","slug":"3-svilajnacki-maraton-novi-rekord-staze","status":"publish","type":"post","link":"https:\/\/centralmedia.rs\/index.php\/2021\/10\/10\/3-svilajnacki-maraton-novi-rekord-staze\/","title":{"rendered":"3. SVILAJNA\u010cKI MARATON &#8211; NOVI REKORD STAZE"},"content":{"rendered":"<p>SVILAJNAC- Pobednik 3. Svilajna\u010dkog maratona i vlasnik novog rekorda staze 1.08.50 je Stenli Kipruto, drugi je bio Velimir Bojovi\u0107, a tre\u0107i Novica Stojanovi\u0107. U konkreciji \u017eena \u00a0prva je bila Marijana \u0160ljivi\u0107 iz Para\u0107ina, druga Ana Markovi\u0107 iz Svilajnca i tre\u0107a Milena Mandi\u0107. U polumaratonu i trci zadovoljstva u\u010destvovalo je 600 takmi\u010dara. Znak za po\u010detak trke dala je poznata srpska atleti\u010darka Olivera Jevti\u0107, koja je ovog puta bila u ulozi promotera.<\/p>\n<p>-Uvek sam se radovala ovakvim doga\u0111ajima, Imala sam prilkie da obi\u0111em stazu, odli\u010dna je i \u017eao \u0161to nisam u\u010destvovala. Staza je brza i izuzetna. Slede\u0107e godine dolazim da u\u010destvujem i ostvarim normu za me\u0111unarodna takmi\u010denja. Atletika u Svilajncu je na svetskoj mapi takimi\u010denja i \u017eelim im da napreduju svake godine, kazala je Olivera Jevti\u0107.<\/p>\n<div id='gallery-1' class='gallery galleryid-28654 gallery-columns-3 gallery-size-full'><figure class='gallery-item'>\n\t\t\t<div class='gallery-icon landscape'>\n\t\t\t\t<a href='https:\/\/centralmedia.rs\/index.php\/2021\/10\/10\/3-svilajnacki-maraton-novi-rekord-staze\/polumaraton-sv\/'><img loading=\"lazy\" decoding=\"async\" width=\"1800\" height=\"1013\" src=\"https:\/\/centralmedia.rs\/wp-content\/uploads\/2021\/10\/polumaraton-sv.jpg\" class=\"attachment-full size-full\" alt=\"\" srcset=\"https:\/\/centralmedia.rs\/wp-content\/uploads\/2021\/10\/polumaraton-sv.jpg 1800w, https:\/\/centralmedia.rs\/wp-content\/uploads\/2021\/10\/polumaraton-sv-300x169.jpg 300w, https:\/\/centralmedia.rs\/wp-content\/uploads\/2021\/10\/polumaraton-sv-768x432.jpg 768w, https:\/\/centralmedia.rs\/wp-content\/uploads\/2021\/10\/polumaraton-sv-1024x576.jpg 1024w, https:\/\/centralmedia.rs\/wp-content\/uploads\/2021\/10\/polumaraton-sv-746x420.jpg 746w, https:\/\/centralmedia.rs\/wp-content\/uploads\/2021\/10\/polumaraton-sv-640x360.jpg 640w, https:\/\/centralmedia.rs\/wp-content\/uploads\/2021\/10\/polumaraton-sv-681x383.jpg 681w\" sizes=\"(max-width: 1800px) 100vw, 1800px\" \/><\/a>\n\t\t\t<\/div><\/figure><figure class='gallery-item'>\n\t\t\t<div class='gallery-icon landscape'>\n\t\t\t\t<a href='https:\/\/centralmedia.rs\/index.php\/2021\/10\/10\/3-svilajnacki-maraton-novi-rekord-staze\/polumaraton-sv1\/'><img loading=\"lazy\" decoding=\"async\" width=\"1800\" height=\"1013\" src=\"https:\/\/centralmedia.rs\/wp-content\/uploads\/2021\/10\/polumaraton-sv1.jpg\" class=\"attachment-full size-full\" alt=\"\" srcset=\"https:\/\/centralmedia.rs\/wp-content\/uploads\/2021\/10\/polumaraton-sv1.jpg 1800w, https:\/\/centralmedia.rs\/wp-content\/uploads\/2021\/10\/polumaraton-sv1-300x169.jpg 300w, https:\/\/centralmedia.rs\/wp-content\/uploads\/2021\/10\/polumaraton-sv1-768x432.jpg 768w, https:\/\/centralmedia.rs\/wp-content\/uploads\/2021\/10\/polumaraton-sv1-1024x576.jpg 1024w, https:\/\/centralmedia.rs\/wp-content\/uploads\/2021\/10\/polumaraton-sv1-746x420.jpg 746w, https:\/\/centralmedia.rs\/wp-content\/uploads\/2021\/10\/polumaraton-sv1-640x360.jpg 640w, https:\/\/centralmedia.rs\/wp-content\/uploads\/2021\/10\/polumaraton-sv1-681x383.jpg 681w\" sizes=\"(max-width: 1800px) 100vw, 1800px\" \/><\/a>\n\t\t\t<\/div><\/figure><figure class='gallery-item'>\n\t\t\t<div class='gallery-icon landscape'>\n\t\t\t\t<a href='https:\/\/centralmedia.rs\/index.php\/2021\/10\/10\/3-svilajnacki-maraton-novi-rekord-staze\/polumaraton-sv2\/'><img loading=\"lazy\" decoding=\"async\" width=\"1800\" height=\"1013\" src=\"https:\/\/centralmedia.rs\/wp-content\/uploads\/2021\/10\/polumaraton-sv2.jpg\" class=\"attachment-full size-full\" alt=\"\" srcset=\"https:\/\/centralmedia.rs\/wp-content\/uploads\/2021\/10\/polumaraton-sv2.jpg 1800w, https:\/\/centralmedia.rs\/wp-content\/uploads\/2021\/10\/polumaraton-sv2-300x169.jpg 300w, https:\/\/centralmedia.rs\/wp-content\/uploads\/2021\/10\/polumaraton-sv2-768x432.jpg 768w, https:\/\/centralmedia.rs\/wp-content\/uploads\/2021\/10\/polumaraton-sv2-1024x576.jpg 1024w, https:\/\/centralmedia.rs\/wp-content\/uploads\/2021\/10\/polumaraton-sv2-746x420.jpg 746w, https:\/\/centralmedia.rs\/wp-content\/uploads\/2021\/10\/polumaraton-sv2-640x360.jpg 640w, https:\/\/centralmedia.rs\/wp-content\/uploads\/2021\/10\/polumaraton-sv2-681x383.jpg 681w\" sizes=\"(max-width: 1800px) 100vw, 1800px\" \/><\/a>\n\t\t\t<\/div><\/figure>\n\t\t<\/div>\n\n<p>-Imamo veliki broj atleti\u010dara iz cele Srbije, ali i iz Svilajnca. Veliki je broj u\u010desnika sa odli\u010dnim rezultatima, \u0161to potvr\u0111uje da smo obezbedili dobre uslove za trku. Verujem da \u0107emo svi zajedno da negujemo prave sprotske vrednosti humanost, solidranost i kolektivni duh. Verujem da \u0107e na slede\u0107em poluamratonu biti jo\u0161 ja\u010da konkurencija, istakla je zamenica predsednika op\u0161tine Svilajnac Dragana Radevi\u0107.<\/p>\n","protected":false},"excerpt":{"rendered":"<p>SVILAJNAC- Pobednik 3. Svilajna\u010dkog maratona i vlasnik novog rekorda staze 1.08.50 je Stenli Kipruto, drugi je bio Velimir Bojovi\u0107, a tre\u0107i Novica Stojanovi\u0107. U konkreciji &hellip; <\/p>\n","protected":false},"author":2,"featured_media":28655,"comment_status":"open","ping_status":"open","sticky":false,"template":"","format":"standard","meta":{"footnotes":""},"categories":[1524,2,887,21,12,1517],"tags":[5481,2971,5480,5479],"_links":{"self":[{"href":"https:\/\/centralmedia.rs\/index.php\/wp-json\/wp\/v2\/posts\/28654"}],"collection":[{"href":"https:\/\/centralmedia.rs\/index.php\/wp-json\/wp\/v2\/posts"}],"about":[{"href":"https:\/\/centralmedia.rs\/index.php\/wp-json\/wp\/v2\/types\/post"}],"author":[{"embeddable":true,"href":"https:\/\/centralmedia.rs\/index.php\/wp-json\/wp\/v2\/users\/2"}],"replies":[{"embeddable":true,"href":"https:\/\/centralmedia.rs\/index.php\/wp-json\/wp\/v2\/comments?post=28654"}],"version-history":[{"count":1,"href":"https:\/\/centralmedia.rs\/index.php\/wp-json\/wp\/v2\/posts\/28654\/revisions"}],"predecessor-version":[{"id":28658,"href":"https:\/\/centralmedia.rs\/index.php\/wp-json\/wp\/v2\/posts\/28654\/revisions\/28658"}],"wp:featuredmedia":[{"embeddable":true,"href":"https:\/\/centralmedia.rs\/index.php\/wp-json\/wp\/v2\/media\/28655"}],"wp:attachment":[{"href":"https:\/\/centralmedia.rs\/index.php\/wp-json\/wp\/v2\/media?parent=28654"}],"wp:term":[{"taxonomy":"category","embeddable":true,"href":"https:\/\/centralmedia.rs\/index.php\/wp-json\/wp\/v2\/categories?post=28654"},{"taxonomy":"post_tag","embeddable":true,"href":"https:\/\/centralmedia.rs\/index.php\/wp-json\/wp\/v2\/tags?post=28654"}],"curies":[{"name":"wp","href":"https:\/\/api.w.org\/{rel}","templated":true}]}}