{"id":28659,"date":"2021-10-10T20:24:42","date_gmt":"2021-10-10T18:24:42","guid":{"rendered":"http:\/\/centralmedia.rs\/?p=28659"},"modified":"2022-01-04T17:34:09","modified_gmt":"2022-01-04T16:34:09","slug":"grcka-delegacija-posetila-industrijsku-zonu-i-kocin-hrast","status":"publish","type":"post","link":"https:\/\/centralmedia.rs\/index.php\/2021\/10\/10\/grcka-delegacija-posetila-industrijsku-zonu-i-kocin-hrast\/","title":{"rendered":"GR\u010cKA DELEGACIJA POSETILA INDUSTRIJSKU ZONU I KO\u010cIN HRAST"},"content":{"rendered":"<p>JAGODINA-Delegacija iz Gr\u010dke danas je posetila Industrijsku zonu i novu turisti\u010dku atrakciju ,,Ko\u010din hrast&#8221; u Jagodini, \u0161to su bile poslednje ta\u010dke njihovog trodnevog boravka u pomoravskoj prestonici. Politi\u010dari i privednici iz grada Katerini u regiji Pijerija u Gr\u010dkoj na ovaj na\u010din su zaokru\u017eili posetu Jagodini i Srbiji. Na\u010delnik Pomoravskog okruga Goran Milosavljevi\u0107 upoznao je goste sa privrednom slikom, stranim ulaganjima i otvaranjem 4.000 novih radnih mesta, a direktor Jase Zoran Gligorijevi\u0107 je podsetio da Jagodinu godi\u0161nje poseti 500 hiljada turista, te da je u tom sektoru otvoreno 2.000 direktnih radnih mesta i jo\u0161 toliko indirektno u privatnom sme\u0161taju.<\/p>\n<p>-Zahvaljum se na gostoprimstvu, za sve \u0161to smo videli i obradovali. Zadovoljni smo i zadivljeni svime \u0161to smo videli. Ponavlja\u0107u stalno svaki put da sam odu\u0161evljen. Pro\u0161lo je dve godine od kada sam posetio Jagodinu, a ovo \u0161to sam video je zaista fascinantno. Vrlo brzo idete ka vrhu, to va\u017ei sve gra\u0111ane Jagodine, ali na prvom mestu to se odnosi na Dragna Markovi\u0107a. To sam rekao I kada je bio Gr\u010dkoj, mi svi treba da nazdravljamo u njegovo zdravlje. On je gr\u010dki brat i \u010dovek koji jako voli Gr\u010dku. Mislim da i on treba tako da ose\u0107a prema meni \u0161to se ti\u010de Srbije. On je moj brat, rekao u rezumeu posete gradona\u010delnik Katerini Konstantinos Koukodimos.<\/p>\n<div id='gallery-1' class='gallery galleryid-28659 gallery-columns-3 gallery-size-full'><figure class='gallery-item'>\n\t\t\t<div class='gallery-icon landscape'>\n\t\t\t\t<a href='https:\/\/centralmedia.rs\/index.php\/2021\/10\/10\/grcka-delegacija-posetila-industrijsku-zonu-i-kocin-hrast\/brod\/'><img loading=\"lazy\" decoding=\"async\" width=\"1800\" height=\"1013\" src=\"https:\/\/centralmedia.rs\/wp-content\/uploads\/2021\/10\/brod.jpg\" class=\"attachment-full size-full\" alt=\"\" srcset=\"https:\/\/centralmedia.rs\/wp-content\/uploads\/2021\/10\/brod.jpg 1800w, https:\/\/centralmedia.rs\/wp-content\/uploads\/2021\/10\/brod-300x169.jpg 300w, https:\/\/centralmedia.rs\/wp-content\/uploads\/2021\/10\/brod-768x432.jpg 768w, https:\/\/centralmedia.rs\/wp-content\/uploads\/2021\/10\/brod-1024x576.jpg 1024w, https:\/\/centralmedia.rs\/wp-content\/uploads\/2021\/10\/brod-746x420.jpg 746w, https:\/\/centralmedia.rs\/wp-content\/uploads\/2021\/10\/brod-640x360.jpg 640w, https:\/\/centralmedia.rs\/wp-content\/uploads\/2021\/10\/brod-681x383.jpg 681w\" sizes=\"(max-width: 1800px) 100vw, 1800px\" \/><\/a>\n\t\t\t<\/div><\/figure><figure class='gallery-item'>\n\t\t\t<div class='gallery-icon landscape'>\n\t\t\t\t<a href='https:\/\/centralmedia.rs\/index.php\/2021\/10\/10\/grcka-delegacija-posetila-industrijsku-zonu-i-kocin-hrast\/grc1\/'><img loading=\"lazy\" decoding=\"async\" width=\"1800\" height=\"1013\" src=\"https:\/\/centralmedia.rs\/wp-content\/uploads\/2021\/10\/grc1.jpg\" class=\"attachment-full size-full\" alt=\"\" srcset=\"https:\/\/centralmedia.rs\/wp-content\/uploads\/2021\/10\/grc1.jpg 1800w, https:\/\/centralmedia.rs\/wp-content\/uploads\/2021\/10\/grc1-300x169.jpg 300w, https:\/\/centralmedia.rs\/wp-content\/uploads\/2021\/10\/grc1-768x432.jpg 768w, https:\/\/centralmedia.rs\/wp-content\/uploads\/2021\/10\/grc1-1024x576.jpg 1024w, https:\/\/centralmedia.rs\/wp-content\/uploads\/2021\/10\/grc1-746x420.jpg 746w, https:\/\/centralmedia.rs\/wp-content\/uploads\/2021\/10\/grc1-640x360.jpg 640w, https:\/\/centralmedia.rs\/wp-content\/uploads\/2021\/10\/grc1-681x383.jpg 681w\" sizes=\"(max-width: 1800px) 100vw, 1800px\" \/><\/a>\n\t\t\t<\/div><\/figure><figure class='gallery-item'>\n\t\t\t<div class='gallery-icon landscape'>\n\t\t\t\t<a href='https:\/\/centralmedia.rs\/index.php\/2021\/10\/10\/grcka-delegacija-posetila-industrijsku-zonu-i-kocin-hrast\/grci\/'><img loading=\"lazy\" decoding=\"async\" width=\"1800\" height=\"1013\" src=\"https:\/\/centralmedia.rs\/wp-content\/uploads\/2021\/10\/grci.jpg\" class=\"attachment-full size-full\" alt=\"\" srcset=\"https:\/\/centralmedia.rs\/wp-content\/uploads\/2021\/10\/grci.jpg 1800w, https:\/\/centralmedia.rs\/wp-content\/uploads\/2021\/10\/grci-300x169.jpg 300w, https:\/\/centralmedia.rs\/wp-content\/uploads\/2021\/10\/grci-768x432.jpg 768w, https:\/\/centralmedia.rs\/wp-content\/uploads\/2021\/10\/grci-1024x576.jpg 1024w, https:\/\/centralmedia.rs\/wp-content\/uploads\/2021\/10\/grci-746x420.jpg 746w, https:\/\/centralmedia.rs\/wp-content\/uploads\/2021\/10\/grci-640x360.jpg 640w, https:\/\/centralmedia.rs\/wp-content\/uploads\/2021\/10\/grci-681x383.jpg 681w\" sizes=\"(max-width: 1800px) 100vw, 1800px\" \/><\/a>\n\t\t\t<\/div><\/figure>\n\t\t<\/div>\n\n<p>Gosti iz Gr\u010dke su posetili crkvu Svetog Jovana Krstitelja u Kon\u010darevu, bili su na prijemu u Skup\u0161tini grada, obi\u0161li su zelenu pijacu, turisti\u010dki kompleks u \u010dijem sastavu su Akva park, Zoo vrt, Muzej vo\u0161tanih figura i \u0161etali\u0161te Potok.<\/p>\n","protected":false},"excerpt":{"rendered":"<p>JAGODINA-Delegacija iz Gr\u010dke danas je posetila Industrijsku zonu i novu turisti\u010dku atrakciju ,,Ko\u010din hrast&#8221; u Jagodini, \u0161to su bile poslednje ta\u010dke njihovog trodnevog boravka u &hellip; <\/p>\n","protected":false},"author":2,"featured_media":28660,"comment_status":"open","ping_status":"open","sticky":false,"template":"","format":"standard","meta":{"footnotes":""},"categories":[1524,2,5643,1514,13,887,12],"tags":[1611,58,4246],"_links":{"self":[{"href":"https:\/\/centralmedia.rs\/index.php\/wp-json\/wp\/v2\/posts\/28659"}],"collection":[{"href":"https:\/\/centralmedia.rs\/index.php\/wp-json\/wp\/v2\/posts"}],"about":[{"href":"https:\/\/centralmedia.rs\/index.php\/wp-json\/wp\/v2\/types\/post"}],"author":[{"embeddable":true,"href":"https:\/\/centralmedia.rs\/index.php\/wp-json\/wp\/v2\/users\/2"}],"replies":[{"embeddable":true,"href":"https:\/\/centralmedia.rs\/index.php\/wp-json\/wp\/v2\/comments?post=28659"}],"version-history":[{"count":2,"href":"https:\/\/centralmedia.rs\/index.php\/wp-json\/wp\/v2\/posts\/28659\/revisions"}],"predecessor-version":[{"id":28666,"href":"https:\/\/centralmedia.rs\/index.php\/wp-json\/wp\/v2\/posts\/28659\/revisions\/28666"}],"wp:featuredmedia":[{"embeddable":true,"href":"https:\/\/centralmedia.rs\/index.php\/wp-json\/wp\/v2\/media\/28660"}],"wp:attachment":[{"href":"https:\/\/centralmedia.rs\/index.php\/wp-json\/wp\/v2\/media?parent=28659"}],"wp:term":[{"taxonomy":"category","embeddable":true,"href":"https:\/\/centralmedia.rs\/index.php\/wp-json\/wp\/v2\/categories?post=28659"},{"taxonomy":"post_tag","embeddable":true,"href":"https:\/\/centralmedia.rs\/index.php\/wp-json\/wp\/v2\/tags?post=28659"}],"curies":[{"name":"wp","href":"https:\/\/api.w.org\/{rel}","templated":true}]}}