{"id":28667,"date":"2021-10-12T19:07:15","date_gmt":"2021-10-12T17:07:15","guid":{"rendered":"http:\/\/centralmedia.rs\/?p=28667"},"modified":"2022-01-04T17:34:01","modified_gmt":"2022-01-04T16:34:01","slug":"direktor-kancelarije-za-kim-petar-petkovic-u-jagodini-sa-interno-raseljenima-palma-srbija-nikada-nece-priznati-nezavisno-kosovo-i-metohiju-to-je-vucic-vise-puta-potvrdio","status":"publish","type":"post","link":"https:\/\/centralmedia.rs\/index.php\/2021\/10\/12\/direktor-kancelarije-za-kim-petar-petkovic-u-jagodini-sa-interno-raseljenima-palma-srbija-nikada-nece-priznati-nezavisno-kosovo-i-metohiju-to-je-vucic-vise-puta-potvrdio\/","title":{"rendered":"DIREKTOR KANCELARIJE ZA KIM PETAR PETKOVI\u0106 U JAGODINI SA INTERNO RASELJENIMA! PALMA: SRBIJA NIKADA NE\u0106E PRIZNATI NEZAVISNO KOSOVO I METOHIJU, TO JE VU\u010cI\u0106 VI\u0160E PUTA POTVRDIO"},"content":{"rendered":"<p>JAGODINA-Predsednik Skup\u0161tine grada Jagodina, narodni poslanik i predsednik Jedinstevne Srbije Dragan Markovi\u0107 Palma poru\u010dio je danas na sastanku sa inteno raseljenim licima da je siguran da \u0107e Srbi sa Kosova i Metohije glasati za Srpsku listu na lokalnim izborima na KIM. Sastanak je odr\u017ean na inicijativu direktora Kancelarije za KIM Petra Petkovi\u0107a u Skup\u0161tini grada Jagodina.<\/p>\n<p>&#8211; Siguran sam da \u0107ete pozvati i one koji ranje nisu glasali ili koji ne \u017eele da idu. Svi izbori su bitni ali ovi su najva\u017eniji za budu\u0107nost Srba na KIM kada je u pitanju lokal, tamo gde \u017eive va\u0161i ro\u0111aci i prijatelji. Za Srpsku listu treba glasati jer je predvodi predsednik Srbije Aleksandar Vu\u010di\u0107 i bez njega ne bi bilo ni 2 procenta Srba na KIM. Sprovo\u0111enje socijalne politike na KIM i sve \u0161to se pla\u0107a je zahvaljuju\u0107i\u00a0 Aleksandru Vu\u010di\u0107u. Imamo te\u017eak posao da se izborimo sa zapadim politi\u010darima da sami donosimo i sprovodimo odluke o tome kako \u0107emo da \u017eivimo. Ova vlast na \u010delu sa Aleksadrom Vu\u010di\u0107em nikada ne\u0107e priznati nezavisnost Kosova i Metohije. Vi nemate drugu dr\u017eavu, Albanci imaju, zato treba da slu\u0161ate ono \u0161to ka\u017ee Beograd i ono \u0161to ka\u017ee mlad \u010dovek, patriota, Petar Petkovi\u0107, rekao je Markovi\u0107.<\/p>\n<p>On je pomenuo da su opoziconi lideri u Srbiji hvalili po\u0161tenje i dobrotu Haradinaja i Kurtija, \u0161to je izazvalo negodovanje kod prisutnih interno raseljenih lica.<\/p>\n<p>Direktor \u041aancelarije za \u041aosovo i Metohiju dr Petar Petkovi\u0107 obi\u0161ao je danas Jagodinu i razgovarao sa raseljenim licima sa prostora \u041aiM, privremeno sme\u0161tenim u tom gradu, saop\u0161teno je iz Kancelarije za KiM.<\/p>\n<div id='gallery-1' class='gallery galleryid-28667 gallery-columns-3 gallery-size-thumbnail'><figure class='gallery-item'>\n\t\t\t<div class='gallery-icon landscape'>\n\t\t\t\t<a href='https:\/\/centralmedia.rs\/index.php\/2021\/10\/12\/direktor-kancelarije-za-kim-petar-petkovic-u-jagodini-sa-interno-raseljenima-palma-srbija-nikada-nece-priznati-nezavisno-kosovo-i-metohiju-to-je-vucic-vise-puta-potvrdio\/petar-petkovic\/'><img loading=\"lazy\" decoding=\"async\" width=\"150\" height=\"150\" src=\"https:\/\/centralmedia.rs\/wp-content\/uploads\/2021\/10\/PETAR-PETKOVIC-150x150.jpg\" class=\"attachment-thumbnail size-thumbnail\" alt=\"\" \/><\/a>\n\t\t\t<\/div><\/figure><figure class='gallery-item'>\n\t\t\t<div class='gallery-icon landscape'>\n\t\t\t\t<a href='https:\/\/centralmedia.rs\/index.php\/2021\/10\/12\/direktor-kancelarije-za-kim-petar-petkovic-u-jagodini-sa-interno-raseljenima-palma-srbija-nikada-nece-priznati-nezavisno-kosovo-i-metohiju-to-je-vucic-vise-puta-potvrdio\/raseljeni\/'><img loading=\"lazy\" decoding=\"async\" width=\"150\" height=\"150\" src=\"https:\/\/centralmedia.rs\/wp-content\/uploads\/2021\/10\/RASELJENI-150x150.jpg\" class=\"attachment-thumbnail size-thumbnail\" alt=\"\" \/><\/a>\n\t\t\t<\/div><\/figure><figure class='gallery-item'>\n\t\t\t<div class='gallery-icon landscape'>\n\t\t\t\t<a href='https:\/\/centralmedia.rs\/index.php\/2021\/10\/12\/direktor-kancelarije-za-kim-petar-petkovic-u-jagodini-sa-interno-raseljenima-palma-srbija-nikada-nece-priznati-nezavisno-kosovo-i-metohiju-to-je-vucic-vise-puta-potvrdio\/rseljeni\/'><img loading=\"lazy\" decoding=\"async\" width=\"150\" height=\"150\" src=\"https:\/\/centralmedia.rs\/wp-content\/uploads\/2021\/10\/RSELJENI-150x150.jpg\" class=\"attachment-thumbnail size-thumbnail\" alt=\"\" \/><\/a>\n\t\t\t<\/div><\/figure>\n\t\t<\/div>\n\n<p>Dodaje se da je Petkovi\u0107 pozvao raseljene da uzmu u\u010de\u0161\u0107e i glasaju na predstoje\u0107im lokalnim izborima u pokrajini 17. oktobra, istakav\u0161i zna\u010daj \u0161to ve\u0107eg izlaska Srba na te izbore, kao i jedinstvene podr\u0161ke Srpskoj listi.<\/p>\n<p>Petkovi\u0107a je do\u010dekao predsednik Skup\u0161tine grada Jagodina, Dragan Markovi\u0107 Palma, kome je preneo da je od vitalne va\u017enosti za opstanak srpskog naroda na \u041aiM da u \u0161to ve\u0107em broju privremeno raseljeni Srbi iza\u0111u na lokalne izbore i na taj na\u010din zajedno sa\u010duvamo bedeme srpskih nacionalnih interesa na \u041aiM.<\/p>\n<p>-Znam da ste svili novo gnezdo u lepoj Jagodini, ali opet znam da vam je i srce i du\u0161a na \u041aiM i ne mo\u017ee ni\u0161ta da vam bude milije od va\u0161eg Novog Brda, Vitine, Gra\u010danice, \u0160trpca, od na\u0161ih op\u0161tina na severu \u041aosova i Metohije, od na\u0161ih prelepih svetinja, na\u0161ih planina, njiva i svega onoga \u0161to ste morali da ostavite kada ste krenuli put centralne Srbije. Zato moramo da sa\u010duvamo 10 srpskih op\u0161tina, jer time \u010duvamo zalog za formiranje Zajednice srpskih op\u0161tina, jer \u0107e one predstavljati okvir za kolektivnu bezbednost i prava srpskog naroda na \u041aiM\u00a0&#8211; rekao je Petkovi\u0107.<\/p>\n<p>Naglasio je da je dr\u017eava Srbija danas ja\u010da nego ikada zahvaljuju\u0107i mudroj i odgovornoj politici predsednika Aleksandra Vu\u010di\u0107a i podsetio da \u0107e dr\u017eava uvek biti uz svoj narod.<\/p>\n<p>&#8211;\u00a0Znajte da imate va\u0161u dr\u017eavu uz vas koja \u0107e \u010diniti sve da pove\u0107a \u017eivotni standardi vas i va\u0161e dece i zato vas molim da se odazovete 17. oktobra i iza\u0111ete na lokalne izbore<strong>\u00a0<\/strong>&#8211; dodao je Petkovi\u0107.<\/p>\n<p>On je tom prilikom podr\u017eao Srpsku listu uz konstataciju da je jedino Srpska lista garant ostanka i opstanka srpskog naroda na \u041aiM, a ona izme\u0111u ostalog ima i podr\u0161ku predsednika Aleksandra Vu\u010di\u0107a.<\/p>\n<p>Predsednik Skup\u0161tine Grada Jagodine Dragan Markovi\u0107 istakao je da svi treba da podr\u017ee Srpsku listu koja jedina ima podr\u0161ku zvani\u010dnog Beograda i predsednika Aleksandra Vu\u010di\u0107a, jer je va\u017eno da se odbrane nacionalni interesi dr\u017eave Srbije.<\/p>\n","protected":false},"excerpt":{"rendered":"<p>JAGODINA-Predsednik Skup\u0161tine grada Jagodina, narodni poslanik i predsednik Jedinstevne Srbije Dragan Markovi\u0107 Palma poru\u010dio je danas na sastanku sa inteno raseljenim licima da je siguran &hellip; <\/p>\n","protected":false},"author":2,"featured_media":28668,"comment_status":"open","ping_status":"open","sticky":false,"template":"","format":"standard","meta":{"footnotes":""},"categories":[1524,2,5643,1514,13,887,12,1],"tags":[],"_links":{"self":[{"href":"https:\/\/centralmedia.rs\/index.php\/wp-json\/wp\/v2\/posts\/28667"}],"collection":[{"href":"https:\/\/centralmedia.rs\/index.php\/wp-json\/wp\/v2\/posts"}],"about":[{"href":"https:\/\/centralmedia.rs\/index.php\/wp-json\/wp\/v2\/types\/post"}],"author":[{"embeddable":true,"href":"https:\/\/centralmedia.rs\/index.php\/wp-json\/wp\/v2\/users\/2"}],"replies":[{"embeddable":true,"href":"https:\/\/centralmedia.rs\/index.php\/wp-json\/wp\/v2\/comments?post=28667"}],"version-history":[{"count":4,"href":"https:\/\/centralmedia.rs\/index.php\/wp-json\/wp\/v2\/posts\/28667\/revisions"}],"predecessor-version":[{"id":28675,"href":"https:\/\/centralmedia.rs\/index.php\/wp-json\/wp\/v2\/posts\/28667\/revisions\/28675"}],"wp:featuredmedia":[{"embeddable":true,"href":"https:\/\/centralmedia.rs\/index.php\/wp-json\/wp\/v2\/media\/28668"}],"wp:attachment":[{"href":"https:\/\/centralmedia.rs\/index.php\/wp-json\/wp\/v2\/media?parent=28667"}],"wp:term":[{"taxonomy":"category","embeddable":true,"href":"https:\/\/centralmedia.rs\/index.php\/wp-json\/wp\/v2\/categories?post=28667"},{"taxonomy":"post_tag","embeddable":true,"href":"https:\/\/centralmedia.rs\/index.php\/wp-json\/wp\/v2\/tags?post=28667"}],"curies":[{"name":"wp","href":"https:\/\/api.w.org\/{rel}","templated":true}]}}