{"id":28706,"date":"2021-10-18T17:00:45","date_gmt":"2021-10-18T15:00:45","guid":{"rendered":"http:\/\/centralmedia.rs\/?p=28706"},"modified":"2021-10-21T18:14:20","modified_gmt":"2021-10-21T16:14:20","slug":"na-konjickom-saboru-2-000-svilajncana","status":"publish","type":"post","link":"https:\/\/centralmedia.rs\/index.php\/2021\/10\/18\/na-konjickom-saboru-2-000-svilajncana\/","title":{"rendered":"NA KONJI\u010cKOM SABORU 2.000 SVILAJN\u010cANA"},"content":{"rendered":"<p>SVILAJNAC-Tre\u0107i svilajna\u010dki Konji\u010dki sabor odr\u017ean je ju\u010de u velikom parku kod vrti\u0107a, u prisustvu vi\u0161e od 100 u\u010desnika i 150 konja iz cele Srbije, kao i mnogobrojne publike.<\/p>\n<div id='gallery-1' class='gallery galleryid-28706 gallery-columns-7 gallery-size-thumbnail'><figure class='gallery-item'>\n\t\t\t<div class='gallery-icon landscape'>\n\t\t\t\t<a href='https:\/\/centralmedia.rs\/index.php\/2021\/10\/18\/na-konjickom-saboru-2-000-svilajncana\/konjiski-sabor\/'><img loading=\"lazy\" decoding=\"async\" width=\"150\" height=\"150\" src=\"https:\/\/centralmedia.rs\/wp-content\/uploads\/2021\/10\/KONJISKI-SABOR-150x150.jpg\" class=\"attachment-thumbnail size-thumbnail\" alt=\"\" \/><\/a>\n\t\t\t<\/div><\/figure><figure class='gallery-item'>\n\t\t\t<div class='gallery-icon landscape'>\n\t\t\t\t<a href='https:\/\/centralmedia.rs\/index.php\/2021\/10\/18\/na-konjickom-saboru-2-000-svilajncana\/konjiski-sabor1\/'><img loading=\"lazy\" decoding=\"async\" width=\"150\" height=\"150\" src=\"https:\/\/centralmedia.rs\/wp-content\/uploads\/2021\/10\/KONJISKI-SABOR1-150x150.jpg\" class=\"attachment-thumbnail size-thumbnail\" alt=\"\" \/><\/a>\n\t\t\t<\/div><\/figure><figure class='gallery-item'>\n\t\t\t<div class='gallery-icon landscape'>\n\t\t\t\t<a href='https:\/\/centralmedia.rs\/index.php\/2021\/10\/18\/na-konjickom-saboru-2-000-svilajncana\/konjiski-sabor2\/'><img loading=\"lazy\" decoding=\"async\" width=\"150\" height=\"150\" src=\"https:\/\/centralmedia.rs\/wp-content\/uploads\/2021\/10\/KONJISKI-SABOR2-150x150.jpg\" class=\"attachment-thumbnail size-thumbnail\" alt=\"\" \/><\/a>\n\t\t\t<\/div><\/figure><figure class='gallery-item'>\n\t\t\t<div class='gallery-icon landscape'>\n\t\t\t\t<a href='https:\/\/centralmedia.rs\/index.php\/2021\/10\/18\/na-konjickom-saboru-2-000-svilajncana\/konjiski-sabor3\/'><img loading=\"lazy\" decoding=\"async\" width=\"150\" height=\"150\" src=\"https:\/\/centralmedia.rs\/wp-content\/uploads\/2021\/10\/KONJISKI-SABOR3-150x150.jpg\" class=\"attachment-thumbnail size-thumbnail\" alt=\"\" \/><\/a>\n\t\t\t<\/div><\/figure><figure class='gallery-item'>\n\t\t\t<div class='gallery-icon landscape'>\n\t\t\t\t<a href='https:\/\/centralmedia.rs\/index.php\/2021\/10\/18\/na-konjickom-saboru-2-000-svilajncana\/konjiski-sabor5\/'><img loading=\"lazy\" decoding=\"async\" width=\"150\" height=\"150\" src=\"https:\/\/centralmedia.rs\/wp-content\/uploads\/2021\/10\/KONJISKI-SABOR5-150x150.jpg\" class=\"attachment-thumbnail size-thumbnail\" alt=\"\" \/><\/a>\n\t\t\t<\/div><\/figure><figure class='gallery-item'>\n\t\t\t<div class='gallery-icon landscape'>\n\t\t\t\t<a href='https:\/\/centralmedia.rs\/index.php\/2021\/10\/18\/na-konjickom-saboru-2-000-svilajncana\/konjiski-sabor6\/'><img loading=\"lazy\" decoding=\"async\" width=\"150\" height=\"150\" src=\"https:\/\/centralmedia.rs\/wp-content\/uploads\/2021\/10\/KONJISKI-SABOR6-150x150.jpg\" class=\"attachment-thumbnail size-thumbnail\" alt=\"\" \/><\/a>\n\t\t\t<\/div><\/figure><figure class='gallery-item'>\n\t\t\t<div class='gallery-icon landscape'>\n\t\t\t\t<a href='https:\/\/centralmedia.rs\/index.php\/2021\/10\/18\/na-konjickom-saboru-2-000-svilajncana\/konjiski-sabor4\/'><img loading=\"lazy\" decoding=\"async\" width=\"150\" height=\"150\" src=\"https:\/\/centralmedia.rs\/wp-content\/uploads\/2021\/10\/KONJISKI-SABOR4-150x150.jpg\" class=\"attachment-thumbnail size-thumbnail\" alt=\"\" \/><\/a>\n\t\t\t<\/div><\/figure>\n\t\t<\/div>\n\n<p>Oko 2.000 Svilajn\u010dana i gostiju u\u017eivali su u izlo\u017ebi konja, jahanju, slikanju, vo\u017enji ko\u010dijama, takmi\u010denju i lepom vremenu<\/p>\n","protected":false},"excerpt":{"rendered":"<p>SVILAJNAC-Tre\u0107i svilajna\u010dki Konji\u010dki sabor odr\u017ean je ju\u010de u velikom parku kod vrti\u0107a, u prisustvu vi\u0161e od 100 u\u010desnika i 150 konja iz cele Srbije, kao &hellip; <\/p>\n","protected":false},"author":2,"featured_media":28707,"comment_status":"open","ping_status":"open","sticky":false,"template":"","format":"standard","meta":{"footnotes":""},"categories":[1524,2,35,23,887,1517],"tags":[4043,38],"_links":{"self":[{"href":"https:\/\/centralmedia.rs\/index.php\/wp-json\/wp\/v2\/posts\/28706"}],"collection":[{"href":"https:\/\/centralmedia.rs\/index.php\/wp-json\/wp\/v2\/posts"}],"about":[{"href":"https:\/\/centralmedia.rs\/index.php\/wp-json\/wp\/v2\/types\/post"}],"author":[{"embeddable":true,"href":"https:\/\/centralmedia.rs\/index.php\/wp-json\/wp\/v2\/users\/2"}],"replies":[{"embeddable":true,"href":"https:\/\/centralmedia.rs\/index.php\/wp-json\/wp\/v2\/comments?post=28706"}],"version-history":[{"count":1,"href":"https:\/\/centralmedia.rs\/index.php\/wp-json\/wp\/v2\/posts\/28706\/revisions"}],"predecessor-version":[{"id":28714,"href":"https:\/\/centralmedia.rs\/index.php\/wp-json\/wp\/v2\/posts\/28706\/revisions\/28714"}],"wp:featuredmedia":[{"embeddable":true,"href":"https:\/\/centralmedia.rs\/index.php\/wp-json\/wp\/v2\/media\/28707"}],"wp:attachment":[{"href":"https:\/\/centralmedia.rs\/index.php\/wp-json\/wp\/v2\/media?parent=28706"}],"wp:term":[{"taxonomy":"category","embeddable":true,"href":"https:\/\/centralmedia.rs\/index.php\/wp-json\/wp\/v2\/categories?post=28706"},{"taxonomy":"post_tag","embeddable":true,"href":"https:\/\/centralmedia.rs\/index.php\/wp-json\/wp\/v2\/tags?post=28706"}],"curies":[{"name":"wp","href":"https:\/\/api.w.org\/{rel}","templated":true}]}}