{"id":28715,"date":"2021-10-18T17:06:54","date_gmt":"2021-10-18T15:06:54","guid":{"rendered":"http:\/\/centralmedia.rs\/?p=28715"},"modified":"2022-01-04T17:32:27","modified_gmt":"2022-01-04T16:32:27","slug":"klausu-fiseru-povelja-pocasnog-gradanina-jagodina-a-on-gradu-jos-jednu-fabriku","status":"publish","type":"post","link":"https:\/\/centralmedia.rs\/index.php\/2021\/10\/18\/klausu-fiseru-povelja-pocasnog-gradanina-jagodina-a-on-gradu-jos-jednu-fabriku\/","title":{"rendered":"KLAUSU FI\u0160ERU POVELJA PO\u010cASNOG GRA\u0110ANINA JAGODINA, A ON GRADU JO\u0160 JEDNU FABRIKU"},"content":{"rendered":"<p>JAGODINA-U Skup\u0161tini grada Jagodine danas je odr\u017eana sve\u010danost na kojoj je vlasniku nema\u010dke kompanije \u201eFi\u0161er\u201c, Klausu Fi\u0161eru, predsednik Skup\u0161tine grada Jagodine Dragan Markovi\u0107 Palma uru\u010dio najvi\u0161e priznanje grada Jagodine Povelju po\u010dasnog gra\u0111anina. \u201eIako je ju\u010de bila sve\u010dana sednica Skup\u0161tine grada Jagodine, na kojoj su dodeljena Oktobarska priznanja, svaki Va\u0161 dolazak u Jagodinu za nas je sve\u010dani trenutak\u201c, rekao je Dragan Markovi\u0107 Palma obra\u0107aju\u0107i se Klausu Fi\u0161eru. \u201eDr\u017eava Srbija i grad Jagodina su Vam zahvalni \u0161to ste otvorili fabriku u Jagodini, imaju\u0107i u vidu veliki ugled koji Va\u0161a komapanija u\u017eiva u celom svetu. Posebno sam Vam zahvalan na platama koje imaju na\u0161i radnici u Va\u0161oj fabrici, a koje su vi\u0161e nego u mnogim drugim stranim fabrikama. \u017delim da Vam prenesem i pozdrave predsednika Srbije Aleksandra Vu\u010di\u0107a, koji je ju\u010de na sve\u010danoj sednici primio Povelju po\u010dasnog gra\u0111anina grada Jagodine i koji je rekao da ono \u0161to je obe\u0107ano Va\u0161oj kompaniji bi\u0107e 100 posto realizovano. U Srbiji se po\u0161tuje svaki investitor, a posebno oni iz najmo\u0107nije ekonomske dr\u017eave Nema\u010dke\u201c, rekao je Markovi\u0107.<\/p>\n<div id='gallery-1' class='gallery galleryid-28715 gallery-columns-4 gallery-size-thumbnail'><figure class='gallery-item'>\n\t\t\t<div class='gallery-icon landscape'>\n\t\t\t\t<a href='https:\/\/centralmedia.rs\/index.php\/2021\/10\/18\/klausu-fiseru-povelja-pocasnog-gradanina-jagodina-a-on-gradu-jos-jednu-fabriku\/fisher1\/'><img loading=\"lazy\" decoding=\"async\" width=\"150\" height=\"150\" src=\"https:\/\/centralmedia.rs\/wp-content\/uploads\/2021\/10\/fisher1-150x150.jpg\" class=\"attachment-thumbnail size-thumbnail\" alt=\"\" \/><\/a>\n\t\t\t<\/div><\/figure><figure class='gallery-item'>\n\t\t\t<div class='gallery-icon landscape'>\n\t\t\t\t<a href='https:\/\/centralmedia.rs\/index.php\/2021\/10\/18\/klausu-fiseru-povelja-pocasnog-gradanina-jagodina-a-on-gradu-jos-jednu-fabriku\/fisher2\/'><img loading=\"lazy\" decoding=\"async\" width=\"150\" height=\"150\" src=\"https:\/\/centralmedia.rs\/wp-content\/uploads\/2021\/10\/fisher2-150x150.jpg\" class=\"attachment-thumbnail size-thumbnail\" alt=\"\" \/><\/a>\n\t\t\t<\/div><\/figure><figure class='gallery-item'>\n\t\t\t<div class='gallery-icon landscape'>\n\t\t\t\t<a href='https:\/\/centralmedia.rs\/index.php\/2021\/10\/18\/klausu-fiseru-povelja-pocasnog-gradanina-jagodina-a-on-gradu-jos-jednu-fabriku\/fisher3\/'><img loading=\"lazy\" decoding=\"async\" width=\"150\" height=\"150\" src=\"https:\/\/centralmedia.rs\/wp-content\/uploads\/2021\/10\/fisher3-150x150.jpg\" class=\"attachment-thumbnail size-thumbnail\" alt=\"\" \/><\/a>\n\t\t\t<\/div><\/figure><figure class='gallery-item'>\n\t\t\t<div class='gallery-icon landscape'>\n\t\t\t\t<a href='https:\/\/centralmedia.rs\/index.php\/2021\/10\/18\/klausu-fiseru-povelja-pocasnog-gradanina-jagodina-a-on-gradu-jos-jednu-fabriku\/fisher-2\/'><img loading=\"lazy\" decoding=\"async\" width=\"150\" height=\"150\" src=\"https:\/\/centralmedia.rs\/wp-content\/uploads\/2021\/10\/fisher-150x150.jpg\" class=\"attachment-thumbnail size-thumbnail\" alt=\"\" \/><\/a>\n\t\t\t<\/div><\/figure>\n\t\t<\/div>\n\n<p>Vlasnik kompanije \u201eFi\u0161er\u201c Klaus Fi\u0161er rekao je da ni u jednoj dr\u017eavi u Evropi nisu nai\u0161li na izvanredne uslove kao \u0161to je to slu\u010daj u Srbiji i Jagodini. \u201e Dve godine smo po Evropi tra\u017eili lokaciju za na\u0161u fabriku, ali nigde nismo prona\u0161li tako savr\u0161eno okru\u017eenje za na\u0161u fabriku kao ovde u Jagodini. Investiciona klima u Srbiji je vi\u0161e nego konkurentna, zatim odli\u010dno obu\u010deni ljudi, neznatne jezi\u010dke barijere, dobar pristup internetu i pristojan nivo mobilne mre\u017ee, kao i izvrsno znanje Va\u0161ih radnika. Nikada u 70 \u2013 godi\u0161njoj istoriji kompanije \u201eFi\u0161er\u201c nismo uspeli da tako dobro i brzo izgradimo pogon kao u Jagodini. Vi ste gospodine Palma zna\u010dajno tome doprineli. Da je Angela Merkel kada je bila u Srbiji imala vremena da poseti Jagodinu siguran sam da bi se jo\u0161 vi\u0161e zalagala da Srbija u\u0111e u Evropsku uniju, mada nisam siguran da bi pristup Va\u0161e zemlje Evropskoj uniji za Vas predstavljao prednost. Svi ti zakoni, propisi i odluke kojima su preduze\u0107a u Evropskoj uniji izlo\u017eena vi\u0161e ko\u010de razvoj i put u uspe\u0161niju budu\u0107nost. Toga ste zasada po\u0161te\u0111eni. Na\u0161a sada\u0161nja fabrika u Jagodini je na 8500 kvadrata i zaposli\u0107e ukupno 450 radnika i tu proizvodimo ventilacione mlaznice za Mercedes, Folksavgen i BMW. Mi kada smo videli koliko zavisimo od dobavlja\u010da sa Dalekog istoka, odlu\u010dili smo da na\u0161u novu fabriku za proizvodnju tiplova izgradimo u Jagodini. Predsednik Srbije Aleksandar Vu\u010di\u0107 je prilikom otvaranja na\u0161eg sada\u0161njeg pogona u Jagodini 10. juna rekao da \u0107e Srbija dati za 10 posto bolje uslove od bilo koje druge ponude iz regiona. Mi prihvatamo Va\u0161u ponudu, iako nismo do sada ni u jednoj drugoj balkanskoj dr\u017eavi tra\u017eili alternativnu ponudu. Prevagnulo je uverenje da smo ovde u Jagodini ve\u0107 prona\u0161li najpogodniju lokaciju i ve\u0107 smo u fazi izrade projekta\u201c, rekao je Klaus Fi\u0161er. Dragan Markovi\u0107 Palma je rekao da je predsednik Vu\u010di\u0107 prilikom razgovora u Jagodini potvrdio da \u0107e sve \u0161to je obe\u0107ano biti realizovano sa 100 posto. \u201e Za Vas velike industrijalce najva\u017enija je sigurnost kapitala, da kurs evra miruje, da se poreske stope ne menjanju i da postoji me\u0111unarodna popularnost kakvu nema nijedna druga dr\u017eava na ovim prostorima osim Srbije. Aleksandar Vu\u010di\u0107 i Angela Merkel su razgovarali 16 puta i dali su zeleno svetlo nema\u010dkim privednicima da investiraju u Srbiji\u201c, kazao je Markovi\u0107.<\/p>\n","protected":false},"excerpt":{"rendered":"<p>JAGODINA-U Skup\u0161tini grada Jagodine danas je odr\u017eana sve\u010danost na kojoj je vlasniku nema\u010dke kompanije \u201eFi\u0161er\u201c, Klausu Fi\u0161eru, predsednik Skup\u0161tine grada Jagodine Dragan Markovi\u0107 Palma uru\u010dio &hellip; <\/p>\n","protected":false},"author":2,"featured_media":28716,"comment_status":"open","ping_status":"open","sticky":false,"template":"","format":"standard","meta":{"footnotes":""},"categories":[22,1524,2,1514,5643,887,12],"tags":[5487,58,5486,4123],"_links":{"self":[{"href":"https:\/\/centralmedia.rs\/index.php\/wp-json\/wp\/v2\/posts\/28715"}],"collection":[{"href":"https:\/\/centralmedia.rs\/index.php\/wp-json\/wp\/v2\/posts"}],"about":[{"href":"https:\/\/centralmedia.rs\/index.php\/wp-json\/wp\/v2\/types\/post"}],"author":[{"embeddable":true,"href":"https:\/\/centralmedia.rs\/index.php\/wp-json\/wp\/v2\/users\/2"}],"replies":[{"embeddable":true,"href":"https:\/\/centralmedia.rs\/index.php\/wp-json\/wp\/v2\/comments?post=28715"}],"version-history":[{"count":1,"href":"https:\/\/centralmedia.rs\/index.php\/wp-json\/wp\/v2\/posts\/28715\/revisions"}],"predecessor-version":[{"id":28720,"href":"https:\/\/centralmedia.rs\/index.php\/wp-json\/wp\/v2\/posts\/28715\/revisions\/28720"}],"wp:featuredmedia":[{"embeddable":true,"href":"https:\/\/centralmedia.rs\/index.php\/wp-json\/wp\/v2\/media\/28716"}],"wp:attachment":[{"href":"https:\/\/centralmedia.rs\/index.php\/wp-json\/wp\/v2\/media?parent=28715"}],"wp:term":[{"taxonomy":"category","embeddable":true,"href":"https:\/\/centralmedia.rs\/index.php\/wp-json\/wp\/v2\/categories?post=28715"},{"taxonomy":"post_tag","embeddable":true,"href":"https:\/\/centralmedia.rs\/index.php\/wp-json\/wp\/v2\/tags?post=28715"}],"curies":[{"name":"wp","href":"https:\/\/api.w.org\/{rel}","templated":true}]}}