{"id":28726,"date":"2021-10-19T14:30:30","date_gmt":"2021-10-19T12:30:30","guid":{"rendered":"http:\/\/centralmedia.rs\/?p=28726"},"modified":"2022-01-04T17:31:46","modified_gmt":"2022-01-04T16:31:46","slug":"ehf-el-jagodina-na-minus-tri","status":"publish","type":"post","link":"https:\/\/centralmedia.rs\/index.php\/2021\/10\/19\/ehf-el-jagodina-na-minus-tri\/","title":{"rendered":"EHF EL: Jagodina na minus tri (FOTO)"},"content":{"rendered":"<p>JAGODINA-Kvalifikacije za grupnu fazu EHF Evrokupa u konkurenciji rukometa\u0161ica ulaze u zavr\u0161nicu. \u017dORK Jagodina je kao gost pora\u017eena od norve\u0161ke ekipe Tertnes iz Bergena sa 29:26 (16:9). U Asane areni, izgra\u0111enoj pro\u0161le godine, pred stotinak gledalaca, \u00a0rukometa\u0161ice Jagodine su pru\u017eile svoj trenutni maksimum. Do 56. minuta su se dr\u017eale odli\u010dno u susretu sa nadmo\u0107nim igra\u010dicama Tertnesa i pristrasnim su\u0111enjem sudija sa Islanda. Me\u0111utim, \u00a0kao da je \u00a0rezultat na semaforu 26:26 bio i kraj za Jagodinke i epizodu u Bergenu. To su iskoristile Norve\u017eanke i sre\u0107no postigle su jo\u0161 tri gola, dok \u00a0Jagodinke na to nisu imale odgovor. \u00a0Na osnovu prikazanog u redovima jagodinskih rukometa\u0161ica ima prostora bolju igru posebno u odbrani, koja u drugom poluvremenu zakazala, bez i jedne odbrane golmana. Pored toga, veliki broj tehni\u010dkih gre\u0161ki ko\u0161tao je Jagodinke poraza.<\/p>\n<div id='gallery-1' class='gallery galleryid-28726 gallery-columns-5 gallery-size-thumbnail'><figure class='gallery-item'>\n\t\t\t<div class='gallery-icon landscape'>\n\t\t\t\t<a href='https:\/\/centralmedia.rs\/index.php\/2021\/10\/19\/ehf-el-jagodina-na-minus-tri\/bergen\/'><img loading=\"lazy\" decoding=\"async\" width=\"150\" height=\"150\" src=\"https:\/\/centralmedia.rs\/wp-content\/uploads\/2021\/10\/bergen-150x150.jpg\" class=\"attachment-thumbnail size-thumbnail\" alt=\"\" \/><\/a>\n\t\t\t<\/div><\/figure><figure class='gallery-item'>\n\t\t\t<div class='gallery-icon landscape'>\n\t\t\t\t<a href='https:\/\/centralmedia.rs\/index.php\/2021\/10\/19\/ehf-el-jagodina-na-minus-tri\/bergen1\/'><img loading=\"lazy\" decoding=\"async\" width=\"150\" height=\"150\" src=\"https:\/\/centralmedia.rs\/wp-content\/uploads\/2021\/10\/bergen1-150x150.jpg\" class=\"attachment-thumbnail size-thumbnail\" alt=\"\" \/><\/a>\n\t\t\t<\/div><\/figure><figure class='gallery-item'>\n\t\t\t<div class='gallery-icon landscape'>\n\t\t\t\t<a href='https:\/\/centralmedia.rs\/index.php\/2021\/10\/19\/ehf-el-jagodina-na-minus-tri\/bergen2\/'><img loading=\"lazy\" decoding=\"async\" width=\"150\" height=\"150\" src=\"https:\/\/centralmedia.rs\/wp-content\/uploads\/2021\/10\/bergen2-150x150.jpg\" class=\"attachment-thumbnail size-thumbnail\" alt=\"\" \/><\/a>\n\t\t\t<\/div><\/figure><figure class='gallery-item'>\n\t\t\t<div class='gallery-icon landscape'>\n\t\t\t\t<a href='https:\/\/centralmedia.rs\/index.php\/2021\/10\/19\/ehf-el-jagodina-na-minus-tri\/bergen3\/'><img loading=\"lazy\" decoding=\"async\" width=\"150\" height=\"150\" src=\"https:\/\/centralmedia.rs\/wp-content\/uploads\/2021\/10\/bergen3-150x150.jpg\" class=\"attachment-thumbnail size-thumbnail\" alt=\"\" \/><\/a>\n\t\t\t<\/div><\/figure><figure class='gallery-item'>\n\t\t\t<div class='gallery-icon landscape'>\n\t\t\t\t<a href='https:\/\/centralmedia.rs\/index.php\/2021\/10\/19\/ehf-el-jagodina-na-minus-tri\/bergen4\/'><img loading=\"lazy\" decoding=\"async\" width=\"150\" height=\"150\" src=\"https:\/\/centralmedia.rs\/wp-content\/uploads\/2021\/10\/bergen4-150x150.jpg\" class=\"attachment-thumbnail size-thumbnail\" alt=\"\" \/><\/a>\n\t\t\t<\/div><\/figure>\n\t\t<\/div>\n\n<p>Rukometa\u0161ice Jagodine na osnovu prikazanog u Norve\u0161koj imaju osnova da se nadaju da u revan\u0161u na svom parketu mogu da stignu do 3. kola EHF EL, drugog po rangu evropsko takmi\u010denje. Pobednika \u00a0dvome\u010da, \u010deka mo\u0107ni Bitinghajm iz Nema\u010dke.<\/p>\n<div id='gallery-2' class='gallery galleryid-28726 gallery-columns-5 gallery-size-thumbnail'><figure class='gallery-item'>\n\t\t\t<div class='gallery-icon landscape'>\n\t\t\t\t<a href='https:\/\/centralmedia.rs\/index.php\/2021\/10\/19\/ehf-el-jagodina-na-minus-tri\/bergen5\/'><img loading=\"lazy\" decoding=\"async\" width=\"150\" height=\"150\" src=\"https:\/\/centralmedia.rs\/wp-content\/uploads\/2021\/10\/bergen5-150x150.jpg\" class=\"attachment-thumbnail size-thumbnail\" alt=\"\" \/><\/a>\n\t\t\t<\/div><\/figure><figure class='gallery-item'>\n\t\t\t<div class='gallery-icon landscape'>\n\t\t\t\t<a href='https:\/\/centralmedia.rs\/index.php\/2021\/10\/19\/ehf-el-jagodina-na-minus-tri\/bergen6\/'><img loading=\"lazy\" decoding=\"async\" width=\"150\" height=\"150\" src=\"https:\/\/centralmedia.rs\/wp-content\/uploads\/2021\/10\/bergen6-150x150.jpg\" class=\"attachment-thumbnail size-thumbnail\" alt=\"\" \/><\/a>\n\t\t\t<\/div><\/figure><figure class='gallery-item'>\n\t\t\t<div class='gallery-icon landscape'>\n\t\t\t\t<a href='https:\/\/centralmedia.rs\/index.php\/2021\/10\/19\/ehf-el-jagodina-na-minus-tri\/bergen7\/'><img loading=\"lazy\" decoding=\"async\" width=\"150\" height=\"150\" src=\"https:\/\/centralmedia.rs\/wp-content\/uploads\/2021\/10\/bergen7-150x150.jpg\" class=\"attachment-thumbnail size-thumbnail\" alt=\"\" \/><\/a>\n\t\t\t<\/div><\/figure><figure class='gallery-item'>\n\t\t\t<div class='gallery-icon landscape'>\n\t\t\t\t<a href='https:\/\/centralmedia.rs\/index.php\/2021\/10\/19\/ehf-el-jagodina-na-minus-tri\/bergen8\/'><img loading=\"lazy\" decoding=\"async\" width=\"150\" height=\"150\" src=\"https:\/\/centralmedia.rs\/wp-content\/uploads\/2021\/10\/bergen8-150x150.jpg\" class=\"attachment-thumbnail size-thumbnail\" alt=\"\" \/><\/a>\n\t\t\t<\/div><\/figure><figure class='gallery-item'>\n\t\t\t<div class='gallery-icon landscape'>\n\t\t\t\t<a href='https:\/\/centralmedia.rs\/index.php\/2021\/10\/19\/ehf-el-jagodina-na-minus-tri\/bergen9\/'><img loading=\"lazy\" decoding=\"async\" width=\"150\" height=\"150\" src=\"https:\/\/centralmedia.rs\/wp-content\/uploads\/2021\/10\/bergen9-150x150.jpg\" class=\"attachment-thumbnail size-thumbnail\" alt=\"\" \/><\/a>\n\t\t\t<\/div><\/figure>\n\t\t<\/div>\n\n<p>Najefikasnije u sastavu Jagodine bile su\u00a0Marija Janji\u0107\u00a0sa osam, koja je odigrala prvo poluvreme na visokom nivou, te Aneta Ad\u017ei\u0107\u00a0i\u00a0Teodora Majki\u0107\u00a0sa po \u010detiri gola. Prevagu na tasu doma\u0107ina, donele su\u00a0Rike Larsen\u00a0sa sedam i\u00a0Fani Skindio\u00a0sa \u0161est golova.<\/p>\n<p>Revan\u0161 me\u010d je na programu u subotu 23. Oktobra od 19 sati.<\/p>\n<p>Za Jagodinke su na me\u010du na utakmici navijali \u010dlanovi Udru\u017eenja Srba i prijatelja Srba u Bergenu. Pre me\u010da su im uru\u010dili prigodne pokolne.<\/p>\n","protected":false},"excerpt":{"rendered":"<p>JAGODINA-Kvalifikacije za grupnu fazu EHF Evrokupa u konkurenciji rukometa\u0161ica ulaze u zavr\u0161nicu. \u017dORK Jagodina je kao gost pora\u017eena od norve\u0161ke ekipe Tertnes iz Bergena sa &hellip; <\/p>\n","protected":false},"author":2,"featured_media":28727,"comment_status":"open","ping_status":"open","sticky":false,"template":"","format":"standard","meta":{"footnotes":""},"categories":[1524,2,5643,1514,887,21,12],"tags":[1937,353,5489,3406],"_links":{"self":[{"href":"https:\/\/centralmedia.rs\/index.php\/wp-json\/wp\/v2\/posts\/28726"}],"collection":[{"href":"https:\/\/centralmedia.rs\/index.php\/wp-json\/wp\/v2\/posts"}],"about":[{"href":"https:\/\/centralmedia.rs\/index.php\/wp-json\/wp\/v2\/types\/post"}],"author":[{"embeddable":true,"href":"https:\/\/centralmedia.rs\/index.php\/wp-json\/wp\/v2\/users\/2"}],"replies":[{"embeddable":true,"href":"https:\/\/centralmedia.rs\/index.php\/wp-json\/wp\/v2\/comments?post=28726"}],"version-history":[{"count":4,"href":"https:\/\/centralmedia.rs\/index.php\/wp-json\/wp\/v2\/posts\/28726\/revisions"}],"predecessor-version":[{"id":28741,"href":"https:\/\/centralmedia.rs\/index.php\/wp-json\/wp\/v2\/posts\/28726\/revisions\/28741"}],"wp:featuredmedia":[{"embeddable":true,"href":"https:\/\/centralmedia.rs\/index.php\/wp-json\/wp\/v2\/media\/28727"}],"wp:attachment":[{"href":"https:\/\/centralmedia.rs\/index.php\/wp-json\/wp\/v2\/media?parent=28726"}],"wp:term":[{"taxonomy":"category","embeddable":true,"href":"https:\/\/centralmedia.rs\/index.php\/wp-json\/wp\/v2\/categories?post=28726"},{"taxonomy":"post_tag","embeddable":true,"href":"https:\/\/centralmedia.rs\/index.php\/wp-json\/wp\/v2\/tags?post=28726"}],"curies":[{"name":"wp","href":"https:\/\/api.w.org\/{rel}","templated":true}]}}