{"id":28742,"date":"2021-10-19T14:45:04","date_gmt":"2021-10-19T12:45:04","guid":{"rendered":"http:\/\/centralmedia.rs\/?p=28742"},"modified":"2022-01-04T17:31:37","modified_gmt":"2022-01-04T16:31:37","slug":"palma-pozivam-albance-sa-kosova-i-metohije-da-traze-od-brisela-viznu-liberalizaciju-a-da-se-manu-militanata","status":"publish","type":"post","link":"https:\/\/centralmedia.rs\/index.php\/2021\/10\/19\/palma-pozivam-albance-sa-kosova-i-metohije-da-traze-od-brisela-viznu-liberalizaciju-a-da-se-manu-militanata\/","title":{"rendered":"PALMA : POZIVAM ALBANCE SA KOSOVA I METOHIJE DA TRA\u017dE OD BRISELA VIZNU LIBERALIZACIJU, A DA SE MANU MILITANATA"},"content":{"rendered":"<p>\u201cAljbin Kurti je izgubio gotovo sve op\u0161tine i gradove na Kosovu i Metohiji na lokalnim izborima. To je znak da mladim ljudima, Albancima na Kosovu i Metohiji nije do rata, iako nekoliko dr\u017eava iz Evropske unije i SAD stalno daju Pri\u0161tini instrukcije da radi ne\u0161to protiv Srbije. Tra\u017eite vi Albanci sa Kosova i Metohije da vam Brisel da viznu liberalizaciju, da mo\u017eete da putujete, to je va\u0161 interes, a nije va\u0161 interes da dolaze na sever Kosova i Metohije jedinice ROSU sa dugim cevima i oklopnim vozilima i provociraju sukobe i pucaju na Srbe. A onda u navodnoj velikoj akciji protiv \u0161vercera uhapse \u010dokolade, krem bananice i kekse. Oni treba da hapse narko dilere po Kosovu i Metohiji jer upravo su kosovski Albanci najve\u0107a baza za drogu za Evropu. Ja pozivam kosovske Albance da vi\u0161e ne prihvataju tu militantu politiku i da sara\u0111uju sa Srbima i da gledaju u budu\u0107nost. Pustite vi vi\u0161e Kurtija i njemu sli\u010dne. Nije budu\u0107nost ru\u0161enje nadgrobnih spomenika Srba kao pre neki dan, a ni godinu dana nije pro\u0161lo od sahrane. Jel to poruka za budu\u0107nost ? Moja poruka Albancima je otka\u017eite poslu\u0161nost Aljbinu Kurtiju i svima onima koji bi stalno da prikzauju neko ratno stanje i mr\u017enju\u201d, poru\u010dio je predsednik Jedinstvene Srbije Dragan Markovi\u0107 Palma gostuju\u0107i na TV Pink.<\/p>\n<p>NEMA ALTERANTIVE NI VARIJANTE B &#8211; VU\u010cI\u0106 ZAJEDNI\u010cKI KANDIDAT ZA PREDSEDNIKA SRBIJE<\/p>\n<p>\u201cNekada je mo\u017eda postojala alternativa ili varijanta B, a danas ne postoji varijanta B, ne postoji alternativa. Nema tog drugog kandidata koji mo\u017ee da se meri sa predsednikom Srbije Aleksandrom Vu\u010di\u0107em na narednim predsedni\u010dkim izborima. Ako sve partije podr\u017ee Vu\u010di\u0107a za kandidata za predsednika Srbije onda time dajemo mo\u0107 Srbiji, dajemo mo\u0107 naciji. Onda je to znak da u daljim pregovorima oko najva\u017enijih nacionalnih i dr\u017eavnih pitanja nismo podeljeni, jer upravo je ta podeljenost skupo ko\u0161tala Srbiju u pro\u0161losti. Mo\u017eem da vidimo neke druge u okru\u017eenju kao \u0161to su kosovski Albanci koji imaju konsenzus oko nacionalnih pitanja. Ali tako ne\u0161to ne postoji kod dela opozicije u Srbiji. Taj deo opozicije predvo\u0111en Draganom \u0110ilasom misli da sve parama mo\u017ee da kupi i da trgovinom uticaja mogu da rade \u0161ta ho\u0107e. Ne mo\u017ee parama da se kupi porodica, ne mogu parama da se kupe glasovi gra\u0111ana Srbije. Gra\u0111ani znaju ko ste bili pre, \u0161ta ste radili pre i \u0161ta su va\u0161a dela. Gra\u0111ani znaju da je Srbija danas ekonomski mo\u0107na i sigurna i politi\u010dki stabilna, \u010dak smo i delili vakcine drugim zemljama i imali vakcine pre nego i najmo\u0107nije zemlje Evropske unije, a pre smo bili kao onaj ko ide na va\u0161ar, a curi mu voda niz ista, a nema para ni za kabezu\u201d. I rezultati lokalnih izbora u Mionici, Negotinu i na Kosovu i Metohiji su priznanje za sve ono \u0161to Aleksandar Vu\u010di\u0107 radi i to podr\u017eava koalicija SPS \u2013 Jedinstvena Srbija\u201d, rekao je Markovi\u0107<\/p>\n<p>\u0110ILAS PREVODI POLITI\u010cKI \u010cOPOR<\/p>\n<p>\u201cVi imate danas na politi\u010dkoj sceni Srbije jedan politi\u010dki \u010dopor koji predvodi Dragan \u0110ilas. To je \u010dopor siled\u017eija, lopova, la\u017eova i kriminalaca osu\u0111ivanih, ljudi koji imaju psihi\u010dki poreme\u0107aj koji \u0110ilasu duvaju u vrat. Taj polti\u010dki \u010dopor treba da ide na sud. Oni su i najve\u0107i krivci za to \u0161to Srbija jo\u0161 uvek nije \u010dlan Evropske unije, zbog svih la\u017ei koje su slali Evropskom parlamentu kako u Srbiji ne valja ovo, ne valja ono, navodno medijska blokada, ljudska prava, pravosu\u0111e. \u010cak su i evroparlamentarci predvo\u0111eni Tanjom Fajon, videli sa kim imaju posla, pa su odustali od bilo kakvih daljih razgovora o izbornim uslovima, nakon \u0161to je parlament Srbije prihvatio svih 16 ta\u010daka, koje je taj politi\u010dki \u010dopor tra\u017eio. A oni nakon toga ka\u017eu sad ne va\u017ei ni to\u201d. Tako je jedan medij pod kontrolom Dragan \u0110ilasa nazvao Srbe sa Kosova i Metohije \u010doporom koji masovno izlazi na glasanje. Dragan \u0110ilas i njegovi su \u010dopor, a Srbi sa Kosova i Metohije znaju \u0161ta je sada\u0161nja Srbija pod vodstvom Aleksandra Vu\u010di\u0107a uradila za njih. Srbi sa Kosova i Metohije znaju da kada je ameri\u010dki predsednik Donald Tramp predlo\u017eio u sporazumu ta\u010dku 10 da Srbija prizna nezavisnost Kosova, ko je rekao \u201cskinite tu ta\u010dku, to ne prihvatamo\u201d. I to u Beloj ku\u0107i, a \u0110ilas i njegovi bi rekli \u201c gde treba da potpi\u0161emo\u201d\u201d, kazao je Markovi\u0107.<\/p>\n<p>SRBIJA JE NEKADA BILA TAMO DALEKO, A DANAS JE BLIZU SVIMA<\/p>\n<p>\u201cNeki mediji u regionu su napali predsednika Srbije Aleksandra Vu\u010di\u0107a zato \u0161to je pevao pesmu \u201cTamo daleko\u201d. Nije ta pesma nastala ni ju\u010de, ni prekju\u010de ni 2012. godine. To je pesma koja je nastala mnogo pre i govori o golgoti srpskog naroda koji je u Prvom svetskom ratu oslobodio sve ostale narode na prostoru biv\u0161e Jugoslavije. I mi se svi ponosimo sa tom pesmom. Srbija je nekada bila \u201ctamo daleko\u201d, a danas je Srbija blizu svima, kao ku\u0107a na Balkanu svim evropskim dr\u017eavama \u010dak i za SAD. Danas svi ho\u0107e da sara\u0111uju sa Srbijom. To se vidi po broju investitora iz celog sveta koji dolaze u Srbiju. A za\u0161to ? Zato \u0161to je Srbija u vrhu svih svetskih lista i Svetske banke i MMF, a mi u tim komisijama nemamo ro\u0111ake. I to je razlog za\u0161to napadaju Srbiju. Zbog njenog ogromnog ekonomskog uspeha\u201d, rekao je Markovi\u0107.<\/p>\n","protected":false},"excerpt":{"rendered":"<p>\u201cAljbin Kurti je izgubio gotovo sve op\u0161tine i gradove na Kosovu i Metohiji na lokalnim izborima. To je znak da mladim ljudima, Albancima na Kosovu &hellip; <\/p>\n","protected":false},"author":2,"featured_media":28743,"comment_status":"open","ping_status":"open","sticky":false,"template":"","format":"standard","meta":{"footnotes":""},"categories":[1524,2,1514,5643,13,887,12],"tags":[5076,143,120,63],"_links":{"self":[{"href":"https:\/\/centralmedia.rs\/index.php\/wp-json\/wp\/v2\/posts\/28742"}],"collection":[{"href":"https:\/\/centralmedia.rs\/index.php\/wp-json\/wp\/v2\/posts"}],"about":[{"href":"https:\/\/centralmedia.rs\/index.php\/wp-json\/wp\/v2\/types\/post"}],"author":[{"embeddable":true,"href":"https:\/\/centralmedia.rs\/index.php\/wp-json\/wp\/v2\/users\/2"}],"replies":[{"embeddable":true,"href":"https:\/\/centralmedia.rs\/index.php\/wp-json\/wp\/v2\/comments?post=28742"}],"version-history":[{"count":1,"href":"https:\/\/centralmedia.rs\/index.php\/wp-json\/wp\/v2\/posts\/28742\/revisions"}],"predecessor-version":[{"id":28744,"href":"https:\/\/centralmedia.rs\/index.php\/wp-json\/wp\/v2\/posts\/28742\/revisions\/28744"}],"wp:featuredmedia":[{"embeddable":true,"href":"https:\/\/centralmedia.rs\/index.php\/wp-json\/wp\/v2\/media\/28743"}],"wp:attachment":[{"href":"https:\/\/centralmedia.rs\/index.php\/wp-json\/wp\/v2\/media?parent=28742"}],"wp:term":[{"taxonomy":"category","embeddable":true,"href":"https:\/\/centralmedia.rs\/index.php\/wp-json\/wp\/v2\/categories?post=28742"},{"taxonomy":"post_tag","embeddable":true,"href":"https:\/\/centralmedia.rs\/index.php\/wp-json\/wp\/v2\/tags?post=28742"}],"curies":[{"name":"wp","href":"https:\/\/api.w.org\/{rel}","templated":true}]}}