{"id":28749,"date":"2021-10-20T18:07:04","date_gmt":"2021-10-20T16:07:04","guid":{"rendered":"http:\/\/centralmedia.rs\/?p=28749"},"modified":"2022-01-04T17:31:26","modified_gmt":"2022-01-04T16:31:26","slug":"palma-vodi-u-egipat-delegaciju-od-144-clana-u-kojoj-je-125-zdravstvenih-radnika-iz-18-zdravstvenih-ustanova-iz-srbije","status":"publish","type":"post","link":"https:\/\/centralmedia.rs\/index.php\/2021\/10\/20\/palma-vodi-u-egipat-delegaciju-od-144-clana-u-kojoj-je-125-zdravstvenih-radnika-iz-18-zdravstvenih-ustanova-iz-srbije\/","title":{"rendered":"PALMA VODI U EGIPAT DELEGACIJU OD 144 \u010cLANA U KOJOJ JE 125 ZDRAVSTVENIH RADNIKA IZ 18 ZDRAVSTVENIH USTANOVA IZ SRBIJE"},"content":{"rendered":"<p>JAGODINA-U Skup\u0161tini grada Jagodine danas je odr\u017eana konferencija za novinare povodom odlaska Srpske delegacije u Egipat. \u201c Od 23. do 30. oktobra u Hurgadi u Egiptu boravi\u0107e 144 \u2013 \u010dlana delegacija, u \u010dijem sastavu je 125 lekara, medicinskih sestara i medicinskih tehni\u010dara iz 18 zdravstvenih ustanova iz Srbije koji rade u kovid odelenjima ili kovid ambulantama. Najve\u0107i broj njih je iz Op\u0161te bolnice i Doma zdravlja u Jagodini, njih 40, zatim iz KBC \u201cDragi\u0161a Mi\u0161ovi\u0107\u201d, Instituta za kardiovaskularne bolesti \u201cDedinje\u201d, Klini\u010dkog centra Srbije, VMA, Kovid bolnice u Batajnici, Klinike za ortopediju u Beogradu, Klini\u010dkog centra Vojvodine, Klini\u010dkog centra u Kragujevcu, Kovid bolnice u Kru\u0161evcu, Op\u0161tih bolnica i domova zdravlja u Vranju, Kraljevu, Vrnja\u010dkoj Banji, Svilajncu i Para\u0107inu. Ostali deo delegacije \u010dine privrednici i novinari. Ceo tro\u0161ak puta i boravka u Hurgadi platili su donatori. Planirano je da na\u0161i zdravstveni radnici obi\u0111u jednu od kovid ustanova u Hurgadi i sva de\u0161avanja u Hurgadi bi\u0107e uskla\u0111ena sa epidemiolo\u0161kim merama u Egiptu. Ina\u010de u regionu Crvenog mora u Egiptu \u010diji je glavni grad Hurgada je jedna od najpovoljnih epidemiolo\u0161kih situacija u svetu\u201d, rekao je predsednik Skup\u0161tine grada Jagodine Dragan Markovi\u0107 Palma koji \u0107e biti na \u010delu ove srpske delegacije. Markovi\u0107 je podsetio da je u organizaciji grada Jagodine o tro\u0161ku donatora, ove godine, 130 lekara i medicinskih sestara i tehni\u010dara iz 15 zdravstvenih ustanova iz Srbije bilo u aprilu mesecu u Hurgadi, a njih 600 iz 25 zdravstvenih ustanova je juna meseca bilo u Paraliji u Gr\u010dkoj. \u201cLekari, medicinske sestre i tehni\u010dari rade izuzetno te\u017eak posao i ula\u017eu maksimalne napore da \u0161to manje ljudi umre od kovida 19. Uz to \u0161to vode ra\u010duna o svim pacijentima i sami se izla\u017eu velikom riziku. Ja moram da pohvalim Op\u0161tu bolnicu i Dom zdravlja u Jagodini gde nikad vi\u0161e nije bilo pacijenata, a nikad manje pritu\u017ebi gra\u0111ana na njihov rad. Najve\u0107i problem u Srbiji je veliki broj nevakcinisanih gra\u0111ana uprkos \u010dinenici da je dr\u017eava sve obezbedila za borbu protiv korona virusa i vakcine i respiratore i lekove i nove klini\u010dke centre i kovid bolnice. Prioritet svih prioriteta je vakcinacija i prvo pitanje svakog zdravstvenog radnika kada do\u0111e pacijent u kovid ambulantu treba da bude \u201cda li ste vakcinisani\u201d i da se svima predo\u010di ogromna razlika u odnosu nevakcinisanih i vakcinisanih koji su hospitalizovani i sa te\u0161kom klini\u010dkom slikom i u broju preminulih od kovida i da se svi zamole da se vakcini\u0161u, Ako iz nekih razloga ne veruju vakcini, trebalo bi da veruju matematici, a ona ka\u017ee da su 98,5 posto \u017ertava korone nevakcinisani\u201d, rekao je Markovi\u0107. Konferenciji za novinare prisustvovali su i \u010detiri lekara i \u010detiri medicinske sestre iz Op\u0161te bolnice i Doma zdravlja u Jagodini, koji su istakli da \u0107e im nakon 18 meseci borbe protiv kovida ovaj odmor izuzetno mnogo zna\u010diti, pre ponovnog povratka u skafandere. Konferenciji za medije prisustvovali su i gradona\u010delnik Jagodine Ratko Stevanovi\u0107 i na\u010delnik Pomoravskog okruga Goran Milosavljevi\u0107.<\/p>\n<p>Pored Markovi\u0107a o tome su govorili dr Darko Mileti\u0107, dr Vladimir Trajkovi\u0107, specijalista pulmologije Op\u0161te bolnice u Jagodini, te medicinske sestre Marijana \u0110ur\u0111evi\u0107 i Marina Milosavljevi\u0107, kao i dr Ivana Mileti\u0107, doktorka op\u0161te medicine.<\/p>\n","protected":false},"excerpt":{"rendered":"<p>JAGODINA-U Skup\u0161tini grada Jagodine danas je odr\u017eana konferencija za novinare povodom odlaska Srpske delegacije u Egipat. \u201c Od 23. do 30. oktobra u Hurgadi u &hellip; <\/p>\n","protected":false},"author":2,"featured_media":28750,"comment_status":"open","ping_status":"open","sticky":false,"template":"","format":"standard","meta":{"footnotes":""},"categories":[1524,2,5643,1514,13,887,12],"tags":[3513,4440,120,4554],"_links":{"self":[{"href":"https:\/\/centralmedia.rs\/index.php\/wp-json\/wp\/v2\/posts\/28749"}],"collection":[{"href":"https:\/\/centralmedia.rs\/index.php\/wp-json\/wp\/v2\/posts"}],"about":[{"href":"https:\/\/centralmedia.rs\/index.php\/wp-json\/wp\/v2\/types\/post"}],"author":[{"embeddable":true,"href":"https:\/\/centralmedia.rs\/index.php\/wp-json\/wp\/v2\/users\/2"}],"replies":[{"embeddable":true,"href":"https:\/\/centralmedia.rs\/index.php\/wp-json\/wp\/v2\/comments?post=28749"}],"version-history":[{"count":2,"href":"https:\/\/centralmedia.rs\/index.php\/wp-json\/wp\/v2\/posts\/28749\/revisions"}],"predecessor-version":[{"id":28752,"href":"https:\/\/centralmedia.rs\/index.php\/wp-json\/wp\/v2\/posts\/28749\/revisions\/28752"}],"wp:featuredmedia":[{"embeddable":true,"href":"https:\/\/centralmedia.rs\/index.php\/wp-json\/wp\/v2\/media\/28750"}],"wp:attachment":[{"href":"https:\/\/centralmedia.rs\/index.php\/wp-json\/wp\/v2\/media?parent=28749"}],"wp:term":[{"taxonomy":"category","embeddable":true,"href":"https:\/\/centralmedia.rs\/index.php\/wp-json\/wp\/v2\/categories?post=28749"},{"taxonomy":"post_tag","embeddable":true,"href":"https:\/\/centralmedia.rs\/index.php\/wp-json\/wp\/v2\/tags?post=28749"}],"curies":[{"name":"wp","href":"https:\/\/api.w.org\/{rel}","templated":true}]}}