{"id":28753,"date":"2021-10-20T18:17:58","date_gmt":"2021-10-20T16:17:58","guid":{"rendered":"http:\/\/centralmedia.rs\/?p=28753"},"modified":"2021-10-26T19:31:22","modified_gmt":"2021-10-26T17:31:22","slug":"u-toku-rekonstrukcija-ulice-27-marta-u-svilajncu","status":"publish","type":"post","link":"https:\/\/centralmedia.rs\/index.php\/2021\/10\/20\/u-toku-rekonstrukcija-ulice-27-marta-u-svilajncu\/","title":{"rendered":"U TOKU REKONSTRUKCIJA ULICE 27. MARTA U SVILAJNCU"},"content":{"rendered":"<p>SVILAJNAC-U toku je rekonstrukcija ulice 27. marta u Svilajncu. Bi\u0107e ura\u0111en novi kolovoz, trotoari koji do sada nisu ni postojali, zamenjena ki\u0161na kanalizacija, a azbestne cevi bi\u0107e zamenjene novom vodovodnom mre\u017eom. Radove je danas obi\u0161ao predsednik op\u0161tine Svilajnac Predrag Milanovi\u0107.<\/p>\n<p>-U proteklom periodu uradili smo dosta stvari u samom gradskom jezgru. Renovirali smo gradsku pijacu, rekonstruisali Ustani\u010dku ulicu, ulicu Mice Markovi\u0107, otvorili Trg Mare Resavkinje i stvorili su se uslovi da se rekonstrui\u0161e i ulica 27. marta, koja je jedna od centralnih gradskih ulica koja je bila u lo\u0161em stanju. Ovo postaje ure\u0111en deo grada, a u ove ulice ne\u0107e biti potrebna ulaganja narednih nekoliko decenija, izjavio je Milanovi\u0107.<\/p>\n<p>Vrednost radova je oko 17 miliona dinara, a sredstva su obezbedili op\u0161tina Svilajnac i Republika Srbija.<\/p>\n<div id='gallery-1' class='gallery galleryid-28753 gallery-columns-8 gallery-size-thumbnail'><figure class='gallery-item'>\n\t\t\t<div class='gallery-icon landscape'>\n\t\t\t\t<a href='https:\/\/centralmedia.rs\/index.php\/2021\/10\/20\/u-toku-rekonstrukcija-ulice-27-marta-u-svilajncu\/27-marta\/'><img loading=\"lazy\" decoding=\"async\" width=\"150\" height=\"150\" src=\"https:\/\/centralmedia.rs\/wp-content\/uploads\/2021\/10\/27.-marta-150x150.jpg\" class=\"attachment-thumbnail size-thumbnail\" alt=\"\" \/><\/a>\n\t\t\t<\/div><\/figure><figure class='gallery-item'>\n\t\t\t<div class='gallery-icon landscape'>\n\t\t\t\t<a href='https:\/\/centralmedia.rs\/index.php\/2021\/10\/20\/u-toku-rekonstrukcija-ulice-27-marta-u-svilajncu\/27-marta1\/'><img loading=\"lazy\" decoding=\"async\" width=\"150\" height=\"150\" src=\"https:\/\/centralmedia.rs\/wp-content\/uploads\/2021\/10\/27.-marta1-150x150.jpg\" class=\"attachment-thumbnail size-thumbnail\" alt=\"\" \/><\/a>\n\t\t\t<\/div><\/figure><figure class='gallery-item'>\n\t\t\t<div class='gallery-icon landscape'>\n\t\t\t\t<a href='https:\/\/centralmedia.rs\/index.php\/2021\/10\/20\/u-toku-rekonstrukcija-ulice-27-marta-u-svilajncu\/27-marta2\/'><img loading=\"lazy\" decoding=\"async\" width=\"150\" height=\"150\" src=\"https:\/\/centralmedia.rs\/wp-content\/uploads\/2021\/10\/27.-marta2-150x150.jpg\" class=\"attachment-thumbnail size-thumbnail\" alt=\"\" \/><\/a>\n\t\t\t<\/div><\/figure><figure class='gallery-item'>\n\t\t\t<div class='gallery-icon landscape'>\n\t\t\t\t<a href='https:\/\/centralmedia.rs\/index.php\/2021\/10\/20\/u-toku-rekonstrukcija-ulice-27-marta-u-svilajncu\/27-marta4\/'><img loading=\"lazy\" decoding=\"async\" width=\"150\" height=\"150\" src=\"https:\/\/centralmedia.rs\/wp-content\/uploads\/2021\/10\/27.-marta4-150x150.jpg\" class=\"attachment-thumbnail size-thumbnail\" alt=\"\" \/><\/a>\n\t\t\t<\/div><\/figure><figure class='gallery-item'>\n\t\t\t<div class='gallery-icon landscape'>\n\t\t\t\t<a href='https:\/\/centralmedia.rs\/index.php\/2021\/10\/20\/u-toku-rekonstrukcija-ulice-27-marta-u-svilajncu\/27-marta5\/'><img loading=\"lazy\" decoding=\"async\" width=\"150\" height=\"150\" src=\"https:\/\/centralmedia.rs\/wp-content\/uploads\/2021\/10\/27.-marta5-150x150.jpg\" class=\"attachment-thumbnail size-thumbnail\" alt=\"\" \/><\/a>\n\t\t\t<\/div><\/figure><figure class='gallery-item'>\n\t\t\t<div class='gallery-icon landscape'>\n\t\t\t\t<a href='https:\/\/centralmedia.rs\/index.php\/2021\/10\/20\/u-toku-rekonstrukcija-ulice-27-marta-u-svilajncu\/27-marta6\/'><img loading=\"lazy\" decoding=\"async\" width=\"150\" height=\"150\" src=\"https:\/\/centralmedia.rs\/wp-content\/uploads\/2021\/10\/27.-marta6-150x150.jpg\" class=\"attachment-thumbnail size-thumbnail\" alt=\"\" \/><\/a>\n\t\t\t<\/div><\/figure><figure class='gallery-item'>\n\t\t\t<div class='gallery-icon landscape'>\n\t\t\t\t<a href='https:\/\/centralmedia.rs\/index.php\/2021\/10\/20\/u-toku-rekonstrukcija-ulice-27-marta-u-svilajncu\/27-marta7\/'><img loading=\"lazy\" decoding=\"async\" width=\"150\" height=\"150\" src=\"https:\/\/centralmedia.rs\/wp-content\/uploads\/2021\/10\/27.-marta7-150x150.jpg\" class=\"attachment-thumbnail size-thumbnail\" alt=\"\" \/><\/a>\n\t\t\t<\/div><\/figure><figure class='gallery-item'>\n\t\t\t<div class='gallery-icon landscape'>\n\t\t\t\t<a href='https:\/\/centralmedia.rs\/index.php\/2021\/10\/20\/u-toku-rekonstrukcija-ulice-27-marta-u-svilajncu\/27-marta8\/'><img loading=\"lazy\" decoding=\"async\" width=\"150\" height=\"150\" src=\"https:\/\/centralmedia.rs\/wp-content\/uploads\/2021\/10\/27.-marta8-150x150.jpg\" class=\"attachment-thumbnail size-thumbnail\" alt=\"\" \/><\/a>\n\t\t\t<\/div><\/figure>\n\t\t<\/div>\n\n<p>&nbsp;<\/p>\n","protected":false},"excerpt":{"rendered":"<p>SVILAJNAC-U toku je rekonstrukcija ulice 27. marta u Svilajncu. Bi\u0107e ura\u0111en novi kolovoz, trotoari koji do sada nisu ni postojali, zamenjena ki\u0161na kanalizacija, a azbestne &hellip; <\/p>\n","protected":false},"author":2,"featured_media":28754,"comment_status":"open","ping_status":"open","sticky":false,"template":"","format":"standard","meta":{"footnotes":""},"categories":[1524,2,887,16,12,1517],"tags":[1280,38,5490],"_links":{"self":[{"href":"https:\/\/centralmedia.rs\/index.php\/wp-json\/wp\/v2\/posts\/28753"}],"collection":[{"href":"https:\/\/centralmedia.rs\/index.php\/wp-json\/wp\/v2\/posts"}],"about":[{"href":"https:\/\/centralmedia.rs\/index.php\/wp-json\/wp\/v2\/types\/post"}],"author":[{"embeddable":true,"href":"https:\/\/centralmedia.rs\/index.php\/wp-json\/wp\/v2\/users\/2"}],"replies":[{"embeddable":true,"href":"https:\/\/centralmedia.rs\/index.php\/wp-json\/wp\/v2\/comments?post=28753"}],"version-history":[{"count":1,"href":"https:\/\/centralmedia.rs\/index.php\/wp-json\/wp\/v2\/posts\/28753\/revisions"}],"predecessor-version":[{"id":28763,"href":"https:\/\/centralmedia.rs\/index.php\/wp-json\/wp\/v2\/posts\/28753\/revisions\/28763"}],"wp:featuredmedia":[{"embeddable":true,"href":"https:\/\/centralmedia.rs\/index.php\/wp-json\/wp\/v2\/media\/28754"}],"wp:attachment":[{"href":"https:\/\/centralmedia.rs\/index.php\/wp-json\/wp\/v2\/media?parent=28753"}],"wp:term":[{"taxonomy":"category","embeddable":true,"href":"https:\/\/centralmedia.rs\/index.php\/wp-json\/wp\/v2\/categories?post=28753"},{"taxonomy":"post_tag","embeddable":true,"href":"https:\/\/centralmedia.rs\/index.php\/wp-json\/wp\/v2\/tags?post=28753"}],"curies":[{"name":"wp","href":"https:\/\/api.w.org\/{rel}","templated":true}]}}