{"id":28777,"date":"2021-10-22T13:50:40","date_gmt":"2021-10-22T11:50:40","guid":{"rendered":"http:\/\/centralmedia.rs\/?p=28777"},"modified":"2022-01-04T17:30:47","modified_gmt":"2022-01-04T16:30:47","slug":"palma-srbija-je-danas-odlucna-srbija-se-danas-respektuje-i-zna-sta-hoce-a-sta-nece","status":"publish","type":"post","link":"https:\/\/centralmedia.rs\/index.php\/2021\/10\/22\/palma-srbija-je-danas-odlucna-srbija-se-danas-respektuje-i-zna-sta-hoce-a-sta-nece\/","title":{"rendered":"PALMA : SRBIJA JE DANAS ODLU\u010cNA, SRBIJA SE DANAS RESPEKTUJE I ZNA \u0160TA HO\u0106E, A \u0160TA NE\u0106E"},"content":{"rendered":"<p>&nbsp;<\/p>\n<p>\u201cU razgovorima oko najva\u017enijeg dr\u017eavnog i nacionalnog pitanja, a to je Kosovo i Metohija, velika je stvar kada svi u svetu znaju da ste vi odlu\u010dni i da znate \u0161ta ho\u0107ete, a \u0161ta ne\u0107ete, kao \u0161to je danas slu\u010daj i Srbiju zato danas svi u svetu respektuju, za razliku od perioda pre 2012. godine, kada je Srbija znala \u0161ta ne\u0107e, a nije znala \u0161ta ho\u0107e. Pre 2012. godine bilo je nemogu\u0107e u tim razgovorima da odbijete ameri\u010dkom predsedniku ta\u010dku 10 o priznavanju takozvanog nezavisnog Kosova \u0161to je predsednik Srbije Aleksandar Vu\u010di\u0107 u\u010dinio. Mi danas jednostavno moramo da re\u0161imo pitanje Kosova i Metohije dijalogom, ali ne na na\u010din da nam uzmu sve i ne samo to, nego neki gledaju da uzmu i jo\u0161 pone\u0161to, pa pominju i Pre\u0161evo i Bujanovac\u201d, rekao je predsednik Jedinstvene Srbije Dragan Markovi\u0107 Palma gostuju\u0107i na Hepi televiziji.<\/p>\n<p>&nbsp;<\/p>\n<p>KOALICIJA SPS \u2013 JEDINSTVENA SRBIJA \u0106E PODR\u017dATI ALEKSANDRA VU\u010cI\u0106A NA PREDSEDNI\u010cKIM IZBORIMA. NE SMEMO DA STANEMO NA POLA PUTA<\/p>\n<p>&nbsp;<\/p>\n<p>\u201cUpravo zbog takve odlu\u010dne i respektabilne Srbije i zbog toga \u0161to je danas u Srbiji mnogo manje nezadovoljnih nego pre 2012. godine i Jedinstvena Srbija i SPS i ja i Ivica Da\u010di\u0107 \u0107emo podr\u017eati Aleksandra Vu\u010di\u0107a na predsedni\u010dkim izborima. Ima nekih pojedina\u010dnih ispada iz jedne, druge ili tre\u0107e partije, ali mi ne smemo zbog jednog \u010doveka da ka\u017eemo da je to stav cele partije i njenog rukovodstva. Mo\u017eda je nekome ne\u0161to izletelo, ne znam iz koje namere, ali ti ispadi nisu stav onih koji odlu\u010duju u partijama, niti je to stav Ivice Da\u010di\u0107a, a ni mene. Mi ne smemeo da stanemo na pola puta i moramo da nastavimo ovim putem koji ima dobru budu\u0107nost za na\u0161e gra\u0111ane i na\u0161u dr\u017eavu\u201d, rekao je Markovi\u0107.<\/p>\n<p>&nbsp;<\/p>\n<p>U SRBIJI NEMA DISKRIMINACIJE PRI ZAPO\u0160LJAVANJU KAO \u0160TO JE TO SLU\u010cAJ U DRUGIM DR\u017dAVAMA BIV\u0160E JUGOSLAVIJE<\/p>\n<p>&nbsp;<\/p>\n<p>\u201cNema ve\u0107eg po\u0161tovanja kada su u pitanju nacionalne manjine nego \u0161to je to u Srbiji. U Srbiji nema diskriminacije kada je u pitanju zapo\u0161ljavanje i niko ne pita da li ste vi Ma\u0111ar, Bo\u0161njak, Crnogorac ili pripadnik neke druge nacionalne manjine. A u Crnoj Gori gde \u017eivi oko 30 posto Srba, nema ih ni 2 posto u dr\u017eavnim i javnim preduze\u0107ima\u201d, rekao je Markovi\u0107.<\/p>\n<p>&nbsp;<\/p>\n<p>VA\u017dNO JE ZA\u0160TITI SRPSKOG POLJOPRIVREDNIKA, UVOZ GA UNI\u0160TAVA<\/p>\n<p>&nbsp;<\/p>\n<p>\u201cDr\u017eava Srbija danas daje odli\u010dne subvencije za poljoprivredne proizvo\u0111a\u010de i o njima se vodi mnogo vi\u0161e ra\u010duna nego pre. Ono \u0161to je problem je uvoz i to uni\u0161tava na\u0161eg poljoprivrednog proizvo\u0111a\u010da i to je razlog za\u0161to su mnoge \u0161tale prazne. Moramo da vidimo da ne uvozimo jabuke, krompir, pasulj i ostalo \u0161to se proizvodi u Srbiji. Mi jesmo potpisali SSP i CEFTU, ali da vidimo da na\u0111emo na\u010dina da ka\u017eemo vlasnicima velikih marketa da na rafovima treba da bude obrnut slu\u010daj u odnosu na sada\u0161nji, a to je da imaju u rafovima 80 posto proizvoda iz Srbije, a ne kao danas kada ih ima najvi\u0161e 20 posto. Va\u017eno je da na taj na\u010din za\u0161titimo\u00a0 gospodina poljoprivrednog proizvo\u0111a\u010da, da bi ga zadr\u017eali na selu i da njegova porodica ostane na selu\u201d, kazao je Markovi\u0107. Dragan Markovi\u0107 Palma je rekao da sutra put Egipta kre\u0107e delegacija od 144 \u010dlana, od kojih 125 zdravstvenih radnika iz 18 zdravstvenih ustanova iz Srbije i da sve tro\u0161kove snose donatori, kao i do sada. \u201cOvo je tre\u0107i put da ove godine vodimo zdravstvene radnike, aprila je njih 130 bilo u Egiptu, a juna 600 u Paraliji i ukupno sa ovim putovanjem je 900 lekara, medicinskih sestara i tehni\u010dara iz 25 zdravstvenih ustanova Srbije i\u0161lo u na\u0161oj organizaciji ove godine. To je za njih i jedan mini seminar jer razmenjuju iskustva u borbi protiv kovida 19 i su sve to zdravstveni radnici iz crvenih kovid zona. Ja na ovaj na\u010din \u017eelim da se zahvalim zdravstvenim radnicima u Srbiji i zbog toga \u0161to se i veliki broj pacijenata iz Jagodine le\u010dio u vi\u0161e klinika i bolnica u na\u0161oj zemlji\u201d, izjavio je Markovi\u0107.<\/p>\n","protected":false},"excerpt":{"rendered":"<p>&nbsp; \u201cU razgovorima oko najva\u017enijeg dr\u017eavnog i nacionalnog pitanja, a to je Kosovo i Metohija, velika je stvar kada svi u svetu znaju da ste &hellip; <\/p>\n","protected":false},"author":2,"featured_media":28778,"comment_status":"open","ping_status":"open","sticky":false,"template":"","format":"standard","meta":{"footnotes":""},"categories":[1524,2,1514,5643,13,887,12],"tags":[5495,120,1112],"_links":{"self":[{"href":"https:\/\/centralmedia.rs\/index.php\/wp-json\/wp\/v2\/posts\/28777"}],"collection":[{"href":"https:\/\/centralmedia.rs\/index.php\/wp-json\/wp\/v2\/posts"}],"about":[{"href":"https:\/\/centralmedia.rs\/index.php\/wp-json\/wp\/v2\/types\/post"}],"author":[{"embeddable":true,"href":"https:\/\/centralmedia.rs\/index.php\/wp-json\/wp\/v2\/users\/2"}],"replies":[{"embeddable":true,"href":"https:\/\/centralmedia.rs\/index.php\/wp-json\/wp\/v2\/comments?post=28777"}],"version-history":[{"count":1,"href":"https:\/\/centralmedia.rs\/index.php\/wp-json\/wp\/v2\/posts\/28777\/revisions"}],"predecessor-version":[{"id":28779,"href":"https:\/\/centralmedia.rs\/index.php\/wp-json\/wp\/v2\/posts\/28777\/revisions\/28779"}],"wp:featuredmedia":[{"embeddable":true,"href":"https:\/\/centralmedia.rs\/index.php\/wp-json\/wp\/v2\/media\/28778"}],"wp:attachment":[{"href":"https:\/\/centralmedia.rs\/index.php\/wp-json\/wp\/v2\/media?parent=28777"}],"wp:term":[{"taxonomy":"category","embeddable":true,"href":"https:\/\/centralmedia.rs\/index.php\/wp-json\/wp\/v2\/categories?post=28777"},{"taxonomy":"post_tag","embeddable":true,"href":"https:\/\/centralmedia.rs\/index.php\/wp-json\/wp\/v2\/tags?post=28777"}],"curies":[{"name":"wp","href":"https:\/\/api.w.org\/{rel}","templated":true}]}}