{"id":28780,"date":"2021-10-23T15:48:06","date_gmt":"2021-10-23T13:48:06","guid":{"rendered":"http:\/\/centralmedia.rs\/?p=28780"},"modified":"2022-01-04T17:30:39","modified_gmt":"2022-01-04T16:30:39","slug":"delegacija-od-144-clana-u-kojoj-je-vecina-zdravstvenih-radnika-iz-18-zdravstvenih-ustanova-iz-srbije-jutros-krenula-put-egipta","status":"publish","type":"post","link":"https:\/\/centralmedia.rs\/index.php\/2021\/10\/23\/delegacija-od-144-clana-u-kojoj-je-vecina-zdravstvenih-radnika-iz-18-zdravstvenih-ustanova-iz-srbije-jutros-krenula-put-egipta\/","title":{"rendered":"DELEGACIJA OD 144 \u010cLANA U KOJOJ JE VE\u0106INA ZDRAVSTVENIH RADNIKA IZ 18 ZDRAVSTVENIH USTANOVA IZ SRBIJE JUTROS KRENULA PUT EGIPTA"},"content":{"rendered":"<p>JAGODINA-Jutros je sa aerodroma Nikola Tesla, a u organizaciji Skup\u0161tine grada Jagodina, put Egipta odletela delegacija od 144 \u010dlana od kojih ve\u0107inu \u010dine zdravstveni radnici iz 18 zdravstvenih ustanova iz Srbije.<\/p>\n<div id='gallery-1' class='gallery galleryid-28780 gallery-columns-3 gallery-size-thumbnail'><figure class='gallery-item'>\n\t\t\t<div class='gallery-icon landscape'>\n\t\t\t\t<a href='https:\/\/centralmedia.rs\/index.php\/2021\/10\/23\/delegacija-od-144-clana-u-kojoj-je-vecina-zdravstvenih-radnika-iz-18-zdravstvenih-ustanova-iz-srbije-jutros-krenula-put-egipta\/aerodrom1\/'><img loading=\"lazy\" decoding=\"async\" width=\"150\" height=\"150\" src=\"https:\/\/centralmedia.rs\/wp-content\/uploads\/2021\/10\/aerodrom1-150x150.jpg\" class=\"attachment-thumbnail size-thumbnail\" alt=\"\" \/><\/a>\n\t\t\t<\/div><\/figure><figure class='gallery-item'>\n\t\t\t<div class='gallery-icon landscape'>\n\t\t\t\t<a href='https:\/\/centralmedia.rs\/index.php\/2021\/10\/23\/delegacija-od-144-clana-u-kojoj-je-vecina-zdravstvenih-radnika-iz-18-zdravstvenih-ustanova-iz-srbije-jutros-krenula-put-egipta\/aerodrom3\/'><img loading=\"lazy\" decoding=\"async\" width=\"150\" height=\"150\" src=\"https:\/\/centralmedia.rs\/wp-content\/uploads\/2021\/10\/aerodrom3-150x150.jpg\" class=\"attachment-thumbnail size-thumbnail\" alt=\"\" \/><\/a>\n\t\t\t<\/div><\/figure><figure class='gallery-item'>\n\t\t\t<div class='gallery-icon landscape'>\n\t\t\t\t<a href='https:\/\/centralmedia.rs\/index.php\/2021\/10\/23\/delegacija-od-144-clana-u-kojoj-je-vecina-zdravstvenih-radnika-iz-18-zdravstvenih-ustanova-iz-srbije-jutros-krenula-put-egipta\/aerodrom\/'><img loading=\"lazy\" decoding=\"async\" width=\"150\" height=\"150\" src=\"https:\/\/centralmedia.rs\/wp-content\/uploads\/2021\/10\/aerodrom-150x150.jpg\" class=\"attachment-thumbnail size-thumbnail\" alt=\"\" \/><\/a>\n\t\t\t<\/div><\/figure>\n\t\t<\/div>\n\n<p>U Hurgadi, u Egiptu, boravi\u0107e od 23. do 30. oktobra, lekari i medicinske sestre i medicinski tehni\u010dari koji rade u kovid odelenjima ili kovid ambulantama. Ostali deo delegacije, koju predvodi Dragan Markovi\u0107 Palma, predsednik Skup\u0161tine grada Jagodina, \u010dine privrednici i novinari.<\/p>\n<p>Planirano je da na\u0161i zdravstveni radnici obi\u0111u jednu od kovid ustanova u Hurgadi . Ina\u010de u tom poznatom turisti\u010dkom letovali\u0161tu epidemiolo\u0161ka situacija je me\u0111u boljima u svetu.<\/p>\n<p>Grad Jagodina, ove godine je ve\u0107 vodio jednu delegaciju od 130 lekara i medicinskih sestara i tehni\u010dara iz 15 zdravstvenih ustanova iz Srbije u aprilu mesecu u Hurgadu. U junu grad Jagodina je vodio 600 zdravstvenih radnika iz 25 zdravstvenih ustanova u Paraliju, u Gr\u010dku .<\/p>\n<p>Palma je izjavio da je ovo na\u010din na koji \u017eeli da iska\u017ee zahvalnost zdravstvenim radnicima u borbi za \u017eivote na\u0161ih ljudi i pozvao je jo\u0161 jednom gra\u0111ane da se vakcini\u0161u jer je to jedini na\u010din da se pobedi u borbi protiv virusa.<\/p>\n<p>I ovo, kao i sva prethodna putovanja, pla\u0107ena su isklju\u010divo sredstvima od donatora.<\/p>\n","protected":false},"excerpt":{"rendered":"<p>JAGODINA-Jutros je sa aerodroma Nikola Tesla, a u organizaciji Skup\u0161tine grada Jagodina, put Egipta odletela delegacija od 144 \u010dlana od kojih ve\u0107inu \u010dine zdravstveni radnici &hellip; <\/p>\n","protected":false},"author":2,"featured_media":28781,"comment_status":"open","ping_status":"open","sticky":false,"template":"","format":"standard","meta":{"footnotes":""},"categories":[28,1524,2,5643,1514,887,12],"tags":[5496,3513,58,120,4554],"_links":{"self":[{"href":"https:\/\/centralmedia.rs\/index.php\/wp-json\/wp\/v2\/posts\/28780"}],"collection":[{"href":"https:\/\/centralmedia.rs\/index.php\/wp-json\/wp\/v2\/posts"}],"about":[{"href":"https:\/\/centralmedia.rs\/index.php\/wp-json\/wp\/v2\/types\/post"}],"author":[{"embeddable":true,"href":"https:\/\/centralmedia.rs\/index.php\/wp-json\/wp\/v2\/users\/2"}],"replies":[{"embeddable":true,"href":"https:\/\/centralmedia.rs\/index.php\/wp-json\/wp\/v2\/comments?post=28780"}],"version-history":[{"count":1,"href":"https:\/\/centralmedia.rs\/index.php\/wp-json\/wp\/v2\/posts\/28780\/revisions"}],"predecessor-version":[{"id":28784,"href":"https:\/\/centralmedia.rs\/index.php\/wp-json\/wp\/v2\/posts\/28780\/revisions\/28784"}],"wp:featuredmedia":[{"embeddable":true,"href":"https:\/\/centralmedia.rs\/index.php\/wp-json\/wp\/v2\/media\/28781"}],"wp:attachment":[{"href":"https:\/\/centralmedia.rs\/index.php\/wp-json\/wp\/v2\/media?parent=28780"}],"wp:term":[{"taxonomy":"category","embeddable":true,"href":"https:\/\/centralmedia.rs\/index.php\/wp-json\/wp\/v2\/categories?post=28780"},{"taxonomy":"post_tag","embeddable":true,"href":"https:\/\/centralmedia.rs\/index.php\/wp-json\/wp\/v2\/tags?post=28780"}],"curies":[{"name":"wp","href":"https:\/\/api.w.org\/{rel}","templated":true}]}}