{"id":28805,"date":"2021-10-24T16:24:04","date_gmt":"2021-10-24T14:24:04","guid":{"rendered":"http:\/\/centralmedia.rs\/?p=28805"},"modified":"2022-01-04T17:30:25","modified_gmt":"2022-01-04T16:30:25","slug":"palma-na-pijaci-u-hurgadi-sekao-i-prodavao-meso","status":"publish","type":"post","link":"https:\/\/centralmedia.rs\/index.php\/2021\/10\/24\/palma-na-pijaci-u-hurgadi-sekao-i-prodavao-meso\/","title":{"rendered":"PALMA NA PIJACI U HURGADI SEKAO I PRODAVAO MESO"},"content":{"rendered":"<p>Predsednik Jedinstvene Srbije Dragan Markovi\u0107 Palma, koji je i \u0161ef srpske delegacije u poseti Hurgadi u Egiptu danas je obi\u0161ao najve\u0107u pijacu u Hurgadi, koja je tipicna arapska pijaca koja obiluje tropskim vo\u0107em i povr\u0107em i mesom, jagnje\u0107im i gove\u0111im. Markovi\u0107 je na jednoj tezgi u svom stilu sekao i &#8220;prodao&#8221; meso jednom poznatom ugostitelju iz Jagodine, koji je \u010dlan na\u0161e delegacije. Inace kilogram jagnje\u0107eg mesa u Hurgadi kosta oko 600 dinara prera\u010dunato u na\u0161u valutu.<\/p>\n<div id='gallery-1' class='gallery galleryid-28805 gallery-columns-3 gallery-size-thumbnail'><figure class='gallery-item'>\n\t\t\t<div class='gallery-icon landscape'>\n\t\t\t\t<a href='https:\/\/centralmedia.rs\/index.php\/2021\/10\/24\/palma-na-pijaci-u-hurgadi-sekao-i-prodavao-meso\/hurgada\/'><img loading=\"lazy\" decoding=\"async\" width=\"150\" height=\"150\" src=\"https:\/\/centralmedia.rs\/wp-content\/uploads\/2021\/10\/hurgada-150x150.jpg\" class=\"attachment-thumbnail size-thumbnail\" alt=\"\" \/><\/a>\n\t\t\t<\/div><\/figure><figure class='gallery-item'>\n\t\t\t<div class='gallery-icon landscape'>\n\t\t\t\t<a href='https:\/\/centralmedia.rs\/index.php\/2021\/10\/24\/palma-na-pijaci-u-hurgadi-sekao-i-prodavao-meso\/hurgada1\/'><img loading=\"lazy\" decoding=\"async\" width=\"150\" height=\"150\" src=\"https:\/\/centralmedia.rs\/wp-content\/uploads\/2021\/10\/hurgada1-150x150.jpg\" class=\"attachment-thumbnail size-thumbnail\" alt=\"\" \/><\/a>\n\t\t\t<\/div><\/figure><figure class='gallery-item'>\n\t\t\t<div class='gallery-icon landscape'>\n\t\t\t\t<a href='https:\/\/centralmedia.rs\/index.php\/2021\/10\/24\/palma-na-pijaci-u-hurgadi-sekao-i-prodavao-meso\/hurgada3\/'><img loading=\"lazy\" decoding=\"async\" width=\"150\" height=\"150\" src=\"https:\/\/centralmedia.rs\/wp-content\/uploads\/2021\/10\/hurgada3-150x150.jpg\" class=\"attachment-thumbnail size-thumbnail\" alt=\"\" \/><\/a>\n\t\t\t<\/div><\/figure>\n\t\t<\/div>\n\n","protected":false},"excerpt":{"rendered":"<p>Predsednik Jedinstvene Srbije Dragan Markovi\u0107 Palma, koji je i \u0161ef srpske delegacije u poseti Hurgadi u Egiptu danas je obi\u0161ao najve\u0107u pijacu u Hurgadi, koja &hellip; <\/p>\n","protected":false},"author":2,"featured_media":28806,"comment_status":"open","ping_status":"open","sticky":false,"template":"","format":"standard","meta":{"footnotes":""},"categories":[1524,2,5643,1514,13,887,12],"tags":[3532,3513,3644,120],"_links":{"self":[{"href":"https:\/\/centralmedia.rs\/index.php\/wp-json\/wp\/v2\/posts\/28805"}],"collection":[{"href":"https:\/\/centralmedia.rs\/index.php\/wp-json\/wp\/v2\/posts"}],"about":[{"href":"https:\/\/centralmedia.rs\/index.php\/wp-json\/wp\/v2\/types\/post"}],"author":[{"embeddable":true,"href":"https:\/\/centralmedia.rs\/index.php\/wp-json\/wp\/v2\/users\/2"}],"replies":[{"embeddable":true,"href":"https:\/\/centralmedia.rs\/index.php\/wp-json\/wp\/v2\/comments?post=28805"}],"version-history":[{"count":1,"href":"https:\/\/centralmedia.rs\/index.php\/wp-json\/wp\/v2\/posts\/28805\/revisions"}],"predecessor-version":[{"id":28810,"href":"https:\/\/centralmedia.rs\/index.php\/wp-json\/wp\/v2\/posts\/28805\/revisions\/28810"}],"wp:featuredmedia":[{"embeddable":true,"href":"https:\/\/centralmedia.rs\/index.php\/wp-json\/wp\/v2\/media\/28806"}],"wp:attachment":[{"href":"https:\/\/centralmedia.rs\/index.php\/wp-json\/wp\/v2\/media?parent=28805"}],"wp:term":[{"taxonomy":"category","embeddable":true,"href":"https:\/\/centralmedia.rs\/index.php\/wp-json\/wp\/v2\/categories?post=28805"},{"taxonomy":"post_tag","embeddable":true,"href":"https:\/\/centralmedia.rs\/index.php\/wp-json\/wp\/v2\/tags?post=28805"}],"curies":[{"name":"wp","href":"https:\/\/api.w.org\/{rel}","templated":true}]}}