{"id":28813,"date":"2021-10-25T12:04:54","date_gmt":"2021-10-25T10:04:54","guid":{"rendered":"http:\/\/centralmedia.rs\/?p=28813"},"modified":"2021-10-30T10:28:15","modified_gmt":"2021-10-30T08:28:15","slug":"odrzana-deseta-sednica-skupstine-opstine-svilajnac","status":"publish","type":"post","link":"https:\/\/centralmedia.rs\/index.php\/2021\/10\/25\/odrzana-deseta-sednica-skupstine-opstine-svilajnac\/","title":{"rendered":"ODR\u017dANA DESETA SEDNICA SKUP\u0160TINE OP\u0160TINE SVILAJNAC"},"content":{"rendered":"<p>SVILAJNAC-Deseta sednica Skup\u0161tine op\u0161tine Svilajnac, odr\u017eana danas u renoviranoj skup\u0161tinskoj sali, imala je 22 ta\u010dke dnevnog reda, a prisustvovalo joj je 40 odbornika. Novi predsednik Skup\u0161tine op\u0161tine Svilajnac, izabran iz redova odbornika ve\u0107inom od 38 glasova, je dr Darko Jevti\u0107, specijalista fizikalne medicine iz Svilajnca.<\/p>\n<div id='gallery-1' class='gallery galleryid-28813 gallery-columns-3 gallery-size-thumbnail'><figure class='gallery-item'>\n\t\t\t<div class='gallery-icon landscape'>\n\t\t\t\t<a href='https:\/\/centralmedia.rs\/index.php\/2021\/10\/25\/odrzana-deseta-sednica-skupstine-opstine-svilajnac\/sednica-5\/'><img loading=\"lazy\" decoding=\"async\" width=\"150\" height=\"150\" src=\"https:\/\/centralmedia.rs\/wp-content\/uploads\/2021\/10\/sednica-150x150.jpg\" class=\"attachment-thumbnail size-thumbnail\" alt=\"\" \/><\/a>\n\t\t\t<\/div><\/figure><figure class='gallery-item'>\n\t\t\t<div class='gallery-icon landscape'>\n\t\t\t\t<a href='https:\/\/centralmedia.rs\/index.php\/2021\/10\/25\/odrzana-deseta-sednica-skupstine-opstine-svilajnac\/sednica1\/'><img loading=\"lazy\" decoding=\"async\" width=\"150\" height=\"150\" src=\"https:\/\/centralmedia.rs\/wp-content\/uploads\/2021\/10\/sednica1-150x150.jpg\" class=\"attachment-thumbnail size-thumbnail\" alt=\"\" \/><\/a>\n\t\t\t<\/div><\/figure><figure class='gallery-item'>\n\t\t\t<div class='gallery-icon landscape'>\n\t\t\t\t<a href='https:\/\/centralmedia.rs\/index.php\/2021\/10\/25\/odrzana-deseta-sednica-skupstine-opstine-svilajnac\/sednica2-2\/'><img loading=\"lazy\" decoding=\"async\" width=\"150\" height=\"150\" src=\"https:\/\/centralmedia.rs\/wp-content\/uploads\/2021\/10\/sednica2-150x150.jpg\" class=\"attachment-thumbnail size-thumbnail\" alt=\"\" \/><\/a>\n\t\t\t<\/div><\/figure>\n\t\t<\/div>\n\n<p>Potvr\u0111eni su mandati za \u010detiri nova odbornika, a to su Dragan Todorovi\u0107, poljoprivrednik iz Dublja, Marija Anti\u0107, profesor razredne nastave iz Grabovca, Ivan Arsenijevi\u0107, poljoprivredni tehni\u010dar iz Ro\u0107evca ispred liste \u201ePredrag Milanovi\u0107 &#8211; Svilajnac \u010duva budu\u0107nost\u201c i Sr\u0111an Petrovi\u0107, metalostrugar iz Vojske ispred liste \u201eAleksandar Vu\u010di\u0107 &#8211; Za na\u0161u decu\u201c. Odborni\u010dka grupa \u201eNova snaga Svilajnca\u201c prestala je da postoji jer su tri odbornika ove grupe, Ivana Ojdani\u0107, Sne\u017eana Pe\u0161i\u0107 i Igor Damnjanovi\u0107, pristupila odborni\u010dkoj grupi \u201eAleksandar Vu\u010di\u0107 &#8211; Za na\u0161u decu\u201c. Na mesto sekretara SO Svilajnac postavljen je Du\u0161an Radevi\u0107, diplomirani pravnik iz Svilajnca.<\/p>\n<p>Jedna od glavnih ta\u010daka dnevnog reda bila je Odluka o pristupanju izradi prve izmene i dopune Plana detaljne regulacije za podru\u010dje novog mosta preko Velike Morave sa pristupnim saobra\u0107ajnicama i delom gradske obilaznice u Svilajncu. Zahvaljuju\u0107i odluci Vlade Republike Srbije i resornih ministarstava realizova\u0107e se kapitalan projekat kojim je planirano da se izgradi moderna obilaznica oko Svilajnca sa tri nova mosta, jedan preko Velike Morave i dva preko Resave. Na ovaj na\u010din re\u0161io bi se vi\u0161edecenijski problem gra\u0111ana na\u0161e op\u0161tine, istakao je u obra\u0107anju predsednik op\u0161tine Svilajnac Predrag Milanovi\u0107.<\/p>\n<p>Na kraju sednice predsednik Predrag Milanovi\u0107 govorio je o ostvarenim rezultatima izme\u0111u dve sednice, gde je kao najva\u017eniji doga\u0111aj istakao posetu predesdnika Republike Aleksandra Vu\u010di\u0107a op\u0161tini Svilajnac, koji je prisustvovao otvaranju nove kompanije \u201cRegent\u201d u industrijskoj zoni Veliko Polje i tom prilikom najavio jo\u0161 nekoliko velikih infrastrukturnih projekata u Svilajncu.<\/p>\n","protected":false},"excerpt":{"rendered":"<p>SVILAJNAC-Deseta sednica Skup\u0161tine op\u0161tine Svilajnac, odr\u017eana danas u renoviranoj skup\u0161tinskoj sali, imala je 22 ta\u010dke dnevnog reda, a prisustvovalo joj je 40 odbornika. Novi predsednik &hellip; <\/p>\n","protected":false},"author":2,"featured_media":28814,"comment_status":"open","ping_status":"open","sticky":false,"template":"","format":"standard","meta":{"footnotes":""},"categories":[1524,2,13,887,12,1517],"tags":[2823,1233],"_links":{"self":[{"href":"https:\/\/centralmedia.rs\/index.php\/wp-json\/wp\/v2\/posts\/28813"}],"collection":[{"href":"https:\/\/centralmedia.rs\/index.php\/wp-json\/wp\/v2\/posts"}],"about":[{"href":"https:\/\/centralmedia.rs\/index.php\/wp-json\/wp\/v2\/types\/post"}],"author":[{"embeddable":true,"href":"https:\/\/centralmedia.rs\/index.php\/wp-json\/wp\/v2\/users\/2"}],"replies":[{"embeddable":true,"href":"https:\/\/centralmedia.rs\/index.php\/wp-json\/wp\/v2\/comments?post=28813"}],"version-history":[{"count":1,"href":"https:\/\/centralmedia.rs\/index.php\/wp-json\/wp\/v2\/posts\/28813\/revisions"}],"predecessor-version":[{"id":28818,"href":"https:\/\/centralmedia.rs\/index.php\/wp-json\/wp\/v2\/posts\/28813\/revisions\/28818"}],"wp:featuredmedia":[{"embeddable":true,"href":"https:\/\/centralmedia.rs\/index.php\/wp-json\/wp\/v2\/media\/28814"}],"wp:attachment":[{"href":"https:\/\/centralmedia.rs\/index.php\/wp-json\/wp\/v2\/media?parent=28813"}],"wp:term":[{"taxonomy":"category","embeddable":true,"href":"https:\/\/centralmedia.rs\/index.php\/wp-json\/wp\/v2\/categories?post=28813"},{"taxonomy":"post_tag","embeddable":true,"href":"https:\/\/centralmedia.rs\/index.php\/wp-json\/wp\/v2\/tags?post=28813"}],"curies":[{"name":"wp","href":"https:\/\/api.w.org\/{rel}","templated":true}]}}