{"id":28819,"date":"2021-10-25T13:15:55","date_gmt":"2021-10-25T11:15:55","guid":{"rendered":"http:\/\/centralmedia.rs\/?p=28819"},"modified":"2022-01-04T17:30:17","modified_gmt":"2022-01-04T16:30:17","slug":"dan-oslobodenja-jagodine-u-prvom-svetskom-ratu","status":"publish","type":"post","link":"https:\/\/centralmedia.rs\/index.php\/2021\/10\/25\/dan-oslobodenja-jagodine-u-prvom-svetskom-ratu\/","title":{"rendered":"Dan oslobo\u0111enja Jagodine u Prvom svetskom ratu"},"content":{"rendered":"<p>JAGODINA-Pre 103. godine, 25. oktobra 1918., oslobo\u0111ena je Jagodina u Prvom svetskom ratu. Tada\u0161nja Jagodina odu\u017eila se oslobodiocima podizanjem Spomenika poginulima u oslobodila\u010dkim ratovima Srbije od 1912. do 1918. godine. Mnogobrojni su spomenici poginulima \u00a0po jagodinskim selima. Jagodina i Jagodinci ovaj dan moraju slave i da obele\u017eavaju zauvek.Danas se ovaj datum srame\u017eljivo obele\u017eava, uz po neki venac i cvet, a ranije dugih sedam decenija nije ni postojao u kalendarima vlasti i udru\u017eenja partizana.<\/p>\n<p>Jagodina je posle trogodi\u0161nje okupacije Austougarske oslobo\u0111ena u Prvom svetskom ratu. Od proboja Solunskog fronta do bitke za Kajmak\u010dalan 30. septembra 1918. Srpska vojska je u strahovitom juri\u0161u porazila Bugare i Austrougare. Posle 25 dana u Jagodinu je prvi u\u0161ao zapovednik konji\u010dke jedinice dunavske divizije Du\u0161an Dodi\u0107 iz Trstenika. Oktobar 1918. godine ozna\u010dava zavr\u0161etak \u00a0velike Srpske istorijske epohe i po\u010detak najve\u0107ih zabluda u Srba u 20. veku jugoslovenstva i ideologije komunizma, kojom je zamenjeno hri\u0161\u0107anstvo i Svetosavlje. Prvi svetski rat je odneo vi\u0161e od polovine mu\u0161ke populacije u Srbiji, a nastupaju\u0107e decenije 20. veka odne\u0107e jo\u0161 toliko Srba na teritorijama sada\u0161nje Hrvatske i BIH, odnosno NDH, kao i Crne Gore i Kosova i Metohije.<\/p>\n<p>Umesto da Prvi svetski rat, koji je bio veli\u010danstvena \u00a0vojni\u010dka i politi\u010dka pobeda Srbije, bude zalog za oslobo\u0111enje svih Srba sa njihovih vekovnih teritorija na Balkanu i njihov \u017eivot pod jedan dr\u017eavni krov, prilika je pru\u017eena eksperimentu i stvorena je \u00a0Kraljevina Srba, Hrvata i Slovenaca, kasnije Kraljevina Jugoslavija i SFRJ. Dr\u017eava u kojoj su prava Srba ga\u017eena kako se kojoj vlasti htelo do otvorenog genocida, naro\u010dito komunistima koji nisu bili ni\u0161ta razli\u010ditiji od Hrvata-usta\u0161a.<\/p>\n<p>Dan oslobo\u0111enja u Prvom svetskom ratu, obele\u017eili i gra\u0111ani \u0106uprije, dok je Para\u0107in oslobo\u0111en 23. oktobra, Rekovac 24, a 26. i 27. oktobra Despotovac i Svilajnac.<\/p>\n","protected":false},"excerpt":{"rendered":"<p>JAGODINA-Pre 103. godine, 25. oktobra 1918., oslobo\u0111ena je Jagodina u Prvom svetskom ratu. Tada\u0161nja Jagodina odu\u017eila se oslobodiocima podizanjem Spomenika poginulima u oslobodila\u010dkim ratovima Srbije &hellip; <\/p>\n","protected":false},"author":2,"featured_media":28820,"comment_status":"open","ping_status":"open","sticky":false,"template":"","format":"standard","meta":{"footnotes":""},"categories":[14,1524,2,5643,1514,887,12],"tags":[58,3217,2431],"_links":{"self":[{"href":"https:\/\/centralmedia.rs\/index.php\/wp-json\/wp\/v2\/posts\/28819"}],"collection":[{"href":"https:\/\/centralmedia.rs\/index.php\/wp-json\/wp\/v2\/posts"}],"about":[{"href":"https:\/\/centralmedia.rs\/index.php\/wp-json\/wp\/v2\/types\/post"}],"author":[{"embeddable":true,"href":"https:\/\/centralmedia.rs\/index.php\/wp-json\/wp\/v2\/users\/2"}],"replies":[{"embeddable":true,"href":"https:\/\/centralmedia.rs\/index.php\/wp-json\/wp\/v2\/comments?post=28819"}],"version-history":[{"count":3,"href":"https:\/\/centralmedia.rs\/index.php\/wp-json\/wp\/v2\/posts\/28819\/revisions"}],"predecessor-version":[{"id":28823,"href":"https:\/\/centralmedia.rs\/index.php\/wp-json\/wp\/v2\/posts\/28819\/revisions\/28823"}],"wp:featuredmedia":[{"embeddable":true,"href":"https:\/\/centralmedia.rs\/index.php\/wp-json\/wp\/v2\/media\/28820"}],"wp:attachment":[{"href":"https:\/\/centralmedia.rs\/index.php\/wp-json\/wp\/v2\/media?parent=28819"}],"wp:term":[{"taxonomy":"category","embeddable":true,"href":"https:\/\/centralmedia.rs\/index.php\/wp-json\/wp\/v2\/categories?post=28819"},{"taxonomy":"post_tag","embeddable":true,"href":"https:\/\/centralmedia.rs\/index.php\/wp-json\/wp\/v2\/tags?post=28819"}],"curies":[{"name":"wp","href":"https:\/\/api.w.org\/{rel}","templated":true}]}}