{"id":2882,"date":"2016-04-23T15:12:20","date_gmt":"2016-04-23T15:12:20","guid":{"rendered":"http:\/\/centralmedia.rs\/?p=2882"},"modified":"2016-04-23T15:12:41","modified_gmt":"2016-04-23T15:12:41","slug":"ravanica-dobija-novo-rukovodstvo","status":"publish","type":"post","link":"https:\/\/centralmedia.rs\/index.php\/2016\/04\/23\/ravanica-dobija-novo-rukovodstvo\/","title":{"rendered":"RAVANICA DOBIJA NOVO RUKOVODSTVO"},"content":{"rendered":"<p>\u0106UPRIJA- Vlada Srbije u ponedeljak \u0107e na sednici doneti odluku o novom rukovodstvu dr\u017eavnog preduze\u0107a Ravanica iz \u0106uprije, najavljeno je iz Op\u0161tine \u0106uprija . To preduze\u0107e bavi se konditorskom proizvodnjom. Predhodno je vladin Odbor za privredu je predlo\u017eio imenovanje direktora i Upravnog odbora preduze\u0107a.<br \/>\n\t-Stekli su se uslovi da se posle 20 godina u\u0111e u Ravanicu. Radnici treba da budu sre\u0107ni, jer \u0107e dr\u017eava preuzeti odgovornost za vo\u0111enje preduze\u0107a. U predhodnom periodu Ravanica je lo\u0161e poslovala, smanjen je broj radnika, smanjeni su prihodi. Ovo je pozitivna informacija za sve zaposlene. Sva preduze\u0107a koja su u postupku privatizacije moraju da budu privatizovana do juna 2016 godine. Bori\u0107emo se za Ravanicu i zaposlene, saop\u0161teno je iz te op\u0161tine.<br \/>\nOdlukom Vlade Srbije od 30. decembra pro\u0161le godine dru\u0161tveno preduze\u0107e \u201eRavanica\u201c postalo je dr\u017eavno preduze\u0107e. Ministarstvo privrede uradilo je novi osniva\u010dki akt na koji su pozitivna mi\u0161ljenja dali Ministarstvo finansija, Ministarstvo poljoprivrede i Odbor za zakonodavstvo. Odbor za privredu Vlade Republike Srbije, u \u010detvrtak 21. aprila, jednoglasno je dao pozitivno mi\u0161ljenje na osniva\u010dki akt preduze\u0107a, \u010dime su se stvorili uslovi da na prvoj slede\u0107oj sednici Vlade, koja \u0107e biti odr\u017eana u ponedeljak, \u201eRavanica\u201c dobije novo rukovodstvo.<\/p>\n","protected":false},"excerpt":{"rendered":"<p>\u0106UPRIJA- Vlada Srbije u ponedeljak \u0107e na sednici doneti odluku o novom rukovodstvu dr\u017eavnog preduze\u0107a Ravanica iz \u0106uprije, najavljeno je iz Op\u0161tine \u0106uprija . To &hellip; <\/p>\n","protected":false},"author":4,"featured_media":2883,"comment_status":"open","ping_status":"open","sticky":false,"template":"","format":"standard","meta":{"footnotes":""},"categories":[22,2,12],"tags":[44,741,386],"_links":{"self":[{"href":"https:\/\/centralmedia.rs\/index.php\/wp-json\/wp\/v2\/posts\/2882"}],"collection":[{"href":"https:\/\/centralmedia.rs\/index.php\/wp-json\/wp\/v2\/posts"}],"about":[{"href":"https:\/\/centralmedia.rs\/index.php\/wp-json\/wp\/v2\/types\/post"}],"author":[{"embeddable":true,"href":"https:\/\/centralmedia.rs\/index.php\/wp-json\/wp\/v2\/users\/4"}],"replies":[{"embeddable":true,"href":"https:\/\/centralmedia.rs\/index.php\/wp-json\/wp\/v2\/comments?post=2882"}],"version-history":[{"count":0,"href":"https:\/\/centralmedia.rs\/index.php\/wp-json\/wp\/v2\/posts\/2882\/revisions"}],"wp:featuredmedia":[{"embeddable":true,"href":"https:\/\/centralmedia.rs\/index.php\/wp-json\/wp\/v2\/media\/2883"}],"wp:attachment":[{"href":"https:\/\/centralmedia.rs\/index.php\/wp-json\/wp\/v2\/media?parent=2882"}],"wp:term":[{"taxonomy":"category","embeddable":true,"href":"https:\/\/centralmedia.rs\/index.php\/wp-json\/wp\/v2\/categories?post=2882"},{"taxonomy":"post_tag","embeddable":true,"href":"https:\/\/centralmedia.rs\/index.php\/wp-json\/wp\/v2\/tags?post=2882"}],"curies":[{"name":"wp","href":"https:\/\/api.w.org\/{rel}","templated":true}]}}