{"id":28828,"date":"2021-10-26T19:01:34","date_gmt":"2021-10-26T17:01:34","guid":{"rendered":"http:\/\/centralmedia.rs\/?p=28828"},"modified":"2022-01-04T17:30:03","modified_gmt":"2022-01-04T16:30:03","slug":"novak-dokovic-fondacija-i-the-human-safety-net-otvorili-centar-za-roditelje-u-jagodini","status":"publish","type":"post","link":"https:\/\/centralmedia.rs\/index.php\/2021\/10\/26\/novak-dokovic-fondacija-i-the-human-safety-net-otvorili-centar-za-roditelje-u-jagodini\/","title":{"rendered":"Novak \u0110okovi\u0107 Fondacija i The Human Safety Net otvorili Centar za roditelje u Jagodini"},"content":{"rendered":"<p>Jagodina-U okviru programa \u201ePodr\u0161ka, NE perfekcija\u201c (PNP) Novak \u0110okovi\u0107 Fondacija danas je u Jagodini otvorila Centar za roditelje pri PU \u201ePionir\u201c. Centri, u kojima \u0107e se odr\u017eavati PNP radionice vo\u0111ene od strane obu\u010denih facilitatora, predstavljaju jedinstven projekat koji se u Srbiji realizuje po prvi put. Svrha centara je da se roditelji i staratelji dece uzrasta do 6 godina dodatno osna\u017ee kako bi se \u0161to bolje starali o svojoj deci i stvorili mre\u017eu me\u0111usobne podr\u0161ke. Sredstva su obezbe\u0111ena od strane projekta \u201ePro\u0161iri uticaj\u201c, inovativne vi\u0161egodi\u0161nje strategije The Human Safety Net-a koja za cilj ima \u0161irenje dru\u0161tvenog uticaja na najugro\u017eenije porodice i odgovorne preduzetnike.<\/p>\n<div id='gallery-1' class='gallery galleryid-28828 gallery-columns-3 gallery-size-thumbnail'><figure class='gallery-item'>\n\t\t\t<div class='gallery-icon landscape'>\n\t\t\t\t<a href='https:\/\/centralmedia.rs\/index.php\/2021\/10\/26\/novak-dokovic-fondacija-i-the-human-safety-net-otvorili-centar-za-roditelje-u-jagodini\/ndf-centar-za-roditelje-jagodina-2-fotoa-dalibor-danilovic\/'><img loading=\"lazy\" decoding=\"async\" width=\"150\" height=\"150\" src=\"https:\/\/centralmedia.rs\/wp-content\/uploads\/2021\/10\/NDF-Centar-za-roditelje-Jagodina-2-fotoa-Dalibor-Danilovi\u0107-150x150.jpg\" class=\"attachment-thumbnail size-thumbnail\" alt=\"\" \/><\/a>\n\t\t\t<\/div><\/figure><figure class='gallery-item'>\n\t\t\t<div class='gallery-icon landscape'>\n\t\t\t\t<a href='https:\/\/centralmedia.rs\/index.php\/2021\/10\/26\/novak-dokovic-fondacija-i-the-human-safety-net-otvorili-centar-za-roditelje-u-jagodini\/ndf-centar-za-roditelje-jagodina-3-foto-dalibor-danilovic\/'><img loading=\"lazy\" decoding=\"async\" width=\"150\" height=\"150\" src=\"https:\/\/centralmedia.rs\/wp-content\/uploads\/2021\/10\/NDF-Centar-za-roditelje-Jagodina-3-foto-Dalibor-Danilovi\u0107-150x150.jpg\" class=\"attachment-thumbnail size-thumbnail\" alt=\"\" \/><\/a>\n\t\t\t<\/div><\/figure><figure class='gallery-item'>\n\t\t\t<div class='gallery-icon landscape'>\n\t\t\t\t<a href='https:\/\/centralmedia.rs\/index.php\/2021\/10\/26\/novak-dokovic-fondacija-i-the-human-safety-net-otvorili-centar-za-roditelje-u-jagodini\/ndf-centar-za-roditelje-jagodina-foto-dalibor-danilovic\/'><img loading=\"lazy\" decoding=\"async\" width=\"150\" height=\"150\" src=\"https:\/\/centralmedia.rs\/wp-content\/uploads\/2021\/10\/NDF-Centar-za-roditelje-Jagodina-foto-Dalibor-Danilovi\u0107-150x150.jpg\" class=\"attachment-thumbnail size-thumbnail\" alt=\"\" \/><\/a>\n\t\t\t<\/div><\/figure>\n\t\t<\/div>\n\n<p>Planirano je da tokom 2021. i 2022. \u0161irom Srbije bude otvoreno 15 ovakvih centara.<\/p>\n<p>\u201eSre\u0107ni smo \u0161to smo danas u Jagodini, uz nesebi\u010dnu podr\u0161ku na\u0161ih dugogodi\u0161njih partnera iz Generali osiguranja Srbija, otvorili na\u0161 \u0161esti Centar za roditelje. Kroz ovaj centar nastavljamo da osna\u017eujemo roditelje i staratelje u njihovoj najva\u017enijoj \u017eivotnoj ulozi, i radujemo se novim licima, pri\u010dama i prijateljstvima iz radionica centara poput ovog u Jagodini,\u201c izjavila je ovim povodom Maja Kremi\u0107, nacionalna direktorka Novak \u0110okovi\u0107 Fondacije.<\/p>\n<p>\u201ePodr\u0161ka, toplina, iskrenost, neposrednost i me\u0111usobno uva\u017eavanje su nose\u0107e vrednosti na\u0161ih radionica i prirode odnosa sa roditeljima ostvarenih kroz njihov rad. Od 2017. godine, radionice programa predstavljaju mesto susretanja roditelja i staratelja, gde se razmenjuju li\u010dna iskustva i stvara mre\u017ea podr\u0161le. Diskutuju\u0107i o razli\u010ditim temama, poput discipline, neprihvatljivog pona\u0161anja i upravljanja ose\u0107anjima, oni ja\u010daju svoje kapacitete kako bi izgradili konstruktivniji i podsticajniji odnos sa svojom decom,\u201d istakla je Smiljana Gruji\u0107, glavna programska menad\u017eerka Novak \u0110okovi\u0107 Fondacije.<\/p>\n<p>\u201eU okviru The Human Safety Net \u2013\u00a0 globalne inicijative Generali grupe, ve\u0107 tri godine podr\u017eavamo rad na\u0161eg partnera Novak \u0110okovi\u0107 Fondacije i njen program \u201ePodr\u0161ka, NE perfekcija\u201c. Dodatna sredstva omogu\u0107i\u0107e nam da, kroz Centre za roditelje, damo podr\u0161ku jo\u0161 ve\u0107em broju roditelja i staratelja \u0161irom zemlje, pru\u017eimo im stru\u010dnu pomo\u0107, ali i mesto na kojem \u0107e mo\u0107i da razmene iskustva i izazove sa kojima se svakodnevno susre\u0107u. Verujemo da \u0107emo edukacijom i osna\u017eivanjem roditelja i staratelja deci obezbediti sre\u0107nije odrastanje i bolje \u0161anse za budu\u0107nost,\u201c dodala je Nata\u0161a Sorinkanovi\u0107, mentor u \u017eivotnom osiguranju Generali osiguranja Srbija.<\/p>\n<p>\u201eSa Novak \u0110okovi\u0107 Fondacijom, Generali Osiguranjem Srbija i The Human Safety Net-om ve\u0107 tri godine sara\u0111ujemo na programu \u201ePodr\u0161ka, NE perfekcija\u201c. Program obuhvata edukaciju roditelja sa ciljem pobolj\u0161anja njihovih kompetencija kroz vaspitanje uskla\u0111eno sa najboljim dobrobitima i interesima dece. Utisci roditelja koji su do sada poha\u0111ali program su vi\u0161e nego pozitivni, zato \u0161to su dobili konkretna i prakti\u010dna znanja koja nisu korisna samo porodicama, ve\u0107 imaju i ve\u0107i zna\u010daj kao pozitivna promena roditelja u odnosima i komunikaciji na \u0161irem nivou. Jo\u0161 jednom: Veliko HVALA u ime sve \u201ePionirove\u201c dece, roditelja i zaposlenih,\u201c zaklju\u010dila je Violeta Nikoli\u0107, direktorka PU \u201ePionir\u201d.<\/p>\n<p>Planirano je da program \u201ePodr\u0161ka, NE perfekcija\u201d do kraja 2023. godine obuhvati jo\u0161 2800 roditelja i skoro 5600 dece, uz blisku saradnju sa dr\u017eavnom i lokalnom upravom.<\/p>\n","protected":false},"excerpt":{"rendered":"<p>Jagodina-U okviru programa \u201ePodr\u0161ka, NE perfekcija\u201c (PNP) Novak \u0110okovi\u0107 Fondacija danas je u Jagodini otvorila Centar za roditelje pri PU \u201ePionir\u201c. Centri, u kojima \u0107e &hellip; <\/p>\n","protected":false},"author":2,"featured_media":28829,"comment_status":"open","ping_status":"open","sticky":false,"template":"","format":"standard","meta":{"footnotes":""},"categories":[33,1524,2,1514,5643,23,887],"tags":[5499,378,58,4963],"_links":{"self":[{"href":"https:\/\/centralmedia.rs\/index.php\/wp-json\/wp\/v2\/posts\/28828"}],"collection":[{"href":"https:\/\/centralmedia.rs\/index.php\/wp-json\/wp\/v2\/posts"}],"about":[{"href":"https:\/\/centralmedia.rs\/index.php\/wp-json\/wp\/v2\/types\/post"}],"author":[{"embeddable":true,"href":"https:\/\/centralmedia.rs\/index.php\/wp-json\/wp\/v2\/users\/2"}],"replies":[{"embeddable":true,"href":"https:\/\/centralmedia.rs\/index.php\/wp-json\/wp\/v2\/comments?post=28828"}],"version-history":[{"count":1,"href":"https:\/\/centralmedia.rs\/index.php\/wp-json\/wp\/v2\/posts\/28828\/revisions"}],"predecessor-version":[{"id":28832,"href":"https:\/\/centralmedia.rs\/index.php\/wp-json\/wp\/v2\/posts\/28828\/revisions\/28832"}],"wp:featuredmedia":[{"embeddable":true,"href":"https:\/\/centralmedia.rs\/index.php\/wp-json\/wp\/v2\/media\/28829"}],"wp:attachment":[{"href":"https:\/\/centralmedia.rs\/index.php\/wp-json\/wp\/v2\/media?parent=28828"}],"wp:term":[{"taxonomy":"category","embeddable":true,"href":"https:\/\/centralmedia.rs\/index.php\/wp-json\/wp\/v2\/categories?post=28828"},{"taxonomy":"post_tag","embeddable":true,"href":"https:\/\/centralmedia.rs\/index.php\/wp-json\/wp\/v2\/tags?post=28828"}],"curies":[{"name":"wp","href":"https:\/\/api.w.org\/{rel}","templated":true}]}}